{"id":155150,"date":"2025-12-17T02:13:11","date_gmt":"2025-12-17T02:13:11","guid":{"rendered":"https:\/\/www.europesays.com\/pl\/155150\/"},"modified":"2025-12-17T02:13:11","modified_gmt":"2025-12-17T02:13:11","slug":"rosja-coraz-bardziej-testuje-granice-kraje-wschodniej-flanki-zadaja-od-ue-solidarnosci-to-nasz-wspolny-obowiazek","status":"publish","type":"post","link":"https:\/\/www.europesays.com\/pl\/155150\/","title":{"rendered":"Rosja coraz bardziej testuje granice. Kraje wschodniej flanki \u017c\u0105daj\u0105 od UE solidarno\u015bci. &#8222;To nasz wsp\u00f3lny obowi\u0105zek&#8221;"},"content":{"rendered":"<p>\u2014 Wzmocnienie wschodniej flanki Europy musi sta\u0107 si\u0119 wsp\u00f3lnym obowi\u0105zkiem Europy \u2014 powiedzia\u0142 w poniedzia\u0142ek premier Estonii Kristen Michal.<\/p>\n<p>Pierwszy tego rodzaju szczyt, zainicjowany przez fi\u0144skiego premiera Petteriego Orpo, podkre\u015bla rosn\u0105cy niepok\u00f3j w\u015br\u00f3d kraj\u00f3w tzw. wschodniej flanki UE w zwi\u0105zku z coraz bardziej zuchwa\u0142ymi dzia\u0142aniami Rosji, maj\u0105cymi na celu testowanie ich system\u00f3w obronnych i wywo\u0142anie paniki w\u015br\u00f3d ludno\u015bci.<\/p>\n<p>W ostatnich miesi\u0105cach Rosja wys\u0142a\u0142a my\u015bliwce <a href=\"https:\/\/wiadomosci.onet.pl\/swiat\/rosyjskie-mysliwce-naruszyly-przestrzen-estonii-brutalne-i-bezprecedensowe\/e4x44b5\" id=\"7058c9e5-b658-442a-98ae-53d5ff804167\" rel=\"nofollow noopener\" target=\"_blank\">do esto\u0144skiej przestrzeni powietrznej<\/a> oraz dziesi\u0105tki dron\u00f3w w g\u0142\u0105b terytorium Polski i Rumunii. Jej sojusznik, Bia\u0142oru\u015b, wielokrotnie parali\u017cowa\u0142 ruch lotniczy na Litwie, pozwalaj\u0105c gigantycznym balonom przekracza\u0107 swoje granice. W zesz\u0142ym tygodniu minister spraw zagranicznych Rosji Siergiej \u0141awrow wys\u0142a\u0142 pod adresem Finlandii zawoalowan\u0105 gro\u017ab\u0119, aby wyst\u0105pi\u0142a z NATO.<\/p>\n<p class=\"ods-c-paragraph \">\u2014 Rosja stanowi zagro\u017cenie dla Europy&#8230; w d\u0142u\u017cszej perspektywie \u2014 powiedzia\u0142 Orpo w sobot\u0119 fi\u0144skiemu dziennikowi Helsingin Sanomat. \u2014 W UE zawsze istnieje rywalizacja o zasoby, ale [fundusze na obron\u0119] nie s\u0105 czym\u015b, co komu\u015b si\u0119 odbiera.<\/p>\n<p class=\"ods-c-paragraph \">Wtorkowe spotkanie, w kt\u00f3rym uczestnicz\u0105 Finlandia, Szwecja, Estonia, \u0141otwa, Litwa, Polska, Rumunia i Bu\u0142garia, odbywa si\u0119 w decyduj\u0105cym dla Europy tygodniu. W poniedzia\u0142ek kilku przyw\u00f3dc\u00f3w UE<a href=\"https:\/\/wiadomosci.onet.pl\/swiat\/rozmowy-w-berlinie-o-ukrainie-mamy-piec-celow-dotyczacych-negocjacji\/m9gysmz\" id=\"efad3c85-01a0-440c-8129-9e921011ad42\" rel=\"nofollow noopener\" target=\"_blank\"> spotka\u0142o si\u0119 z przedstawicielami w\u0142adz USA,<\/a> pr\u00f3buj\u0105c wypracowa\u0107 porozumienie pokojowe w Ukrainie. Mia\u0142o ono miejsce zaledwie trzy dni przed ponownym zebraniem si\u0119 wszystkich 27 kraj\u00f3w UE na kluczowym szczycie, kt\u00f3ry zadecyduje o tym, czy odblokuj\u0105 one 210 mld euro (886 mld z\u0142) zamro\u017conych rosyjskich \u015brodk\u00f3w dla Kijowa.<\/p>\n<p>   Sp\u00f3r o fundusze<\/p>\n<p class=\"ods-c-paragraph \">G\u0142\u00f3wnym tematem wtorkowej dyskusji b\u0119dzie odblokowanie \u015brodk\u00f3w finansowych UE.<\/p>\n<p class=\"ods-c-paragraph \">Kraje z pierwszej linii frontu chc\u0105, aby UE &#8222;zaproponowa\u0142a nowe mo\u017cliwo\u015bci finansowe dla kraj\u00f3w granicznych i narz\u0119dzia finansowe oparte na solidarno\u015bci&#8221; \u2014 powiedzia\u0142 jeden z urz\u0119dnik\u00f3w rz\u0105dowych.<\/p>\n<p class=\"ods-c-paragraph \">W ramach projektu bud\u017cetu na lata 2028-2034 Komisja Europejska planuje pi\u0119ciokrotne zwi\u0119kszenie wydatk\u00f3w na obronno\u015b\u0107 do 131 mld euro (552 mld 713 mln z\u0142). Kraje frontowe chcia\u0142yby, aby cz\u0119\u015b\u0107 tych \u015brodk\u00f3w zosta\u0142a przeznaczona dla regionu, przekaza\u0142o dw\u00f3ch urz\u0119dnik\u00f3w rz\u0105dowych. Przes\u0142anie to prawdopodobnie powt\u00f3rz\u0105 podczas czwartkowego szczytu Rady Europejskiej w Brukseli.<\/p>\n<p class=\"ods-c-paragraph \">Ich zdaniem w mi\u0119dzyczasie UE powinna rozwa\u017cy\u0107 wprowadzenie nowych instrument\u00f3w finansowych podobnych do programu po\u017cyczek na zakup broni o warto\u015bci 150 mld euro (632 mld 880 mln z\u0142), zwanego Security Action For Europe (SAFE). Przewodnicz\u0105ca Komisji Europejskiej Ursula von der Leyen powiedzia\u0142a w zesz\u0142ym tygodniu serwisowi POLITICO, \u017ce otrzyma\u0142a pro\u015bby o utworzenie &#8222;drugiego SAFE&#8221; po tym, jak liczba wniosk\u00f3w o udzia\u0142 w pierwszej edycji programu przekroczy\u0142a dost\u0119pne \u015brodki.<\/p>\n<p>   <img decoding=\"async\" src=\"https:\/\/www.europesays.com\/pl\/wp-content\/uploads\/2025\/12\/tiyk9lBaHR0cHM6Ly9vY2RuLmV1L3B1bHNjbXMvTURBXy8xYjBiMDZmNTFhMjg5Y2Q2Y2VhZmRlNzAyOWI4N2MwNy5qcGeRlQLNB.jpeg\" height=\"664\" width=\"940\" alt=\"Premier Estonii Kristen Michal, 28 listopada 2025 r.\" loading=\"lazy\" class=\"ods-c-image__img ods-c-image__img--viewport-width\"\/><\/p>\n<p>Premier Estonii Kristen Michal, 28 listopada 2025 r.Hendrik Schmidt\/dpa \/ AFP<\/p>\n<p class=\"ods-c-paragraph \">Kraje z pierwszej linii frontu chc\u0105 r\u00f3wnie\u017c wesprze\u0107 politycznie dwa nadchodz\u0105ce projekty UE maj\u0105ce na celu wzmocnienie obrony bloku przed dronami i szeroko poj\u0119tej obrony, przekazali dwaj urz\u0119dnicy. Przyw\u00f3dcy UE odm\u00f3wili formalnego poparcia inicjatyw Eastern Flank Watch i European Drone Defense Initiative podczas szczytu w pa\u017adzierniku w obliczu sprzeciwu takich kraj\u00f3w jak W\u0119gry, Francja i Niemcy, kt\u00f3re uzna\u0142y je za nadmiern\u0105 ingerencj\u0119 Brukseli w kwestie obronno\u015bci, poinformowa\u0142o w\u00f3wczas dw\u00f3ch unijnych dyplomat\u00f3w.<\/p>\n<p class=\"ods-c-paragraph \">Wniosek o zarezerwowanie cz\u0119\u015bci bud\u017cetu UE dla konkretnego regionu mo\u017ce r\u00f3wnie\u017c spotka\u0107 si\u0119 ze sprzeciwem innych kraj\u00f3w. Aby obej\u015b\u0107 t\u0119 przeszkod\u0119, kraje wschodniej flanki powinny powi\u0105za\u0107 &#8222;ulepszenia infrastruktury obronnej z og\u00f3lnym rozwojem gospodarczym UE&#8221; \u2014 stwierdzi\u0142 Jamie Shea, starszy pracownik naukowy ds. obronno\u015bci w think tanku Friends of Europe i by\u0142y rzecznik NATO.<\/p>\n<p class=\"ods-c-paragraph \">Jego zdaniem stolice pa\u0144stw z pierwszej linii powinny r\u00f3wnie\u017c rozwa\u017cy\u0107 &#8222;otwarcie [tych projekt\u00f3w infrastrukturalnych] na konkurencyjne przetargi&#8221; dla firm spoza regionu.<\/p>\n<p>R\u00f3\u017cne regiony, r\u00f3\u017cne pogl\u0105dy<\/p>\n<p class=\"ods-c-paragraph \">Pieni\u0105dze nie b\u0119d\u0105 jedyn\u0105 kwesti\u0105 budz\u0105c\u0105 kontrowersje w cieniu wtorkowego spotkania. W ostatnich tygodniach administracja Donalda Trumpa wielokrotnie krytykowa\u0142a Europ\u0119, a prezydent USA nazwa\u0142 przyw\u00f3dc\u00f3w kontynentu &#8222;s\u0142abymi&#8221; <a href=\"https:\/\/wiadomosci.onet.pl\/politico\/donald-trump-europa-ma-wielu-glupich-przywodcow-za-to-polska-wykonala-bardzo-dobra\/lw8s9rl\" id=\"756a6a4b-cdaf-4732-8cd8-74b90f8ef417\" rel=\"nofollow noopener\" target=\"_blank\">w wywiadzie dla POLITICO<\/a>.<\/p>\n<p class=\"ods-c-paragraph \">Kraje takie jak Niemcy i Dania zareagowa\u0142y na rosn\u0105c\u0105 krytyk\u0119 ze strony USA, bezpo\u015brednio odpieraj\u0105c ostatnie zarzuty i formalnie okre\u015blaj\u0105c Waszyngton jako &#8222;zagro\u017cenie dla bezpiecze\u0144stwa&#8221;.<\/p>\n<p class=\"ods-c-paragraph \">Takie podej\u015bcie irytuje jednak kraje z pierwszej linii, kt\u00f3re obawiaj\u0105 si\u0119, \u017ce zagrozi to zaanga\u017cowaniu Waszyngtonu w zbiorow\u0105 obron\u0119 NATO, kt\u00f3r\u0105 postrzegaj\u0105 jako ostatni\u0105 lini\u0119 ochrony przed Moskw\u0105.<\/p>\n<p class=\"ods-c-paragraph \">Pogl\u0105d ten odzwierciedla r\u00f3wnie\u017c rosn\u0105ce obawy wewn\u0105trz NATO, \u017ce porozumienie pokojowe w Ukrainie da Moskwie wi\u0119ksze mo\u017cliwo\u015bci do ponownego uzbrojenia si\u0119 i skierowania swoich wysi\u0142k\u00f3w w stron\u0119 kraj\u00f3w na pierwszej linii frontu.<\/p>\n<p class=\"ods-c-paragraph \">\u2014 Je\u015bli wojna w Ukrainie si\u0119 sko\u0144czy&#8230; [Rosja] b\u0119dzie chcia\u0142a utrzyma\u0107 swoich \u017co\u0142nierzy w stanie gotowo\u015bci \u2014 powiedzia\u0142 jeden z wysokich rang\u0105 dyplomat\u00f3w NATO, argumentuj\u0105c, \u017ce wojska te prawdopodobnie zostan\u0105 &#8222;przeniesione w naszym kierunku&#8221;.<\/p>\n<p class=\"ods-c-paragraph \">\u2014 Europa powinna przej\u0105\u0107 w\u0142asn\u0105 obron\u0119 \u2014 stwierdzi\u0142 dyplomata. Podkre\u015bli\u0142 jednak, \u017ce dop\u00f3ki kontynent nie stanie si\u0119 niezale\u017cny militarnie, &#8222;nie powinni\u015bmy tak m\u00f3wi\u0107&#8221; o Stanach Zjednoczonych. \u2014 To naprawd\u0119 niebezpieczne i g\u0142upie \u2014 doda\u0142.<\/p>\n<p class=\"ods-c-paragraph \">Redakcja Onetu prezentuje rozmaite punkty widzenia, dotycz\u0105ce mo\u017cliwego rozwoju sytuacji w Ukrainie i agresywnych dzia\u0142a\u0144 Rosji wobec kraj\u00f3w NATO. Powy\u017cszy materia\u0142 jest jednym z nich.<\/p>\n<p class=\"ods-c-paragraph \">Zwracamy uwag\u0119, \u017ce nie mo\u017cna przes\u0105dza\u0107, i\u017c dojdzie do militarnego ataku Rosji na Polsk\u0119 lub inne pa\u0144stwo NATO. Wojna w Ukrainie stanowi wyzwanie dla rosyjskiej armii i gospodarki. Jest ma\u0142o realne, \u017ceby walcz\u0105c z Ukrai\u0144cami, W\u0142adimir Putin zdecydowa\u0142 si\u0119 jednocze\u015bnie na konfrontacj\u0119 z NATO, kt\u00f3ra by\u0142aby niepor\u00f3wnywalnie bardziej kosztowna dla Moskwy \u2014 militarnie, finansowo i politycznie. Pami\u0119ta\u0107 tak\u017ce nale\u017cy, \u017ce ani Rosja ani Zwi\u0105zek Radziecki nigdy bezpo\u015brednio nie zaatakowa\u0142y kraju NATO.<\/p>\n<p class=\"ods-c-paragraph \">Poni\u017cej kilka analitycznych tekst\u00f3w naszego eksperta Witolda Jurasza, po\u015bwi\u0119conych bezpiecze\u0144stwu Polski:<\/p>\n","protected":false},"excerpt":{"rendered":"\u2014 Wzmocnienie wschodniej flanki Europy musi sta\u0107 si\u0119 wsp\u00f3lnym obowi\u0105zkiem Europy \u2014 powiedzia\u0142 w poniedzia\u0142ek premier Estonii Kristen&hellip;\n","protected":false},"author":2,"featured_media":155151,"comment_status":"","ping_status":"","sticky":false,"template":"","format":"standard","meta":{"footnotes":""},"categories":[14],"tags":[56,32,33,2364,189,74,27,12705,34,35,28,31,48,25,46,40,1314,41,87,47,80,29,30,86,26,82,83,84],"class_list":{"0":"post-155150","1":"post","2":"type-post","3":"status-publish","4":"format-standard","5":"has-post-thumbnail","7":"category-swiat","8":"tag-article_premium","9":"tag-breaking-news","10":"tag-breakingnews","11":"tag-estonia","12":"tag-europa","13":"tag-finlandia","14":"tag-headlines","15":"tag-helsinki","16":"tag-latest-news","17":"tag-latestnews","18":"tag-naglowki","19":"tag-najwazniejsze-artykuly","20":"tag-nat_styl","21":"tag-news","22":"tag-omp","23":"tag-polish","24":"tag-politico","25":"tag-polski","26":"tag-rosja","27":"tag-screening_general","28":"tag-swiat","29":"tag-top-stories","30":"tag-topstories","31":"tag-unia_europejska","32":"tag-wiadomosci","33":"tag-world","34":"tag-world-news","35":"tag-worldnews"},"share_on_mastodon":{"url":"https:\/\/pubeurope.com\/@pl\/115732493301556148","error":""},"_links":{"self":[{"href":"https:\/\/www.europesays.com\/pl\/wp-json\/wp\/v2\/posts\/155150","targetHints":{"allow":["GET"]}}],"collection":[{"href":"https:\/\/www.europesays.com\/pl\/wp-json\/wp\/v2\/posts"}],"about":[{"href":"https:\/\/www.europesays.com\/pl\/wp-json\/wp\/v2\/types\/post"}],"author":[{"embeddable":true,"href":"https:\/\/www.europesays.com\/pl\/wp-json\/wp\/v2\/users\/2"}],"replies":[{"embeddable":true,"href":"https:\/\/www.europesays.com\/pl\/wp-json\/wp\/v2\/comments?post=155150"}],"version-history":[{"count":0,"href":"https:\/\/www.europesays.com\/pl\/wp-json\/wp\/v2\/posts\/155150\/revisions"}],"wp:featuredmedia":[{"embeddable":true,"href":"https:\/\/www.europesays.com\/pl\/wp-json\/wp\/v2\/media\/155151"}],"wp:attachment":[{"href":"https:\/\/www.europesays.com\/pl\/wp-json\/wp\/v2\/media?parent=155150"}],"wp:term":[{"taxonomy":"category","embeddable":true,"href":"https:\/\/www.europesays.com\/pl\/wp-json\/wp\/v2\/categories?post=155150"},{"taxonomy":"post_tag","embeddable":true,"href":"https:\/\/www.europesays.com\/pl\/wp-json\/wp\/v2\/tags?post=155150"}],"curies":[{"name":"wp","href":"https:\/\/api.w.org\/{rel}","templated":true}]}}