{"id":155210,"date":"2025-12-17T04:03:12","date_gmt":"2025-12-17T04:03:12","guid":{"rendered":"https:\/\/www.europesays.com\/pl\/155210\/"},"modified":"2025-12-17T04:03:12","modified_gmt":"2025-12-17T04:03:12","slug":"przedswiateczne-przyjecie-karola-iii-kate-i-william-przybyli-z-charlotte-2","status":"publish","type":"post","link":"https:\/\/www.europesays.com\/pl\/155210\/","title":{"rendered":"Przed\u015bwi\u0105teczne przyj\u0119cie Karola III. Kate i William przybyli z Charlotte"},"content":{"rendered":"<p><a href=\"https:\/\/plejada.pl\/temat\/rodziny-krolewskie-rody-royalsi\/rgknq1p\" target=\"_blank\" class=\"ods-c-linked-image\" rel=\"nofollow noopener\"> <img src=\"https:\/\/www.europesays.com\/pl\/wp-content\/uploads\/2025\/12\/QSHk9lBaHR0cHM6Ly9vY2RuLmV1L3B1bHNjbXMvTURBXy9mMTRkOTIyMDcwYjFjMGI2YzQyMTNkNDYwYWYwNTg3Ni5qcGeRlQLNB.jpeg\" height=\"100\" width=\"800\" alt=\"royalsi plejada\" fetchpriority=\"auto\" loading=\"lazy\" decoding=\"async\" class=\"ods-c-image__img ods-c-linked-image__image\"\/>  <\/a><\/p>\n<p class=\"ods-c-paragraph \">Na przyj\u0119cie do rezydencji monarchy przybyli tak\u017ce <a href=\"https:\/\/plejada.pl\/temat\/ksiezniczka-charlotte\/zepe5x9\" id=\"51355491-bc8c-4ee5-be18-8a888ee21b6d\" rel=\"nofollow noopener\" target=\"_blank\">ksi\u0119\u017cniczka Charlotte<\/a> i ksi\u0105\u017c\u0119 Louis, kt\u00f3rzy towarzyszyli rodzicom. W\u015br\u00f3d zaproszonych znale\u017ali si\u0119 r\u00f3wnie\u017c ksi\u0105\u017c\u0119 i ksi\u0119\u017cna Edynburga z c\u00f3rk\u0105 Lady Louise Windsor, ksi\u0105\u017c\u0119 Kentu, Lady Sarah Chatto oraz ksi\u0119\u017cniczki Beatrycze i Eugenia. Siostry ch\u0119tnie pozowa\u0142y do zdj\u0119\u0107 podczas wjazdu na teren pa\u0142acu.<\/p>\n<p class=\"ods-c-paragraph \"><a href=\"https:\/\/plejada.pl\/temat\/krol-karol-iii-krol-brytyjski\/mvvl70q\" id=\"5ed2d61e-5bd2-4b75-b13e-55794d176c8b\" rel=\"nofollow noopener\" target=\"_blank\">Kr\u00f3l Karol<\/a> utrzymuje tradycj\u0119 zapocz\u0105tkowan\u0105 przez kr\u00f3low\u0105 El\u017cbiet\u0119 II, organizuj\u0105c dla rodziny przyj\u0119cie przed wyjazdem do Sandringham, gdzie royalsi sp\u0119dzaj\u0105 \u015bwi\u0119ta. W tym roku William i Kate pojawili si\u0119 z dzie\u0107mi, co \u2014 jak podkre\u015blaj\u0105 \u017ar\u00f3d\u0142a \u2014 sprawi\u0142o rado\u015b\u0107 kr\u00f3lowi, poniewa\u017c w poprzednim roku nie mogli uczestniczy\u0107 w uroczysto\u015bci. W\u00f3wczas rodzina ksi\u0105\u017c\u0119ca przebywa\u0142a ju\u017c w Norfolk, gdzie sp\u0119dza\u0142a czas po zako\u0144czeniu semestru szkolnego przez dzieci.<\/p>\n<p>Dalszy ci\u0105g artyku\u0142u pod materia\u0142em wideo<\/p>\n<p> Jakie wydarzenie zorganizowa\u0142 kr\u00f3l Karol? <\/p>\n<p> Kto towarzyszy\u0142 ksi\u0119ciu Williamowi i ksi\u0119\u017cnej Kate na przyj\u0119ciu? <\/p>\n<p> Kto z rodziny kr\u00f3lewskiej nie uczestniczy\u0142 w koncercie kol\u0119d? <\/p>\n<p> Gdzie royalsi sp\u0119dzaj\u0105 \u015bwi\u0119ta po przyj\u0119ciu? <\/p>\n<p>  Royalsi na przed\u015bwi\u0105tecznym przyj\u0119ciu<\/p>\n<p class=\"ods-c-paragraph \">Na li\u015bcie go\u015bci znale\u017ali si\u0119 tak\u017ce ksi\u0105\u017c\u0119 i ksi\u0119\u017cna Edynburga z Lady Louise Windsor. Ksi\u0119\u017cna Sophie prezentowa\u0142a si\u0119 w szmaragdowej sukni, a ksi\u0105\u017c\u0119 Edward przyjecha\u0142 z \u017con\u0105 i c\u00f3rk\u0105. W wydarzeniu uczestniczy\u0142y r\u00f3wnie\u017c ksi\u0119\u017cniczki Beatrycze i Eugenia, kt\u00f3re nie bra\u0142y udzia\u0142u w koncercie kol\u0119d organizowanym przez Kate 5 grudnia. Mimo kontrowersji wok\u00f3\u0142 ich ojca, Andrew Mountbatten-Windsora, kr\u00f3l Karol nie zamierza kara\u0107 si\u00f3str za decyzje ich ojca.<\/p>\n<p class=\"ods-c-paragraph \">Podczas przyj\u0119cia pojawili si\u0119 tak\u017ce inni cz\u0142onkowie rodziny kr\u00f3lewskiej. Ksi\u0119\u017cniczka Anna przyby\u0142a wraz z m\u0119\u017cem, wiceadmira\u0142em Sir Timothy&#8217;m Laurence&#8217;em. Ksi\u0105\u017c\u0119 Kentu do\u0142\u0105czy\u0142 do grona go\u015bci po \u015bmierci swojej \u017cony we wrze\u015bniu. Lady Sarah Chatto, kuzynka kr\u00f3la, przyjecha\u0142a z m\u0119\u017cem Danielem i starszym synem Samuelem.<\/p>\n<p class=\"ods-c-paragraph \">W\u015br\u00f3d uczestnik\u00f3w znalaz\u0142 si\u0119 r\u00f3wnie\u017c Jack Brooksbank, m\u0105\u017c ksi\u0119\u017cniczki Eugenii, kt\u00f3ry towarzyszy\u0142 \u017conie podczas wydarzenia. David Armstrong-Jones, kuzyn kr\u00f3la, przyjecha\u0142 na rowerze, maj\u0105c na sobie jaskrawo pomara\u0144czow\u0105 kamizelk\u0119 odblaskow\u0105. Lady Helen Taylor, c\u00f3rka ksi\u0119cia Kentu, zadba\u0142a o ciep\u0142o, wybieraj\u0105c elegancki szal.<\/p>\n<p class=\"ods-c-paragraph \">Na przyj\u0119ciu obecna by\u0142a tak\u017ce ksi\u0119\u017cniczka Alexandra, kuzynka zmar\u0142ej kr\u00f3lowej El\u017cbiety II, kt\u00f3ra pozdrawia\u0142a t\u0142umy zgromadzone przed pa\u0142acem. W wydarzeniu wzi\u0119\u0142a udzia\u0142 Flora Vesterberg, wnuczka ksi\u0119\u017cniczki Alexandry, wraz z m\u0119\u017cem Timothy&#8217;m. Sophie Winkleman pojawi\u0142a si\u0119 z m\u0119\u017cem, lordem Frederickiem Windsor, a ich c\u00f3rka u\u015bmiecha\u0142a si\u0119 do fotoreporter\u00f3w podczas przyjazdu.<\/p>\n<p class=\"ods-c-paragraph \">Dzi\u0119kujemy, \u017ce przeczyta\u0142a\u015b\/e\u015b nasz artyku\u0142 do ko\u0144ca. W serwisie Plejada.pl ka\u017cdego dnia piszemy o najwa\u017cniejszych wydarzeniach show-biznesowych. B\u0105d\u017a na bie\u017c\u0105co! <a rel=\"nofollow noopener\" href=\"https:\/\/profile.google.com\/cp\/Cg0vZy8xMWJ6X19wdHBx\" id=\"f34fed8c-5eaa-4704-810a-06def3493e89\" target=\"_blank\">Obserwuj<\/a> Plejad\u0119 w Google. Odwied\u017a nas tak\u017ce na <a rel=\"nofollow noopener\" href=\"https:\/\/www.facebook.com\/plejadapl\" id=\"7a3078df-bb34-4d77-8546-a1224fc895f3\" target=\"_blank\">Facebooku<\/a>, <a rel=\"nofollow noopener\" href=\"https:\/\/www.instagram.com\/plejadapl\/\" id=\"b0c4ef15-ade6-4086-bf60-023e9758740e\" target=\"_blank\">Instagramie<\/a>, <a rel=\"nofollow noopener\" href=\"https:\/\/www.youtube.com\/c\/plejada\" id=\"3c568fc8-09ab-41bc-ade3-89b38a8bfa25\" target=\"_blank\">YouTubie<\/a> oraz <a rel=\"nofollow noopener\" href=\"https:\/\/www.tiktok.com\/@plejada_pl\" id=\"dd4495a8-858b-4eb5-88aa-aa040591f063\" target=\"_blank\">TikToku<\/a>.<\/p>\n<p class=\"ods-c-paragraph \">Chcesz podzieli\u0107 si\u0119 ciekawym newsem lub zaproponowa\u0107 temat? Skontaktuj si\u0119 z nami, pisz\u0105c maila na adres: <a rel=\"nofollow noopener\" href=\"https:\/\/plejada.pl\/newsy\/przedswiateczne-przyjecie-karola-iii-kate-i-william-przybyli-z-charlotte\/mailto:plejada@redakcjaonet.pl\" id=\"4c69167f-5028-4fa8-894d-c60e91154eb0\" target=\"_blank\">plejada@redakcjaon<\/a><a href=\"https:\/\/et.pl\" id=\"40a8cbc2-4b1f-4abc-9a4f-6545a44c46d8\" rel=\"nofollow noopener\" target=\"_blank\">et.pl<\/a>.<\/p>\n<p><script async src=\"\/\/www.instagram.com\/embed.js\"><\/script><script async src=\"\/\/www.tiktok.com\/embed.js\"><\/script><\/p>\n","protected":false},"excerpt":{"rendered":"Na przyj\u0119cie do rezydencji monarchy przybyli tak\u017ce ksi\u0119\u017cniczka Charlotte i ksi\u0105\u017c\u0119 Louis, kt\u00f3rzy towarzyszyli rodzicom. W\u015br\u00f3d zaproszonych znale\u017ali&hellip;\n","protected":false},"author":2,"featured_media":155211,"comment_status":"","ping_status":"","sticky":false,"template":"","format":"standard","meta":{"footnotes":""},"categories":[22],"tags":[122,1102,154,1275,8931,48,125,46,42,38,40,39,41,25865,1276,123,47,79],"class_list":{"0":"post-155210","1":"post","2":"type-post","3":"status-publish","4":"format-standard","5":"has-post-thumbnail","7":"category-rozrywka","8":"tag-entertainment","9":"tag-karol_iii","10":"tag-ksiaze_william","11":"tag-ksiezna_kate","12":"tag-ksiezniczka_charlotte","13":"tag-nat_styl","14":"tag-newsy","15":"tag-omp","16":"tag-pl","17":"tag-poland","18":"tag-polish","19":"tag-polska","20":"tag-polski","21":"tag-rebrand_ai_tst0","22":"tag-rodziny_i_rody_krolewskie","23":"tag-rozrywka","24":"tag-screening_general","25":"tag-wielka_brytania"},"share_on_mastodon":{"url":"https:\/\/pubeurope.com\/@pl\/115732926051395838","error":""},"_links":{"self":[{"href":"https:\/\/www.europesays.com\/pl\/wp-json\/wp\/v2\/posts\/155210","targetHints":{"allow":["GET"]}}],"collection":[{"href":"https:\/\/www.europesays.com\/pl\/wp-json\/wp\/v2\/posts"}],"about":[{"href":"https:\/\/www.europesays.com\/pl\/wp-json\/wp\/v2\/types\/post"}],"author":[{"embeddable":true,"href":"https:\/\/www.europesays.com\/pl\/wp-json\/wp\/v2\/users\/2"}],"replies":[{"embeddable":true,"href":"https:\/\/www.europesays.com\/pl\/wp-json\/wp\/v2\/comments?post=155210"}],"version-history":[{"count":0,"href":"https:\/\/www.europesays.com\/pl\/wp-json\/wp\/v2\/posts\/155210\/revisions"}],"wp:featuredmedia":[{"embeddable":true,"href":"https:\/\/www.europesays.com\/pl\/wp-json\/wp\/v2\/media\/155211"}],"wp:attachment":[{"href":"https:\/\/www.europesays.com\/pl\/wp-json\/wp\/v2\/media?parent=155210"}],"wp:term":[{"taxonomy":"category","embeddable":true,"href":"https:\/\/www.europesays.com\/pl\/wp-json\/wp\/v2\/categories?post=155210"},{"taxonomy":"post_tag","embeddable":true,"href":"https:\/\/www.europesays.com\/pl\/wp-json\/wp\/v2\/tags?post=155210"}],"curies":[{"name":"wp","href":"https:\/\/api.w.org\/{rel}","templated":true}]}}