{"id":155212,"date":"2025-12-17T04:13:09","date_gmt":"2025-12-17T04:13:09","guid":{"rendered":"https:\/\/www.europesays.com\/pl\/155212\/"},"modified":"2025-12-17T04:13:09","modified_gmt":"2025-12-17T04:13:09","slug":"czy-putin-bedzie-zly-viktor-orban-zapytal-co-zrobi-rosja-jesli-ue-wykorzysta-jej-aktywa-onet","status":"publish","type":"post","link":"https:\/\/www.europesays.com\/pl\/155212\/","title":{"rendered":"Czy Putin b\u0119dzie z\u0142y? Viktor Orban zapyta\u0142, co zrobi Rosja, je\u015bli UE wykorzysta jej aktywa &#8211; Onet"},"content":{"rendered":"<ol>\n<li><a href=\"https:\/\/news.google.com\/rss\/articles\/CBMi2wFBVV95cUxPM3o5ZXFmelFvSXFCSXpWQUdUcExHbzQ5MUdtTXN1ck05ZHRLU2pHcnpXakNGZUpsVVpSNncwOW5hbzRaV2s0V2p5NGxoRUNQUHRBVnhRcG5uWkI1dmpielNkdnMwWXc0ZUZjQmtUa2JVUlJlVmRlTDYtWWFldGVZQXlaMTRtQVJwTmZFQk8xSVNFX2VHVF9JNUlyNm5hT1Zfb3IxU25wbWI5dkg3ZFFueUxPMVNSN016clJsS0hLZTd0ZGE0X1lSTHNoYm9qSF9wc1FzZV82MlNCUTA?oc=5\" target=\"_blank\" rel=\"nofollow noopener\">Czy Putin b\u0119dzie z\u0142y? Viktor Orban zapyta\u0142, co zrobi Rosja, je\u015bli UE wykorzysta jej aktywa<\/a>&nbsp;&nbsp;Onet<\/li>\n<li><a href=\"https:\/\/news.google.com\/rss\/articles\/CBMitAFBVV95cUxNOEEtU2hjbWFkTHAxQ1FfekJLdFJTNUt0dHZ1aXlSX0Q4VXM5RjlLUDAyNk1yaDBieUxTak13ZV9GZjM5Z1BGcU41TExSN3dQeVd3dHRGaFFfOVlXbUNORGZNdG9SR3FVbGFac2JXb1YyeUEtLXpQX1IyZzNYYk9Sd2FmRllQMHFCcHJBbUd5eVBXSlV6ekViZ3hqTnN5QXhOaUc3YXFxNnVEUmdlVm9qaGpiY3o?oc=5\" target=\"_blank\" rel=\"nofollow noopener\">Dlatego Belgia blokuje wykorzystanie rosyjskich zamro\u017conych aktyw\u00f3w. Czy da si\u0119 obej\u015b\u0107 weto?<\/a>&nbsp;&nbsp;Forbes<\/li>\n<li><a href=\"https:\/\/news.google.com\/rss\/articles\/CBMirwFBVV95cUxNNm1Sc3RoOVZNZ1NINk91RGg5V2Y5aWx2TkxsZklhZ2hoTlhxQ0tDQUNYMFQwbnFOTThTa0lqVmI3QVBNMk90LTNRVllwXzhJdzAyanJ1LW1NQW43dUVHVWlaZ3JCWThzMEpFYVdLWmthOEFhTVNuZy1aT3hMR0RQVV9tUFp2NFk3VXpVZUQyRWRkQjRpWWhpZzVKZVM0ZU1TaVlQU2NISW9UTWkxendB?oc=5\" target=\"_blank\" rel=\"nofollow noopener\">Nag\u0142y zwrot. Rosja kontratakuje. \u017b\u0105da od Europy gigantycznej kwoty<\/a>&nbsp;&nbsp;Next Gazeta.pl<\/li>\n<li><a href=\"https:\/\/news.google.com\/rss\/articles\/CBMivAFBVV95cUxPMEVRMjFRZXg1ZjVOSlY2aGtVR2t0M21lRl9TWEMxNFpFSV93aGp4cEtiMFplWlhEN0UyZk5oU01OaHVaTGFybTBkYno2M08xX0UtUHN0WXlGU1dkRzh3cTd4RzNhZFFKZEpqbWhpODlrV3NRMzFIeUptSEFQdFRVUkE3MmNVRkpjNExWS3Q2MDB2UWFQaDNqTHhZTHpqd003VWpaVGpJRVBTa3dvdFNMT3FiV2NacXp1NFpBSg?oc=5\" target=\"_blank\" rel=\"nofollow noopener\">&#8222;To jest bardzo wa\u017cna decyzja, kt\u00f3ra mo\u017ce Rosj\u0119 zabole\u0107&#8221;<\/a>&nbsp;&nbsp;TVN24<\/li>\n<li><a href=\"https:\/\/news.google.com\/rss\/articles\/CBMioAFBVV95cUxOQzRIWFRyd0xEeDROd1lGZV9QdGhMMHNJVWFNaGxLS1haRmh5SGdYSUk0SmsxSnhYdkRVXzRmTHdIMDduN0E2bDduNHZGSnJaaENrU09fWEtvYTF4NWd2cVI5TXlrM0h6RFo5LUxIMDdVUXlMb0VPN2N6OWtWRWxGS1YxVmR2Rm5hTWVYRkxHU1gxaEJWQlhNTDhyTUVackg1?oc=5\" target=\"_blank\" rel=\"nofollow noopener\">Prze\u0142om w UE. Aktywa Rosji mog\u0105 nied\u0142ugo wesprze\u0107 Ukrain\u0119<\/a>&nbsp;&nbsp;WP Wiadomo\u015bci<\/li>\n<\/ol>\n","protected":false},"excerpt":{"rendered":"Czy Putin b\u0119dzie z\u0142y? Viktor Orban zapyta\u0142, co zrobi Rosja, je\u015bli UE wykorzysta jej aktywa&nbsp;&nbsp;Onet Dlatego Belgia blokuje&hellip;\n","protected":false},"author":2,"featured_media":155213,"comment_status":"","ping_status":"","sticky":false,"template":"","format":"standard","meta":{"footnotes":""},"categories":[14],"tags":[32,33,2761,27,34,35,28,31,53,25,52,68,51,55,40,41,62,47,80,29,30,61,50,1233,1234,26,418,82,83,84],"class_list":{"0":"post-155212","1":"post","2":"type-post","3":"status-publish","4":"format-standard","5":"has-post-thumbnail","7":"category-swiat","8":"tag-breaking-news","9":"tag-breakingnews","10":"tag-bruksela","11":"tag-headlines","12":"tag-latest-news","13":"tag-latestnews","14":"tag-naglowki","15":"tag-najwazniejsze-artykuly","16":"tag-new_header","17":"tag-news","18":"tag-onet3","19":"tag-onet3d","20":"tag-onet3d_2i","21":"tag-phx","22":"tag-polish","23":"tag-polski","24":"tag-rosja_kraj_rosjanin_rosjanie_rosjanka_rosjanki","25":"tag-screening_general","26":"tag-swiat","27":"tag-top-stories","28":"tag-topstories","29":"tag-ue_unia_europejska_komisja_rada_komisarze","30":"tag-v2021","31":"tag-viktor_orban_wegierski_polityk","32":"tag-wegry_wegier_wegierka_wegrzy","33":"tag-wiadomosci","34":"tag-wladimir_putin_rosyjski_prezydent","35":"tag-world","36":"tag-world-news","37":"tag-worldnews"},"share_on_mastodon":{"url":"","error":"Validation failed: Text character limit of 500 exceeded"},"_links":{"self":[{"href":"https:\/\/www.europesays.com\/pl\/wp-json\/wp\/v2\/posts\/155212","targetHints":{"allow":["GET"]}}],"collection":[{"href":"https:\/\/www.europesays.com\/pl\/wp-json\/wp\/v2\/posts"}],"about":[{"href":"https:\/\/www.europesays.com\/pl\/wp-json\/wp\/v2\/types\/post"}],"author":[{"embeddable":true,"href":"https:\/\/www.europesays.com\/pl\/wp-json\/wp\/v2\/users\/2"}],"replies":[{"embeddable":true,"href":"https:\/\/www.europesays.com\/pl\/wp-json\/wp\/v2\/comments?post=155212"}],"version-history":[{"count":0,"href":"https:\/\/www.europesays.com\/pl\/wp-json\/wp\/v2\/posts\/155212\/revisions"}],"wp:featuredmedia":[{"embeddable":true,"href":"https:\/\/www.europesays.com\/pl\/wp-json\/wp\/v2\/media\/155213"}],"wp:attachment":[{"href":"https:\/\/www.europesays.com\/pl\/wp-json\/wp\/v2\/media?parent=155212"}],"wp:term":[{"taxonomy":"category","embeddable":true,"href":"https:\/\/www.europesays.com\/pl\/wp-json\/wp\/v2\/categories?post=155212"},{"taxonomy":"post_tag","embeddable":true,"href":"https:\/\/www.europesays.com\/pl\/wp-json\/wp\/v2\/tags?post=155212"}],"curies":[{"name":"wp","href":"https:\/\/api.w.org\/{rel}","templated":true}]}}