{"id":155218,"date":"2025-12-17T05:05:13","date_gmt":"2025-12-17T05:05:13","guid":{"rendered":"https:\/\/www.europesays.com\/pl\/155218\/"},"modified":"2025-12-17T05:05:13","modified_gmt":"2025-12-17T05:05:13","slug":"jsw-jastrzebski-wegiel-nie-byl-goscinny-dla-sasiada","status":"publish","type":"post","link":"https:\/\/www.europesays.com\/pl\/155218\/","title":{"rendered":"JSW Jastrz\u0119bski W\u0119giel nie by\u0142 go\u015bcinny dla s\u0105siada"},"content":{"rendered":"\n<p class=\"contentpart contentpart--default contentpart--text\" data-position=\"0\"><a href=\"https:\/\/sportowefakty.wp.pl\/siatkowka\/jastrzebski-wegiel\" rel=\"nofollow noopener\" target=\"_blank\">JSW Jastrz\u0119bski W\u0119giel<\/a>, jeden z reprezentant\u00f3w <a href=\"https:\/\/sportowefakty.wp.pl\/siatkowka\/plusliga\" rel=\"nofollow noopener\" target=\"_blank\">PlusLigi<\/a>\u00a0w europejskich pucharach, ponownie zagra\u0142 z s\u0105siadem w tabeli. Tym razem \u00f3sma w stawce dru\u017cyna z wojew\u00f3dztwa \u015bl\u0105skiego podejmowa\u0142a si\u00f3dmego <a href=\"https:\/\/sportowefakty.wp.pl\/siatkowka\/trefl-gdansk\" rel=\"nofollow noopener\" target=\"_blank\">Energa Trefla Gda\u0144sk<\/a>. W 11 wcze\u015bniejszych kolejkach tak gospodarze, jak i go\u015bcie zdobyli po 18 punkt\u00f3w. W identycznym bilansie mieli siedem wygranych oraz cztery pora\u017cki.<\/p>\n<p class=\"contentpart contentpart--default contentpart--text\" data-position=\"1\">Jastrz\u0119bianie chcieli wykorzysta\u0107 fakt, \u017ce Trefl nie punktuje r\u00f3wnie dobrze na wyjazdach jak we w\u0142asnej hali. Siatkarze <a href=\"https:\/\/sportowefakty.wp.pl\/siatkowka\/andrzej-kowal\" rel=\"nofollow noopener\" target=\"_blank\">Andrzeja Kowala<\/a>\u00a0energicznie zabrali si\u0119 do gry od pocz\u0105tku meczu, czego efektem by\u0142y zwyci\u0119stwa 25:23 w pierwszym secie oraz 25:18 w drugim secie.<\/p>\n<p> <img role=\"presentation\" src=\"https:\/\/std.wpcdn.pl\/images\/adv\/placeholder_wp.svg\" loading=\"lazy\" alt=\"\" decoding=\"async\"\/>  <\/p>\n<p class=\"contentpart contentpart--default contentpart--text\" data-position=\"2\">Liderami w zespole gospodarzy byli <a href=\"https:\/\/sportowefakty.wp.pl\/siatkowka-plazowa\/lukasz-kaczmarek\" rel=\"nofollow noopener\" target=\"_blank\">\u0141ukasz Kaczmarek<\/a>\u00a0i szalej\u0105cy w bloku <a href=\"https:\/\/sportowefakty.wp.pl\/siatkowka\/anton-brehme\" rel=\"nofollow noopener\" target=\"_blank\">Anton Brehme<\/a>. Najd\u0142u\u017cej w pierwszym i w drugim secie serwowa\u0142 kompan Antona Brehme ze \u015brodka siatki <a href=\"https:\/\/sportowefakty.wp.pl\/siatkowka\/lukasz-usowicz\" rel=\"nofollow noopener\" target=\"_blank\">\u0141ukasz Usowicz<\/a>.<\/p>\n<p class=\"contentpart contentpart--default contentpart--text\" data-position=\"3\">ZOBACZ WIDEO: #dziejesiewsporcie: Gol z po\u0142owy boiska. Mo\u017cna ogl\u0105da\u0107 i ogl\u0105da\u0107<\/p>\n<p class=\"contentpart contentpart--default contentpart--text\" data-position=\"5\">W trzecim secie zwrot akcji, poniewa\u017c od pocz\u0105tku gra klei\u0142a si\u0119 siatkarzom z Tr\u00f3jmiasta. Co prawda gospodarze podj\u0119li po\u015bcig, ale sp\u00f3\u017aniony, dlatego wygrana 25:23 Energa Trefla Gda\u0144sk przed\u0142u\u017cy\u0142a mecz.<\/p>\n<p class=\"contentpart contentpart--default contentpart--text\" data-position=\"6\">Tylko o czwartego seta, poniewa\u017c w nim JSW Jastrz\u0119bski W\u0119giel prze\u0142ama\u0142 op\u00f3r przeciwnik\u00f3w, odzyska\u0142 kontrol\u0119 nad wydarzeniami i zapewni\u0142 sobie zwyci\u0119stwo 3:1 w ca\u0142ym spotkaniu. Runda, z nerwow\u0105 ko\u0144c\u00f3wk\u0105, zako\u0144czy\u0142a si\u0119 wynikiem 25:23. Ostatni w meczu atak wykona\u0142 <a href=\"https:\/\/sportowefakty.wp.pl\/siatkowka\/nicolas-szerszen\" rel=\"nofollow noopener\" target=\"_blank\">Nicolas Szersze\u0144<\/a>, a nagrod\u0119 MVP zdoby\u0142 <a href=\"https:\/\/sportowefakty.wp.pl\/siatkowka\/benjamin-toniutti\" rel=\"nofollow noopener\" target=\"_blank\">Benjamin Toniutti<\/a>.<\/p>\n<p> <img role=\"presentation\" src=\"https:\/\/std.wpcdn.pl\/images\/adv\/placeholder_wp.svg\" loading=\"lazy\" alt=\"\" decoding=\"async\"\/>  <\/p>\n<p class=\"contentpart contentpart--default contentpart--text\" data-position=\"7\">W 13. kolejce Jastrz\u0119bie zagra na wyje\u017adzie z <a href=\"https:\/\/sportowefakty.wp.pl\/siatkowka\/agencja-inwestycyjna-stilon-gorzow\" rel=\"nofollow noopener\" target=\"_blank\">Cuprum Stilonem Gorz\u00f3w<\/a>. Przeciwnikiem Energa Trefla Gda\u0144sk b\u0119dzie <a href=\"https:\/\/sportowefakty.wp.pl\/siatkowka\/delic-pol-norwid-czestochowa\" rel=\"nofollow noopener\" target=\"_blank\">Steam Hemarpol Politechnika Cz\u0119stochowa<\/a>.<\/p>\n<p class=\"contentpart contentpart--default contentpart--text\" data-position=\"8\"><a href=\"https:\/\/sportowefakty.wp.pl\/siatkowka\/jastrzebski-wegiel\" rel=\"nofollow noopener\" target=\"_blank\">JSW Jastrz\u0119bski W\u0119giel<\/a>\u00a0&#8211; <a href=\"https:\/\/sportowefakty.wp.pl\/siatkowka\/trefl-gdansk\" rel=\"nofollow noopener\" target=\"_blank\">Energa Trefl Gda\u0144sk<\/a>\u00a03:1 (25:23, 25:18, 23:25, 25:23)<\/p>\n<p class=\"contentpart contentpart--default contentpart--text\" data-position=\"9\">Jastrz\u0119bie:\u00a0Toniutti, Szersze\u0144, Gier\u017cot, Usowicz, Brehme, Kaczmarek, Granieczny (libero) oraz Tuaniga, Kufka, Zaleszczyk, Lorenc<\/p>\n<p class=\"contentpart contentpart--default contentpart--text\" data-position=\"10\">Trefl:\u00a0Brand, Orczyk, Worsley, Nowakowski, M&#8217;Baye, Nasewicz, Koykka (libero) oraz Schamlewski, Kogut, Soba\u0144ski, Schulz<\/p>\n<p> <img role=\"presentation\" src=\"https:\/\/std.wpcdn.pl\/images\/adv\/placeholder_wp.svg\" loading=\"lazy\" alt=\"\" decoding=\"async\"\/>  <\/p>\n<p class=\"contentpart contentpart--default contentpart--text\" data-position=\"11\">MVP: Beniamin Toniutti (Jastrz\u0119bie)<\/p>\n<p class=\"contentpart contentpart--default contentpart--text\" data-position=\"12\">Tabela <a href=\"https:\/\/sportowefakty.wp.pl\/siatkowka\/plusliga\" rel=\"nofollow noopener\" target=\"_blank\">PlusLigi<\/a>:<\/p>\n","protected":false},"excerpt":{"rendered":"JSW Jastrz\u0119bski W\u0119giel, jeden z reprezentant\u00f3w PlusLigi\u00a0w europejskich pucharach, ponownie zagra\u0142 z s\u0105siadem w tabeli. Tym razem \u00f3sma&hellip;\n","protected":false},"author":2,"featured_media":155219,"comment_status":"","ping_status":"","sticky":false,"template":"","format":"standard","meta":{"footnotes":""},"categories":[24],"tags":[31025,19496,19497,13664,42,6242,38,40,39,41,131,127,126],"class_list":{"0":"post-155218","1":"post","2":"type-post","3":"status-publish","4":"format-standard","5":"has-post-thumbnail","7":"category-sport","8":"tag-energa-trefl-gdansk","9":"tag-hala-widowiskowo-sportowa-w-jastrzebiu-zdroju","10":"tag-jastrzebie-zdroj","11":"tag-jsw-jastrzebski-wegiel","12":"tag-pl","13":"tag-plusliga","14":"tag-poland","15":"tag-polish","16":"tag-polska","17":"tag-polski","18":"tag-siatkowka","19":"tag-sport","20":"tag-sports"},"share_on_mastodon":{"url":"https:\/\/pubeurope.com\/@pl\/115733169950594462","error":""},"_links":{"self":[{"href":"https:\/\/www.europesays.com\/pl\/wp-json\/wp\/v2\/posts\/155218","targetHints":{"allow":["GET"]}}],"collection":[{"href":"https:\/\/www.europesays.com\/pl\/wp-json\/wp\/v2\/posts"}],"about":[{"href":"https:\/\/www.europesays.com\/pl\/wp-json\/wp\/v2\/types\/post"}],"author":[{"embeddable":true,"href":"https:\/\/www.europesays.com\/pl\/wp-json\/wp\/v2\/users\/2"}],"replies":[{"embeddable":true,"href":"https:\/\/www.europesays.com\/pl\/wp-json\/wp\/v2\/comments?post=155218"}],"version-history":[{"count":0,"href":"https:\/\/www.europesays.com\/pl\/wp-json\/wp\/v2\/posts\/155218\/revisions"}],"wp:featuredmedia":[{"embeddable":true,"href":"https:\/\/www.europesays.com\/pl\/wp-json\/wp\/v2\/media\/155219"}],"wp:attachment":[{"href":"https:\/\/www.europesays.com\/pl\/wp-json\/wp\/v2\/media?parent=155218"}],"wp:term":[{"taxonomy":"category","embeddable":true,"href":"https:\/\/www.europesays.com\/pl\/wp-json\/wp\/v2\/categories?post=155218"},{"taxonomy":"post_tag","embeddable":true,"href":"https:\/\/www.europesays.com\/pl\/wp-json\/wp\/v2\/tags?post=155218"}],"curies":[{"name":"wp","href":"https:\/\/api.w.org\/{rel}","templated":true}]}}