{"id":155291,"date":"2025-12-17T06:33:17","date_gmt":"2025-12-17T06:33:17","guid":{"rendered":"https:\/\/www.europesays.com\/pl\/155291\/"},"modified":"2025-12-17T06:33:17","modified_gmt":"2025-12-17T06:33:17","slug":"rosjanie-maja-dosc-wojny-i-putina-w-powietrzu-czuc-zapach-buntu","status":"publish","type":"post","link":"https:\/\/www.europesays.com\/pl\/155291\/","title":{"rendered":"Rosjanie maj\u0105 do\u015b\u0107 wojny i Putina. W powietrzu czu\u0107 zapach buntu"},"content":{"rendered":"<p>    Propaganda wspina si\u0119 na wy\u017cyny. Pr\u00f3buje zatuszowa\u0107 katastrof\u0119, kt\u00f3ra trawi Rosj\u0119<\/p>\n<p class=\"hyphenate \" data-text-len=\"533\" data-scroll=\"paragraph_3\">W wyst\u0105pieniach W\u0142adimira Putina cz\u0119sto pojawia si\u0119 obraz Rosji jako kraju odnosz\u0105cego sukcesy na froncie w <a href=\"https:\/\/forsal.pl\/tagi\/ukraina\" id=\"c9d694d7-1954-4cf0-b903-a203024e2c52\" title=\"Ukraina\" rel=\"nofollow noopener\" target=\"_blank\">Ukrainie<\/a> i sprawnie radz\u0105cego sobie z wyzwaniami gospodarczymi. 30 listopada rosyjska telewizja pa\u0144stwowa relacjonowa\u0142a wizyt\u0119 prezydenta na stanowisku dowodzenia, gdzie w mundurze wojskowym przyjmowa\u0142 raporty dotycz\u0105ce post\u0119p\u00f3w operacji. \u2014 Rosyjskie wojska posuwaj\u0105 si\u0119 naprz\u00f3d praktycznie wsz\u0119dzie \u2014 powiedzia\u0142.<\/p>\n<p class=\"hyphenate \" data-text-len=\"574\" data-scroll=\"paragraph_4\">Kilka dni p\u00f3\u017aniej, podczas spotkania z inwestorami, Putin zapewni\u0142, \u017ce &#8222;kraj i <a href=\"https:\/\/forsal.pl\/gospodarka\" id=\"10d11274-d13e-4cec-866c-2fed8992fb31\" title=\"gospodarka\" rel=\"nofollow noopener\" target=\"_blank\">gospodarka<\/a> skutecznie radz\u0105 sobie z wszelkimi problemami&#8221;. Podkre\u015bli\u0142 tak\u017ce gotowo\u015b\u0107 Rosji do konfrontacji z Europ\u0105, je\u015bli zajdzie taka potrzeba. W rzeczywisto\u015bci sytuacja jest znacznie mniej optymistyczna. Post\u0119py rosyjskiej armii s\u0105 powolne i okupione ogromnymi stratami, problemy gospodarcze narastaj\u0105, a nastroje spo\u0142eczne staj\u0105 si\u0119 coraz bardziej krytyczne wobec wojny.<\/p>\n<p>    Oto prawdziwy cel W\u0142adimira Putina. Rosja chce wys\u0142a\u0107 sygna\u0142 do Europy i USA<\/p>\n<p class=\"hyphenate adSlotSibling\" data-text-len=\"568\" data-async-ad-slot=\"true\" data-scroll=\"paragraph_6\">Na froncie <a href=\"https:\/\/forsal.pl\/tagi\/rosja\" id=\"1461eb50-1a30-48d7-a88f-6f18a9a88a1e\" title=\"Rosja\" rel=\"nofollow noopener\" target=\"_blank\">Rosja<\/a> stosuje strategi\u0119 wysy\u0142ania ma\u0142ych grup, kt\u00f3re infiltruj\u0105 ukrai\u0144skie pozycje, nagrywaj\u0105 filmy, a nast\u0119pnie s\u0105 wycofywane. Rzeczywiste post\u0119py, s\u0105dz\u0105c po informacjach z otwartych \u017ar\u00f3de\u0142 i relacjach rosyjskich bloger\u00f3w wojskowych, s\u0105 znacznie mniej imponuj\u0105ce. Ukrai\u0144skie si\u0142y, cho\u0107 wykrwawione i cierpi\u0105ce na brak personelu, wci\u0105\u017c utrzymuj\u0105 strategiczne pozycje, np. w Pokrowsku, kt\u00f3re Kreml twierdzi\u0142 ju\u017c kilka tygodni temu, \u017ce zdoby\u0142.<\/p>\n<p class=\"hyphenate \" data-text-len=\"561\" data-scroll=\"paragraph_7\">Takie dzia\u0142ania maj\u0105 tak\u017ce inny cel, czyli przekona\u0107 Europ\u0119 i Stany Zjednoczone, \u017ce wspieranie <a href=\"https:\/\/forsal.pl\/tagi\/ukraina\" id=\"9937f7ce-15c0-4135-befe-7dd6780f2abe\" title=\"Ukraina\" rel=\"nofollow noopener\" target=\"_blank\">Ukrainy<\/a> jest bezcelowe \u2013 pisze &#8222;The Economist&#8221;. Ostatnie wypowiedzi Donalda Trumpa sugeruj\u0105, \u017ce w niekt\u00f3rych kr\u0119gach mi\u0119dzynarodowych strategia Putina dzia\u0142a. Jednak w praktyce, po czterech latach konfliktu, Kreml nie zdo\u0142a\u0142 nawet w pe\u0142ni podbi\u0107 Donbasu, a r\u00f3\u017cnica mi\u0119dzy propagandowym obrazem a rzeczywisto\u015bci\u0105 staje si\u0119 coraz bardziej widoczna.<\/p>\n<p>    W Rosji tli si\u0119 bunt. Nawet wierni Putinowi maj\u0105 do\u015b\u0107 skutk\u00f3w wojny w Ukrainie<\/p>\n<p class=\"hyphenate \" data-text-len=\"347\" data-scroll=\"paragraph_9\">Rosyjska gospodarka nie za\u0142amuje si\u0119 ca\u0142kowicie, ale coraz bardziej odczuwa skutki konfliktu. Przysz\u0142y rok zapowiada si\u0119 jako najtrudniejszy od czasu rozpocz\u0119cia pe\u0142noskalowej inwazji. W ci\u0105gu ostatniego roku dochody Rosji z ropy i gazu spad\u0142y o 22 proc., a wzrost gospodarczy, cz\u0119\u015bciowo nap\u0119dzany wydatkami wojskowymi, wyhamowa\u0142.<\/p>\n<p class=\"hyphenate \" data-text-len=\"565\" data-scroll=\"paragraph_10\">Deficyt bud\u017cetowy zbli\u017ca si\u0119 do 3 proc. <a href=\"https:\/\/forsal.pl\/tagi\/pkb\" id=\"81dc14ed-4c3d-4466-a2f8-1be12e32a59b\" title=\"PKB\" rel=\"nofollow noopener\" target=\"_blank\">PKB<\/a>, co jest relatywnie niewielk\u0105 warto\u015bci\u0105 wed\u0142ug standard\u00f3w europejskich, ale Rosja nie przyci\u0105ga inwestycji zagranicznych i nie ma dost\u0119pu do po\u017cyczek mi\u0119dzynarodowych. \u2013 Aby sfinansowa\u0107 wojn\u0119 Putina, rz\u0105d jest zmuszony zaci\u0105ga\u0107 po\u017cyczki w kraju, co mo\u017ce powodowa\u0107 inflacj\u0119 oraz podnosi\u0107 podatki \u2013 zauwa\u017ca Aleksandra Prokopenko z berli\u0144skiego think tanku Carnegie Russia Eurasia Centre, cytowany przez &#8222;The Economist&#8221;.<\/p>\n<p class=\"hyphenate adSlotSibling\" data-text-len=\"370\" data-async-ad-slot=\"true\" data-scroll=\"paragraph_11\">Kreml przeznacza po\u0142ow\u0119 bud\u017cetu na si\u0142y zbrojne, przemys\u0142 zbrojeniowy, bezpiecze\u0144stwo wewn\u0119trzne i obs\u0142ug\u0119 d\u0142ugu. \u2014 Wojna w Ukrainie sprawia, \u017ce rosyjska gospodarka jest bardziej aktywna, ale biednieje. Utrzymuje miejsca pracy i dzia\u0142alno\u015b\u0107 przemys\u0142ow\u0105, ale nie przynosi trwa\u0142ych korzy\u015bci ani wzrostu wydajno\u015bci \u2014 podkre\u015bla Prokopenko.<\/p>\n<p>    Tego jeszcze w Rosji nie by\u0142o. Ponad po\u0142owa spo\u0142ecze\u0144stwa jest przeciwna wojnie<\/p>\n<p class=\"hyphenate \" data-text-len=\"312\" data-scroll=\"paragraph_13\">Wed\u0142ug &#8222;The Economist&#8221; Rosjanie coraz wyra\u017aniej dostrzegaj\u0105 skutki wojny. Zdaniem W\u0142adimira Zwonowskiego, socjologa z Samary, liczba os\u00f3b deklaruj\u0105cych pogorszenie sytuacji materialnej by\u0142a trzykrotnie wy\u017csza ni\u017c liczba twierdz\u0105cych inaczej. To najwy\u017cszy poziom niezadowolenia od pocz\u0105tku wojny.<\/p>\n<p class=\"hyphenate \" data-text-len=\"323\" data-scroll=\"paragraph_14\">Poparcie spo\u0142eczne dla wojny jest powierzchowne. \u2014 Wyra\u017cenie poparcia dla wojny to najlepszy spos\u00f3b, aby zapobiec jej wp\u0142ywowi na w\u0142asne \u017cycie \u2014 m\u00f3wi Sam Greene, ekspert ds. Rosji z King\u2019s College London. \u2014 Nie wyra\u017caj\u0105 oni osobistej opinii, ale t\u0119, kt\u00f3r\u0105 uwa\u017caj\u0105 za dominuj\u0105c\u0105 w swoim otoczeniu \u2013 dodaje.<\/p>\n<p class=\"hyphenate \" data-text-len=\"452\" data-scroll=\"paragraph_15\">Badania pokazuj\u0105, \u017ce nast\u0105pi\u0142a wyra\u017ana zmiana w percepcji. W maju 2023 r. 57 proc. Rosjan uwa\u017ca\u0142o, \u017ce wi\u0119kszo\u015b\u0107 ich otoczenia popiera wojn\u0119. W pa\u017adzierniku 2025 r. ju\u017c 55 proc. stwierdzi\u0142o, \u017ce osoby w ich najbli\u017cszym otoczeniu w wi\u0119kszo\u015bci sprzeciwiaj\u0105 si\u0119 wojnie lub s\u0105 podzielone. \u2014 Niech\u0119\u0107 do udzia\u0142u w wojnie jest obecnie bardziej akceptowana spo\u0142ecznie ni\u017c entuzjazm \u2014 m\u00f3wi Kiri\u0142\u0142 Rogow, za\u0142o\u017cyciel think tanku Re:Russia.<\/p>\n","protected":false},"excerpt":{"rendered":"Propaganda wspina si\u0119 na wy\u017cyny. Pr\u00f3buje zatuszowa\u0107 katastrof\u0119, kt\u00f3ra trawi Rosj\u0119 W wyst\u0105pieniach W\u0142adimira Putina cz\u0119sto pojawia si\u0119&hellip;\n","protected":false},"author":2,"featured_media":155292,"comment_status":"","ping_status":"","sticky":false,"template":"","format":"standard","meta":{"footnotes":""},"categories":[14],"tags":[32,33,27,34,35,28,31,25,40,41,80,29,30,26,82,83,84],"class_list":{"0":"post-155291","1":"post","2":"type-post","3":"status-publish","4":"format-standard","5":"has-post-thumbnail","7":"category-swiat","8":"tag-breaking-news","9":"tag-breakingnews","10":"tag-headlines","11":"tag-latest-news","12":"tag-latestnews","13":"tag-naglowki","14":"tag-najwazniejsze-artykuly","15":"tag-news","16":"tag-polish","17":"tag-polski","18":"tag-swiat","19":"tag-top-stories","20":"tag-topstories","21":"tag-wiadomosci","22":"tag-world","23":"tag-world-news","24":"tag-worldnews"},"share_on_mastodon":{"url":"https:\/\/pubeurope.com\/@pl\/115733515691628289","error":""},"_links":{"self":[{"href":"https:\/\/www.europesays.com\/pl\/wp-json\/wp\/v2\/posts\/155291","targetHints":{"allow":["GET"]}}],"collection":[{"href":"https:\/\/www.europesays.com\/pl\/wp-json\/wp\/v2\/posts"}],"about":[{"href":"https:\/\/www.europesays.com\/pl\/wp-json\/wp\/v2\/types\/post"}],"author":[{"embeddable":true,"href":"https:\/\/www.europesays.com\/pl\/wp-json\/wp\/v2\/users\/2"}],"replies":[{"embeddable":true,"href":"https:\/\/www.europesays.com\/pl\/wp-json\/wp\/v2\/comments?post=155291"}],"version-history":[{"count":0,"href":"https:\/\/www.europesays.com\/pl\/wp-json\/wp\/v2\/posts\/155291\/revisions"}],"wp:featuredmedia":[{"embeddable":true,"href":"https:\/\/www.europesays.com\/pl\/wp-json\/wp\/v2\/media\/155292"}],"wp:attachment":[{"href":"https:\/\/www.europesays.com\/pl\/wp-json\/wp\/v2\/media?parent=155291"}],"wp:term":[{"taxonomy":"category","embeddable":true,"href":"https:\/\/www.europesays.com\/pl\/wp-json\/wp\/v2\/categories?post=155291"},{"taxonomy":"post_tag","embeddable":true,"href":"https:\/\/www.europesays.com\/pl\/wp-json\/wp\/v2\/tags?post=155291"}],"curies":[{"name":"wp","href":"https:\/\/api.w.org\/{rel}","templated":true}]}}