{"id":155313,"date":"2025-12-17T06:54:09","date_gmt":"2025-12-17T06:54:09","guid":{"rendered":"https:\/\/www.europesays.com\/pl\/155313\/"},"modified":"2025-12-17T06:54:09","modified_gmt":"2025-12-17T06:54:09","slug":"wiceminister-do-spraw-europejskich-przed-szczytem-ue-nie-zawahamy-sie-uzyc-weta","status":"publish","type":"post","link":"https:\/\/www.europesays.com\/pl\/155313\/","title":{"rendered":"Wiceminister do spraw europejskich przed szczytem UE. &#8222;Nie zawahamy si\u0119 u\u017cy\u0107 weta&#8221;"},"content":{"rendered":"\n<p class=\"article_p\" data-section=\"detail-body\">Sonia Sobczyk-Grygiel, dziennikarka Business Insider Polska: Pod koniec tego tygodnia \u2014 18-19 grudnia \u2014 odb\u0119dzie si\u0119 ostatni w tym roku szczyt Rady Europejskiej. Co b\u0119dzie na nim najwa\u017cniejsze?<\/p>\n<p class=\"article_p\" data-section=\"detail-body\">Ignacy Niemczycki, wiceminister spraw zagranicznych odpowiedzialny za sprawy europejskie: Ukraina. Najwa\u017cniejsza b\u0119dzie kwestia planu pokojowego dla Ukrainy. Mo\u017cemy wnie\u015b\u0107 tu solidny wk\u0142ad \u2014 wa\u017cne jest to, co zrobimy, \u017ceby zapewni\u0107 trwa\u0142e finansowanie zar\u00f3wno ukrai\u0144skiej gospodarki, bud\u017cetu, jak i \u2014 na razie \u2014 ukrai\u0144skiego wysi\u0142ku wojennego.<\/p>\n<p class=\"article_p\" data-section=\"detail-body\">Komisja Europejska zaproponowa\u0142a tak zwan\u0105 po\u017cyczk\u0119 reparacyjn\u0105 dla Kijowa z udzia\u0142em zamro\u017conych rosyjskich aktyw\u00f3w. Ostatnia, pa\u017adziernikowa Rada Europejska zobowi\u0105za\u0142a si\u0119 do tego, \u017ce w grudniu podejmie decyzj\u0119 w tej sprawie i mam nadziej\u0119, \u017ce w tym tygodniu ona zapadnie, \u017ce znajdzie si\u0119 rozwi\u0105zanie, kt\u00f3re pozwoli rozwia\u0107 w\u0105tpliwo\u015bci takich kraj\u00f3w jak Belgia, kt\u00f3rej rzeczywi\u015bcie grozi bardzo du\u017ce ryzyko finansowe.<\/p>\n<p>                    <img decoding=\"async\" loading=\"lazy\" class=\"article-image_container--img\" id=\"image_4783b446-2403-4ed3-b2a1-5b26b1988cc8\" alt=\"Rada Europejska b\u0119dzie decydowa\u0107 w sprawie Ukrainy \" src=\"https:\/\/www.europesays.com\/pl\/wp-content\/uploads\/2025\/12\/Kx5k9kpTURBXy9lMTMwYjQzOGJhY2E4ODA2NzUwZDdmNjA1OTMxZDFjYS5qcGeRkwLNA5gA3gACoTABoTEB.jpeg\"\/><\/p>\n<p>            Rada Europejska b\u0119dzie decydowa\u0107 w sprawie Ukrainy <\/p>\n<p>                    |<br \/>\n                    Alexandros Michailidis \/ Shutterstock<\/p>\n<p>            Czytaj tak\u017ce w BUSINESS INSIDER<\/p>\n<p>        Negocjacje bud\u017cetowe zako\u0144cz\u0105 si\u0119 w 2026 r.?<\/p>\n<p class=\"article_p\" data-section=\"detail-body\">Jakie inne wa\u017cne kwestie podejmie Rada Europejska?<\/p>\n<p class=\"article_p\" data-section=\"detail-body\">Wieloletnich ram finansowych, czyli bud\u017cetu UE na lata 2028-2034.<\/p>\n<p class=\"article_p\" data-section=\"detail-body\">Du\u0144ska prezydencja ma ambicje, by na ostatniej prostej uzyska\u0107 konsensus w sprawie struktury unijnego bud\u017cetu, uda jej si\u0119 zrealizowa\u0107 ten cel?<\/p>\n<p class=\"article_p\" data-section=\"detail-body\">Naczeln\u0105 zasad\u0105 w negocjacjach wieloletnich ram finansowych jest to, \u017ce nic nie jest ustalone, p\u00f3ki wszystko nie jest ustalone. Wi\u0119c proceduralnie pewne rzeczy staramy si\u0119 zamyka\u0107, \u017ceby negocjacje si\u0119 posuwa\u0142y, ale to nie s\u0105 finalne decyzje.<\/p>\n<p class=\"article_p\" data-section=\"detail-body\">Podczas szczytu spodziewam si\u0119 dyskusji na temat struktury bud\u017cetu, ale nie spodziewam si\u0119 decyzji w tej sprawie. Raczej podj\u0119cia przez przyw\u00f3dc\u00f3w zobowi\u0105zania, \u017ce chc\u0105 zako\u0144czy\u0107 negocjacje dotycz\u0105ce bud\u017cetu do ko\u0144ca 2026 r.<\/p>\n<p class=\"article_p\" data-section=\"detail-body\">A jakie jest stanowisko polskiego rz\u0105du w sprawie struktury przysz\u0142ego bud\u017cetu, czy godzimy si\u0119 na po\u0142\u0105czenie polityki sp\u00f3jno\u015bci i Wsp\u00f3lnej Polityki Rolnej w jedn\u0105 tak zwan\u0105 kopert\u0119 krajow\u0105? Budzi to sprzeciw rolnik\u00f3w i ministr\u00f3w rolnictwa. <\/p>\n<p class=\"article_p\" data-section=\"detail-body\">Oczywi\u015bcie ta propozycja Komisji Europejskiej jest wyzwaniem. Minister rolnictwa uwa\u017ca, \u017ce lepsza jest obecna formu\u0142a, czyli odr\u0119bna WPR sk\u0142adaj\u0105ca si\u0119 z dw\u00f3ch filar\u00f3w \u2014 na dop\u0142aty oraz na rozw\u00f3j obszar\u00f3w wiejskich.<\/p>\n<p class=\"article_p\" data-section=\"detail-body\">Generalnie jednak uwa\u017camy, \u017ce struktura ma wt\u00f3rne znaczenie, a najwa\u017cniejsze s\u0105 kwoty na te poszczeg\u00f3lne polityki \u2014 sp\u00f3jno\u015bci, roln\u0105 etc. Na tym si\u0119 koncentrujemy.<\/p>\n<p class=\"article_p\" data-section=\"detail-body\">Czytaj tak\u017ce: <a href=\"https:\/\/businessinsider.com.pl\/wiadomosci\/komisja-europejska-zgodzila-sie-na-wsparcie-elektrowni-lubiatowo-kopalino\/59y1dcm\" id=\"b13327e8-82a4-44c8-bbe3-b5ce4bff43dd\" rel=\"nofollow noopener\" target=\"_blank\">Jakie b\u0119d\u0105 ceny pr\u0105du? Jest prze\u0142omowa decyzja Komisji Europejskiej<\/a><\/p>\n<p class=\"article_p\" data-section=\"detail-body\">Ostatnio KE, po dyskusji z Parlamentem Europejskim, zaproponowa\u0142a, by 10 proc. z kopert krajowych by\u0142o zarezerwowane na obszary wiejskie. To oznacza, \u017ce nominalnie w kolejnej perspektywie finansowej b\u0119dzie wi\u0119cej pieni\u0119dzy na rolnictwo ni\u017c w bie\u017c\u0105cej.<\/p>\n<p class=\"article_p\" data-section=\"detail-body\">Na poziomie krajowym czeka nas za\u015b wa\u017cna decyzja w sprawie tego, kto tymi pieni\u0119dzmi ma zarz\u0105dza\u0107. Rolnicy s\u0105 przyzwyczajeni do kontaktu z Agencj\u0105 Restrukturyzacji i Modernizacji Rolnictwa. Nie ma zatem przeciwwskaza\u0144, by utrzyma\u0107 kontrol\u0119 ministra rolnictwa nad \u015brodkami dla rolnik\u00f3w i na rozw\u00f3j obszar\u00f3w wiejskich. Komisja Europejska nie b\u0119dzie nam w tym przeszkadza\u0107.<\/p>\n<p>                    <img decoding=\"async\" loading=\"lazy\" class=\"article-image_container--img\" id=\"image_7850181e-7574-4379-bc35-aa7277a4ebd8\" alt=\"Wiceminister spraw zagranicznych do spraw europejskich Ignacy Niemczycki\" src=\"https:\/\/www.europesays.com\/pl\/wp-content\/uploads\/2025\/12\/Kxzk9kpTURBXy8xMTE4MmEzMTQ4ZWY3MWNjMjkyNjljMTU5OWM5MDYwMy5qcGeRkwLNA5gA3gACoTABoTEB.jpeg\"\/><\/p>\n<p>            Wiceminister spraw zagranicznych do spraw europejskich Ignacy Niemczycki<\/p>\n<p>                    |<br \/>\n                    Ministerstwo Spraw Zagranicznych \/ Ministerstwo Spraw Zagranicznych<\/p>\n<p class=\"article_p\" data-section=\"detail-body\">Rozumiem zatem, \u017ce nie b\u0119dziemy kruszy\u0107 kopii o to, aby Wsp\u00f3lna Polityka Rolna pozosta\u0142a odr\u0119bnym, dwufilarowym instrumentem tak jak teraz?<\/p>\n<p class=\"article_p\" data-section=\"detail-body\">Oczywi\u015bcie podnosimy ten temat. Natomiast je\u017celi mia\u0142bym wyznaczy\u0107 priorytety, to ci\u0119\u017cko mi wyobrazi\u0107 sobie sytuacj\u0119, w kt\u00f3rej mia\u0142bym zgodzi\u0107 si\u0119 na mniejszy bud\u017cet, ale z lepsz\u0105 struktur\u0105. Wi\u0119ksze znaczenie maj\u0105 pieni\u0105dze.<\/p>\n<p>        Polskie postulaty negocjacyjne w sprawie nowego bud\u017cetu UE<\/p>\n<p class=\"article_p\" data-section=\"detail-body\">Jakie s\u0105 zatem polskie postulaty negocjacyjne w sprawie tego bud\u017cetu, czego Polska si\u0119 domaga i kiedy b\u0119d\u0105 toczy\u0142y si\u0119 rozmowy w tej sprawie?<\/p>\n<p class=\"article_p\" data-section=\"detail-body\">Rozmowy rozpocz\u0119\u0142y si\u0119 zaraz po publikacji propozycji przez Komisj\u0119 Europejsk\u0105 i b\u0119d\u0105 trwa\u0107 a\u017c do Rady Europejskiej, kt\u00f3ra przyjmie porozumienie. Przez ostatnie pi\u0119\u0107 miesi\u0119cy byli\u015bmy w fazie analitycznej tej propozycji, na poziomie roboczym. Rada ds. Og\u00f3lnych prowadzi\u0142a rozmowy na czterech posiedzeniach w tym semestrze. Rozmowy b\u0119d\u0105 toczy\u0142y si\u0119 podczas prezydencji cypryjskiej, kolejne om\u00f3wienie tego tematu przez Rad\u0119 Europejsk\u0105 planowane jest w czerwcu i wtedy odpowiedzialno\u015b\u0107 za negocjacje przejmie przewodnicz\u0105cy Rady Europejskiej.<\/p>\n<p class=\"article_p\" data-section=\"detail-body\">Czytaj tak\u017ce: <a href=\"https:\/\/businessinsider.com.pl\/gospodarka\/polska-zapewni-bezpieczenstwo-slowacji-i-ukrainie-wielka-geopolityczna-szansa\/6qshnrc\" id=\"09acf796-b81e-4b9e-8e1e-494d6833ee88\" rel=\"nofollow noopener\" target=\"_blank\">Polska chce by\u0107 hubem gazowym. Realny plan czy imperialne mrzonki?<\/a><\/p>\n<p class=\"article_p\" data-section=\"detail-body\">Dla nas propozycja KE jest dobrym punktem wyj\u015bcia, zw\u0142aszcza je\u017celi chodzi o kwot\u0119 bud\u017cetu. Nasz pierwszy postulat odnosi si\u0119 do jej wielko\u015bci \u2014 ewentualne ci\u0119cia to z\u0142y pomys\u0142 i nie mog\u0105 dotkn\u0105\u0107 tradycyjnych polityk. Sp\u0142acanie Funduszu odbudowy, zaplanowane w przysz\u0142ym bud\u017cecie, powinno by\u0107 zatem sfinansowane z dodatkowych pieni\u0119dzy.<\/p>\n<p class=\"article_p\" data-section=\"detail-body\">Druga bardzo wa\u017cna sprawa to wspomniane przed chwil\u0105 dwie kluczowe dla nas polityki, czyli sp\u00f3jno\u015bci i rolna. Mimo \u017ce polska koperta nadal ma by\u0107 najwi\u0119ksza spo\u015br\u00f3d wszystkich pa\u0144stw UE, nie podoba nam si\u0119 to, \u017ce udzia\u0142 tradycyjnych polityk w kolejnych unijnych bud\u017cetach sukcesywnie maleje.<\/p>\n<p class=\"article_p\" data-section=\"detail-body\">Nasz kolejny postulat wi\u0105\u017ce si\u0119 z planowanym bardzo du\u017cym wzrostem wydatk\u00f3w na konkurencyjno\u015b\u0107, czyli finansuj\u0105cy badania naukowe i innowacyjno\u015b\u0107 program Horyzont Europa oraz Fundusz Konkurencyjno\u015bci, kt\u00f3ry ma wspiera\u0107 innowacyjny unijny przemys\u0142.<\/p>\n<p class=\"article_p\" data-section=\"detail-body\">Dostrzegamy te\u017c potrzeb\u0119 wi\u0119kszego finansowania innowacyjno\u015bci w Europie, ale chcieliby\u015bmy, by te \u015brodki w wi\u0119kszym stopniu ni\u017c dot\u0105d trafia\u0142y do wi\u0119kszej liczby pa\u0144stw cz\u0142onkowskich. Dzisiaj bardzo znacz\u0105cy procent pieni\u0119dzy, na przyk\u0142ad z programu Horyzont, trafia do czterech najwi\u0119kszych pa\u0144stw UE.<\/p>\n<p class=\"article_p\" data-section=\"detail-body\">Z naszego punktu widzenia to jest nie do utrzymania. Je\u017celi mamy budowa\u0107 odporn\u0105 Europ\u0119, to nie mo\u017ce by\u0107 tak, \u017ce pojedyncze regiony w pojedynczych pa\u0144stwach b\u0119d\u0105 bardzo rozwini\u0119te, innowacyjne, a reszta b\u0119dzie daleko w tyle. B\u0119dziemy wi\u0119c zabiega\u0107 o zmiany w obszarze bud\u017cetu dotycz\u0105cym konkurencyjno\u015bci.<\/p>\n<p class=\"article_p\" data-section=\"detail-body\">O co konkretnie zabiegamy w tej kwestii? <\/p>\n<p class=\"article_p\" data-section=\"detail-body\">Aby fundusze na konkurencyjno\u015b\u0107 by\u0142y dost\u0119pne tak\u017ce dla ma\u0142ych i \u015brednich firm. Dzi\u0119ki temu nie b\u0119dzie tak, \u017ce trafi\u0105 one tylko do du\u017cych przedsi\u0119biorstw. Argumentem dla nas jest przyk\u0142ad USA \u2014 tam gospodark\u0119 cz\u0119sto nap\u0119dzaj\u0105 bardzo innowacyjne, ma\u0142e firmy, kt\u00f3re s\u0105 w stanie szybko si\u0119 rozwija\u0107.<\/p>\n<p class=\"article_p\" data-section=\"detail-body\">Chcemy te\u017c utrzymania w Funduszu Konkurencyjno\u015bci wysokich wydatk\u00f3w na cele zwi\u0105zane z obronno\u015bci\u0105, kt\u00f3re s\u0105 dla nas priorytetem.<\/p>\n<p class=\"article_p\" data-section=\"detail-body\">Je\u017celi chodzi o wieloletnie ramy finansowe, wa\u017cna jest dla nas tak\u017ce warunkowo\u015b\u0107 zwi\u0105zana z praworz\u0105dno\u015bci\u0105. Ten mechanizm dobrze funkcjonowa\u0142 w przesz\u0142o\u015bci i nale\u017cy go utrzyma\u0107.<\/p>\n<p>        Unijne zasoby w\u0142asne cz\u0119\u015bciowo s\u0105 ko\u015bci\u0105 niezgody<\/p>\n<p class=\"article_p\" data-section=\"detail-body\">A jakie s\u0105 nasze postulaty w sprawie unijnych zasob\u00f3w w\u0142asnych? <\/p>\n<p class=\"article_p\" data-section=\"detail-body\">Uwa\u017camy, \u017ce Unia powinna mie\u0107 wi\u0119ksze zasoby w\u0142asne, jednak nie wszystkie propozycje, kt\u00f3re s\u0105 dzi\u015b na stole, popieramy i uwa\u017camy za uczciwe. Przyk\u0142adem jest tu pomys\u0142, \u017ce wp\u0142ywy z ETS \u2014 zamiast jak dzi\u015b do bud\u017cet\u00f3w krajowych, trafia\u0142yby do unijnego. Ta propozycja oznacza, \u017ce pa\u0144stwa biedniejsze, jak Polska, p\u0142aci\u0142yby do unijnej kasy wi\u0119cej ni\u017c bogate. To po prostu nieuczciwe, na to si\u0119 nie godzimy.<\/p>\n<p class=\"article_p\" data-section=\"detail-body\">W \u017cadnym pa\u0144stwie cz\u0142onkowskim nie ma regresywnych system\u00f3w podatkowych, kt\u00f3re w wi\u0119kszym stopniu obci\u0105\u017caj\u0105 biednych ni\u017c bogatych.<\/p>\n<p class=\"article_p\" data-section=\"detail-body\">S\u0142yszy si\u0119 jednak o pomy\u015ble dzielenia wp\u0142yw\u00f3w z tego \u017ar\u00f3d\u0142a mi\u0119dzy bud\u017cety krajowe a unijny, Polska si\u0119 na to zgodzi?  <\/p>\n<p class=\"article_p\" data-section=\"detail-body\">Warto zaznaczy\u0107, \u017ce propozycja KE odnosi si\u0119 tylko do wp\u0142yw\u00f3w z ETS 1, a nie z ETS 2. Decyzje w sprawie dochod\u00f3w UE s\u0105 podejmowane jednomy\u015blnie, a p\u00f3\u017aniej dodatkowo ratyfikowane w parlamentach narodowych. Je\u015bli b\u0119dzie trzeba, to nie zawahamy si\u0119 u\u017cy\u0107 weta w tej sprawie.<\/p>\n<p class=\"article_p\" data-section=\"detail-body\">Czytaj tak\u017ce: <a href=\"https:\/\/businessinsider.com.pl\/gospodarka\/polska-nie-poddaje-sie-w-sprawie-ets2-rewizja-dyrektywy-to-bedzie-kluczowy-moment\/t2x413s\" id=\"e11479ee-85d6-42b6-ad01-5eb63d973567\" rel=\"nofollow noopener\" target=\"_blank\">Polska nie poddaje si\u0119 w sprawie ETS2. &#8222;Rewizja dyrektywy ETS to b\u0119dzie kluczowy moment&#8221;<\/a><\/p>\n<p class=\"article_p\" data-section=\"detail-body\">Czy mamy jeszcze inne postulaty odno\u015bnie do zasob\u00f3w w\u0142asnych?<\/p>\n<p class=\"article_p\" data-section=\"detail-body\">Obecn\u0105 propozycj\u0119 podatku od firm, czyli tak zwanych wk\u0142ad\u00f3w od du\u017cych przedsi\u0119biorstw dzia\u0142aj\u0105cych na jednolitym rynku, traktujemy jako punkt wyj\u015bcia. Chcemy, by obci\u0105\u017ca\u0142 on wszystkie firmy funkcjonuj\u0105ce w UE, nie tylko europejskie i \u017ceby by\u0142y to faktycznie najwi\u0119ksze firmy dzia\u0142aj\u0105ce transgranicznie.<\/p>\n<p class=\"article_p\" data-section=\"detail-body\">Czy Warszawa przedstawi w\u0142asne koncepcje \u017ar\u00f3de\u0142 zasob\u00f3w w\u0142asnych?<\/p>\n<p class=\"article_p\" data-section=\"detail-body\">Nie jest to przes\u0105dzone, ale trwaj\u0105 analizy.<\/p>\n<p>                    <img decoding=\"async\" loading=\"lazy\" class=\"article-image_container--img\" id=\"image_9233325f-8f0e-45b2-9d0e-e0dea35a4b9b\" alt=\"Wiceminister spraw zagranicznych do spraw europejskich Ignacy Niemczycki (pierwszy z prawej) podczas rady ministr\u00f3w spraw zagranicznych pa\u0144stw UE, Bruksela, grudzie\u0144 2025   \" src=\"https:\/\/www.europesays.com\/pl\/wp-content\/uploads\/2025\/12\/axGk9kpTURBXy80OWJhNmYwMDAwYzNmZTkyNmVlMmM5YjhjMDE3MzE3NC5qcGeRkwLNA5gA3gACoTABoTEB.jpeg\"\/><\/p>\n<p>            Wiceminister spraw zagranicznych do spraw europejskich Ignacy Niemczycki (pierwszy z prawej) podczas rady ministr\u00f3w spraw zagranicznych pa\u0144stw UE, Bruksela, grudzie\u0144 2025   <\/p>\n<p>                    |<br \/>\n                    EPA\/OLIVIER HOSLET Dostawca: PAP\/EPA. \/ PAP<\/p>\n<p class=\"article_p\" data-section=\"detail-body\">Ci\u0105gle jeste\u015bmy tak zwanym beneficjentem netto, tak ma by\u0107 te\u017c po 2027 r. Kiedy zostaniemy tak zwanym p\u0142atnikiem netto?<\/p>\n<p class=\"article_p\" data-section=\"detail-body\">To zale\u017cy od rozwoju gospodarczego Polski i innych pa\u0144stw UE. Jest prawdopodobne, \u017ce na kt\u00f3rym\u015b etapie jeszcze kolejnego bud\u017cetu, po 2034 r. to si\u0119 zmieni. Na razie s\u0105 to jednak tylko spekulacje.<\/p>\n<p>        Czego mo\u017cna si\u0119 spodziewa\u0107 w sprawie umowy z Mercosurem?<\/p>\n<p class=\"article_p\" data-section=\"detail-body\">20 grudnia nast\u0105pi\u0107 ma przypiecz\u0119towanie umowy UE-Mercosur. Jakie jest obecnie podej\u015bcie Polski w tej sprawie? <\/p>\n<p class=\"article_p\" data-section=\"detail-body\">Niezmiennie jeste\u015bmy przeciw. Tu si\u0119 absolutnie nic nie zmieni\u0142o od ubieg\u0142orocznej uchwa\u0142y rz\u0105du. Aktywnie<a href=\"https:\/\/businessinsider.com.pl\/gospodarka\/koniec-zludzen-w-sprawie-mercosuru-wlochy-sa-na-tak\/l4b2mhv\" id=\"45eccb4b-e465-4f2b-8c5a-6ceed38b4b03\" rel=\"nofollow noopener\" target=\"_blank\"> zabiegamy te\u017c o ograniczenie skutk\u00f3w tej umowy<\/a> dla rolnik\u00f3w.<\/p>\n<p class=\"article_p\" data-section=\"detail-body\">Czytaj tak\u017ce: <a href=\"https:\/\/businessinsider.com.pl\/gospodarka\/czy-polska-moze-pozwolic-sobie-na-brak-umowy-z-mercosurem-ekspert-komentuje\/vy6yqyd\" id=\"e79ad373-4c05-49ed-bd44-3abb35e1b30c\" rel=\"nofollow noopener\" target=\"_blank\">Co dla Polak\u00f3w oznacza ta g\u0142o\u015bna umowa mi\u0119dzynarodowa?<\/a><\/p>\n<p class=\"article_p\" data-section=\"detail-body\">Dzi\u0119ki naszym i Francji wsp\u00f3lnym dzia\u0142aniom uda\u0142o si\u0119 zapewni\u0107 tak zwan\u0105 klauzul\u0119 zabezpieczaj\u0105c\u0105 przed negatywnymi skutkami importu \u017cywno\u015bci z pa\u0144stw Mercosuru.<\/p>\n<p class=\"article_p\" data-section=\"detail-body\">Czemu nie uda\u0142o si\u0119 zbudowa\u0107 w tej kwestii tak zwanej mniejszo\u015bci blokuj\u0105cej? <\/p>\n<p class=\"article_p\" data-section=\"detail-body\">Na razie nie ma wystarczaj\u0105cej liczby pa\u0144stw do jej stworzenia, ale rozmowy trwaj\u0105. Francja oczywi\u015bcie ca\u0142y czas jest krytyczna, ale <a href=\"https:\/\/businessinsider.com.pl\/polityka\/polska-podejmuje-ostatni-boj-w-sprawie-mercosuru\/wrx8c48\" id=\"d89a599c-c197-43a2-a6cc-142cc5850e31\" rel=\"nofollow noopener\" target=\"_blank\">stara si\u0119 te\u017c szuka\u0107 rozwi\u0105za\u0144<\/a>, takich jak wspomniana klauzula ochronna.<\/p>\n<p class=\"article_p\" data-section=\"detail-body\">Przejd\u017amy zatem do priorytet\u00f3w waszej polityki w sprawach europejskich na najbli\u017csze dwa lata, do ko\u0144ca kadencji. <\/p>\n<p class=\"article_p\" data-section=\"detail-body\">Dzi\u015b Polska w Unii i sama UE jest w innym miejscu ni\u017c 15 lat temu. Poza bie\u017c\u0105c\u0105 polityk\u0105 europejsk\u0105, o kt\u00f3rej przed chwil\u0105 rozmawiali\u015bmy, bardzo wa\u017cne jest zatem rozpocz\u0119cie powa\u017cnej rozmowy o naszym miejscu w Unii i o tym, jak wyobra\u017camy sobie integracj\u0119 europejsk\u0105 w perspektywie, powiedzmy, 15 lat.<\/p>\n<p class=\"article_p\" data-section=\"detail-body\">Nasz\u0105 rol\u0105 jest przy tym odwa\u017cne sprzeciwianie si\u0119 nieprawdziwym has\u0142om na temat UE, kt\u00f3re najcz\u0119\u015bciej s\u0142yszymy z ust polityk\u00f3w skrajnej prawicy, a tak\u017ce mocniejsze podkre\u015blanie profit\u00f3w z cz\u0142onkostwa w Unii, nie tylko transfer\u00f3w bud\u017cetowych, ale te\u017c szerszych korzy\u015bci gospodarczych zwi\u0105zanych z tym, \u017ce uczestniczymy we wsp\u00f3lnym rynku. Najlepszym dowodem na to jest to, \u017ce od 2004 r. polski eksport wzr\u00f3s\u0142 sze\u015bciokrotnie. To gigantyczny sukces.<\/p>\n<p class=\"article_p\" data-section=\"detail-body\">Chcia\u0142bym, aby\u015bmy mocniej zwracali te\u017c uwag\u0119 na aspekt kontakt\u00f3w mi\u0119dzyludzkich, wa\u017cnych zw\u0142aszcza dla m\u0142odych. Dla najm\u0142odszej generacji zupe\u0142nie naturalne jest na przyk\u0142ad to, \u017ce w Unii koszty po\u0142\u0105cze\u0144 telefonicznych s\u0105 ujednolicone, \u017ce telefon za granic\u0119 nie kosztuje fortuny. A pami\u0119tamy, \u017ce mo\u017ce by\u0107 zupe\u0142nie inaczej.<\/p>\n<p>        Czy b\u0119dzie wi\u0119cej Polak\u00f3w w unijnych instytucjach?<\/p>\n<p class=\"article_p\" data-section=\"detail-body\">Je\u017celi m\u00f3wimy o m\u0142odych ludziach, to Polacy ci\u0105gle s\u0105 niedoreprezentowani w unijnych instytucjach. Czy planujecie popraw\u0119 sytuacji pod tym wzgl\u0119dem \u2014 jest to jeden z cel\u00f3w projektu \u015bredniookresowej strategii rozwoju kraju do 2035 r.?<\/p>\n<p class=\"article_p\" data-section=\"detail-body\">To jeden z problem\u00f3w, z kt\u00f3rymi mierzymy si\u0119 od pocz\u0105tku cz\u0142onkostwa. Problem polega na tym, \u017ce do tego, aby\u015bmy mieli satysfakcjonuj\u0105c\u0105 reprezentacj\u0119 os\u00f3b na wy\u017cszych stanowiskach w instytucjach europejskich, to najpierw musimy mie\u0107 relatywnie du\u017c\u0105 pul\u0119 przedstawicieli na standardowych stanowiskach.<\/p>\n<p class=\"article_p\" data-section=\"detail-body\">Tymczasem dzisiaj rynek pracy w Polsce jest na tyle atrakcyjny, \u017ce m\u0142odzi ludzie nie zwracaj\u0105 uwagi na mo\u017cliwo\u015bci pracy w instytucjach UE i zg\u0142asza si\u0119 na nie do\u015b\u0107 ma\u0142o os\u00f3b. Staramy si\u0119 to zmieni\u0107 \u2014 prowadzimy szkolenia, pokazujemy korzy\u015bci wynikaj\u0105ce z takiej pracy, to jedna z rzeczy, kt\u00f3rymi si\u0119 zajmuj\u0119.<\/p>\n<p class=\"article_p\" data-section=\"detail-body\">Wr\u00f3\u0107my do roli Polski w UE, jaka rol\u0119 chcemy odgrywa\u0107 w perspektywie tych 15 lat?<\/p>\n<p class=\"article_p\" data-section=\"detail-body\">Chcemy by\u0107 w centrum. Jako coraz bogatsze, coraz bardziej do\u015bwiadczone, coraz m\u0105drzejsze pa\u0144stwo. Chcia\u0142bym, aby\u015bmy byli gotowi do brania coraz wi\u0119kszej odpowiedzialno\u015bci za Europ\u0119. Mamy dzisiaj wszystkie papiery, \u017ceby w Europie odgrywa\u0107 kluczow\u0105 rol\u0119, niezale\u017cnie od rz\u0105du.<\/p>\n<p class=\"article_p\" data-section=\"detail-body\">Nie przeszkadza w tym wymierzona w integracj\u0119 europejsk\u0105 aktywno\u015b\u0107 USA i to, \u017ce prezydent oraz PiS zorientowani s\u0105 na wsp\u00f3\u0142prac\u0119 g\u0142\u00f3wnie z Amerykanami?<\/p>\n<p class=\"article_p\" data-section=\"detail-body\">W Polsce ca\u0142y czas, nawet je\u017celi politycznie bardzo si\u0119 r\u00f3\u017cnimy, uwa\u017camy proces integracji europejskiej, ale te\u017c nasz\u0105 akcesj\u0119 do Unii, za pewne dziejowe osi\u0105gni\u0119cie i skok cywilizacyjny. Bardzo mnie cieszy, \u017ce w tej sprawie jeste\u015bmy w stanie si\u0119 porozumie\u0107. Zawsze b\u0119d\u0119 si\u0119 stara\u0142 dba\u0107 o to, aby\u015bmy, nawet je\u015bli bardzo si\u0119 k\u0142\u00f3cimy, r\u00f3\u017cnimy w bie\u017c\u0105cej ocenie dzia\u0142a\u0144 Komisji Europejskiej czy jakiejkolwiek instytucji, na poziomie ideologicznym utrzymywali konsensus, wsp\u00f3lnot\u0119 wok\u00f3\u0142 poparcia dla integracji europejskiej.<\/p>\n<p class=\"article_p\" data-section=\"detail-body\">Wyst\u0105pienie prezydenta w Pradze wzbudzi\u0142o jednak kontrowersje w waszej ekipie. <\/p>\n<p class=\"article_p\" data-section=\"detail-body\">Wyst\u0105pienie prezydenta w jakim\u015b sensie podwa\u017ca\u0142o niekt\u00f3re prawid\u0142a polskiej polityki w sprawach europejskich, ale zarazem zadeklarowa\u0142: &#8222;My jako konserwaty\u015bci jeste\u015bmy proeuropejscy&#8221;.<\/p>\n<p class=\"article_p\" data-section=\"detail-body\">Na pewno retoryka prezydenta nie jest mi bliska, ale chc\u0119 dba\u0107 o to, aby\u015bmy niezale\u017cnie od r\u00f3\u017cnic politycznych byli w stanie si\u0119 zgodzi\u0107 co do tego, \u017ce nasza obecno\u015b\u0107 w Unii Europejskiej jest superwa\u017cna.<\/p>\n<p class=\"article_p\" data-section=\"detail-body\">Pami\u0119tam, \u017ce ostatnio podczas jakiej\u015b dyskusji kto\u015b zada\u0142 takie pytanie: &#8222;Co by by\u0142o, gdyby w 2004 r. Polska nie przyst\u0105pi\u0142a do Unii Europejskiej?&#8221;. Moim zdaniem \u015bwietnie wiadomo, co by by\u0142o \u2014 widzimy to za nasz\u0105 wschodni\u0105 granic\u0105 i my\u015bl\u0119, \u017ce akurat co do tego wi\u0119kszo\u015b\u0107 os\u00f3b w Polsce si\u0119 zgadza.<\/p>\n<p class=\"article_p\" data-section=\"detail-body\">Czytaj tak\u017ce: <a href=\"https:\/\/businessinsider.com.pl\/gospodarka\/krzysztof-bolesta-bez-ogrodek-cel-na-2040-r-jest-zbedny-polska-walczy-o-opoznienie\/y17rldy\" id=\"d15683a5-a8fa-4387-b77c-41364ef6de1c\" rel=\"nofollow noopener\" target=\"_blank\">Polska walczy o op\u00f3\u017anienie ETS2. &#8222;Cel na 2040 r. jest zb\u0119dny&#8221; [WYWIAD]<\/a><\/p>\n<p class=\"article_p\" data-section=\"detail-body\">Nie obawia si\u0119 pan zatem polexitu? Ostatnie badania w tej sprawie pokazuj\u0105 niepokoj\u0105cy trend \u2014 69 proc. respondent\u00f3w, najmniej w historii, popiera cz\u0142onkostwo Polski w UE, a a\u017c 25 proc. wyra\u017ca ch\u0119\u0107 opuszczenia Wsp\u00f3lnoty.<\/p>\n<p class=\"article_p\" data-section=\"detail-body\">To my tworzymy Uni\u0119 Europejsk\u0105. Zdecydowana wi\u0119kszo\u015b\u0107 naszego spo\u0142ecze\u0144stwa popiera UE i widzi nasz rosn\u0105cy wp\u0142yw, bo Polska coraz bardziej liczy si\u0119 na arenie mi\u0119dzynarodowej. Taki by\u0142 nasz wyb\u00f3r ponad 20 lat temu, a teraz, dzi\u0119ki wykorzystaniu tej szansy, jeste\u015bmy 20. gospodark\u0105 \u015bwiata.<\/p>\n<p class=\"article_p\" data-section=\"detail-body\">Oczywi\u015bcie musimy mie\u0107 \u015bwiadomo\u015b\u0107, \u017ce trwa wojna hybrydowa z Rosj\u0105, a tym samym walka o umys\u0142y Europejczyk\u00f3w, nie tylko Polak\u00f3w. Wielu odbiorc\u00f3w styka si\u0119 z dezinformacj\u0105 antyeuropejsk\u0105, ale koniec ko\u0144c\u00f3w, nawet krytyczni wobec UE wyborcy prawicy przyznaj\u0105, \u017ce to, co wydarzy\u0142o si\u0119 po brexicie, nie przynios\u0142o Brytyjczykom korzy\u015bci. Sytuacja geopolityczna wymaga wsp\u00f3\u0142pracy i naszym zadaniem jest budowa\u0107 solidarno\u015b\u0107 UE.<\/p>\n","protected":false},"excerpt":{"rendered":"Sonia Sobczyk-Grygiel, dziennikarka Business Insider Polska: Pod koniec tego tygodnia \u2014 18-19 grudnia \u2014 odb\u0119dzie si\u0119 ostatni w&hellip;\n","protected":false},"author":2,"featured_media":155314,"comment_status":"","ping_status":"","sticky":false,"template":"","format":"standard","meta":{"footnotes":""},"categories":[14],"tags":[32,33,27,34,35,28,31,25,40,41,80,29,30,26,82,83,84],"class_list":{"0":"post-155313","1":"post","2":"type-post","3":"status-publish","4":"format-standard","5":"has-post-thumbnail","7":"category-swiat","8":"tag-breaking-news","9":"tag-breakingnews","10":"tag-headlines","11":"tag-latest-news","12":"tag-latestnews","13":"tag-naglowki","14":"tag-najwazniejsze-artykuly","15":"tag-news","16":"tag-polish","17":"tag-polski","18":"tag-swiat","19":"tag-top-stories","20":"tag-topstories","21":"tag-wiadomosci","22":"tag-world","23":"tag-world-news","24":"tag-worldnews"},"share_on_mastodon":{"url":"https:\/\/pubeurope.com\/@pl\/115733598410738801","error":""},"_links":{"self":[{"href":"https:\/\/www.europesays.com\/pl\/wp-json\/wp\/v2\/posts\/155313","targetHints":{"allow":["GET"]}}],"collection":[{"href":"https:\/\/www.europesays.com\/pl\/wp-json\/wp\/v2\/posts"}],"about":[{"href":"https:\/\/www.europesays.com\/pl\/wp-json\/wp\/v2\/types\/post"}],"author":[{"embeddable":true,"href":"https:\/\/www.europesays.com\/pl\/wp-json\/wp\/v2\/users\/2"}],"replies":[{"embeddable":true,"href":"https:\/\/www.europesays.com\/pl\/wp-json\/wp\/v2\/comments?post=155313"}],"version-history":[{"count":0,"href":"https:\/\/www.europesays.com\/pl\/wp-json\/wp\/v2\/posts\/155313\/revisions"}],"wp:featuredmedia":[{"embeddable":true,"href":"https:\/\/www.europesays.com\/pl\/wp-json\/wp\/v2\/media\/155314"}],"wp:attachment":[{"href":"https:\/\/www.europesays.com\/pl\/wp-json\/wp\/v2\/media?parent=155313"}],"wp:term":[{"taxonomy":"category","embeddable":true,"href":"https:\/\/www.europesays.com\/pl\/wp-json\/wp\/v2\/categories?post=155313"},{"taxonomy":"post_tag","embeddable":true,"href":"https:\/\/www.europesays.com\/pl\/wp-json\/wp\/v2\/tags?post=155313"}],"curies":[{"name":"wp","href":"https:\/\/api.w.org\/{rel}","templated":true}]}}