{"id":155315,"date":"2025-12-17T06:55:09","date_gmt":"2025-12-17T06:55:09","guid":{"rendered":"https:\/\/www.europesays.com\/pl\/155315\/"},"modified":"2025-12-17T06:55:09","modified_gmt":"2025-12-17T06:55:09","slug":"obchody-grudnia-70-prezydent-karol-nawrocki-o-polakach-strzelajacych-do-polakow","status":"publish","type":"post","link":"https:\/\/www.europesays.com\/pl\/155315\/","title":{"rendered":"Obchody Grudnia &#8217;70. Prezydent Karol Nawrocki o Polakach strzelaj\u0105cych do Polak\u00f3w"},"content":{"rendered":"<p>O godz. 6 przed Pomnikiem Grudnia 1970 przy przystanku SKM Gdynia Stocznia rozpocz\u0119\u0142y si\u0119 obchody 55. rocznicy masakry stoczniowc\u00f3w. W czasie tej uroczysto\u015bci g\u0142os zabra\u0142 prezydent Karol Nawrocki. &#8222;Grudzie\u0144 w historycznym kalendarzu naszej wsp\u00f3lnoty jest miesi\u0105cem g\u0142\u0119bokiej refleksji, b\u00f3lu i pytania, jak mog\u0142o si\u0119 sta\u0107 tak, \u017ce Polacy strzelali do Polak\u00f3w; zdrajcy i komuni\u015bci strzelali do ludzi, kt\u00f3rzy pragn\u0119li wolno\u015bci&#8221; &#8211; m\u00f3wi\u0142. <\/p>\n<p>                         &#13;<br \/>\n        &#13;<\/p>\n<p>                                        &#13;<br \/>\n                        &#13;<br \/>\n                            <img decoding=\"async\" src=\"https:\/\/www.europesays.com\/pl\/wp-content\/uploads\/2025\/12\/000M34N0NWNKVOS0-C123-F4.jpg\" title=\"Obchody Grudnia '70. Prezydent: Jak mog\u0142o si\u0119 sta\u0107 tak, \u017ce Polacy strzelali do Polak\u00f3w?\" alt=\"Karol Nawrocki \/Pawe\u0142 Wodzy\u0144ski \/East News\" class=\"img-responsive\"\/>&#13;<\/p>\n<p>                            &#13;<\/p>\n<p>      &#13;<br \/>\n                            Karol Nawrocki&#13;<br \/>\n                                    \/Pawe\u0142 Wodzy\u0144ski \/East News  &#13;\n                                    <\/p>\n<p>&#13;<\/p>\n<ul class=\"bullet\">\n<li>O godzinie 6:00 przed Pomnikiem Grudnia 1970 w Gdyni rozpocz\u0119\u0142y si\u0119 obchody 55. rocznicy masakry stoczniowc\u00f3w.<\/li>\n<li>W uroczysto\u015bci wzi\u0105\u0142 udzia\u0142 prezydent Karol Nawrocki, kt\u00f3ry podkre\u015bli\u0142, \u017ce grudzie\u0144 to czas refleksji nad tragicznymi wydarzeniami, gdy Polacy strzelali do Polak\u00f3w.<\/li>\n<li>Prezydent przypomnia\u0142, \u017ce zar\u00f3wno Grudzie\u0144 1970, jak i Grudzie\u0144 1981 \u0142\u0105czy brutalno\u015b\u0107 w\u0142adz komunistycznych wobec robotnik\u00f3w.<\/li>\n<li>Wskaza\u0142 na odpowiedzialno\u015b\u0107 PZPR, Milicji Obywatelskiej, Ludowego Wojska Polskiego i S\u0142u\u017cby Bezpiecze\u0144stwa za represje i \u015bmier\u0107 protestuj\u0105cych.<\/li>\n<li>Karol Nawrocki wymieni\u0142 Wojciecha Jaruzelskiego jako osob\u0119 wsp\u00f3\u0142odpowiedzialn\u0105 za ofiary Grudnia 1970 i stanu wojennego.<\/li>\n<li>17 grudnia 1970 roku w Gdyni wojsko i milicja zastrzeli\u0142y 16 bezbronnych stoczniowc\u00f3w id\u0105cych do pracy.<\/li>\n<li>W wyniku t\u0142umienia protest\u00f3w na Wybrze\u017cu zgin\u0119\u0142o 45 os\u00f3b, a ponad 1160 zosta\u0142o rannych.<\/li>\n<\/ul>\n<p>                    <a href=\"https:\/\/www.rmf24.pl\/regiony\/trojmiasto\/news-grudzien-70-w-gdyni-miedzy-cenzura-a-prawda-o-masakrze,nId,8051065\" rel=\"nofollow noopener\" target=\"_blank\">Grudzie\u0144 &#8217;70 w Gdyni: Mi\u0119dzy cenzur\u0105 a prawd\u0105 o masakrze<\/a><\/p>\n<p>Grudzie\u0144 w naszym kalendarzu zapisany jest czerwonymi literami\u00a0&#8211; m\u00f3wi\u0142 podczas \u015brodowych obchod\u00f3w o poranku prezydent Karol Nawrocki.\u00a0<\/p>\n<p>Prezydent dodawa\u0142, \u017ce grudzie\u0144 w historycznym kalendarzu naszej narodowej wsp\u00f3lnoty jest miesi\u0105cem g\u0142\u0119bokiej refleksji, b\u00f3lu i pytania:\u00a0jak mog\u0142o si\u0119 sta\u0107 tak, \u017ce w grudniu roku 1970 r. i grudniu 1981 r. Polacy strzelali do Polak\u00f3w; zdrajcy i komuni\u015bci strzelali do ludzi, kt\u00f3rzy pragn\u0119li godno\u015bci, wolno\u015bci i sprawiedliwo\u015bci.<\/p>\n<p>Nawrocki podkre\u015bla\u0142, \u017ce te dwa grudnie \u0142\u0105czy wiele &#8211; PZPR &#8211; monopartia, kt\u00f3ra rz\u0105dzi\u0142a w zniewolonej przez komunist\u00f3w Polsce. Jak podkre\u015bla\u0142 Nawrocki, Polska Zjednoczona Partia Robotnicza by\u0142a parti\u0105, przeciwko kt\u00f3rej regularnie wyst\u0119powali polscy robotnicy. To pokazuje, czym by\u0142 system, w kt\u00f3rym przeciwko partii robotniczej wyst\u0119puj\u0105 robotnicy &#8211; podkre\u015bli\u0142.\u00a0<\/p>\n<p>Z drugiej strony wymienia\u0142 Milicj\u0119 Obywatelsk\u0105. Ta Milicja Obywatelska, kt\u00f3ra bije i morduje swoich obywateli i w jednym, i w drugim grudniu. Ludowe Wojsko Polskie, kt\u00f3re strzela do ludu. I S\u0142u\u017cba Bezpiecze\u0144stwa, kt\u00f3ra jest zagro\u017ceniem, niebezpiecze\u0144stwem dla tych, kt\u00f3rzy pragn\u0105 wolno\u015b\u0107, godno\u015bci i solidarno\u015bci &#8211; m\u00f3wi\u0142<\/p>\n<p>Polska komunistyczna by\u0142a z\u0142em, by\u0142a sowieck\u0105 koloni\u0105, kt\u00f3ra na Polak\u00f3w wysy\u0142a\u0142a Polak\u00f3w. Jeszcze jedna osoba \u0142\u0105czy te dwa grudnie &#8211; Wojciech Jaruzelski, kt\u00f3ry w grudniu 1970 r. by\u0142 ministrem obrony narodowej i tych 18 zabitych w Gdyni, tych 45 zabitych w Gda\u0144sku, Gdyni, Szczecinie i Elbl\u0105gu &#8211; te 45 ofiar to tak\u017ce odpowiedzialno\u015b\u0107 Wojciecha Jaruzelskiego, tak jak jego odpowiedzialno\u015bci\u0105 jest zamordowanie blisko stu Polak\u00f3w w czasie stanu wojennego &#8211; podkre\u015bla\u0142 prezydent Nawrocki.<\/p>\n<p>Karol Nawrocki m\u00f3wi\u0142, \u017ce spotykamy si\u0119 w Gdyni o poranku, \u017ceby odda\u0107 ho\u0142d zamordowanym, ale tak\u017ce powiedzie\u0107 prawd\u0119 o tych, kt\u00f3rzy mordowali.\u00a0<\/p>\n<p>Jak zaznacza\u0142, czarny czwartek roku 1970 r. wpisa\u0142 si\u0119 na sta\u0142e w tkank\u0119 Gdyni. M\u00f3wi\u0105c o ofiarach masakry Grudnia &#8217;70, Nawrocki podkre\u015bla\u0142, \u017ce &#8222;w mroku rozstrzelano ich \u017cycie i stworzono wyra\u017an\u0105 cezur\u0119 w \u017cyciu ich rodzin&#8221;.<\/p>\n<p>Prezydent Polski pozostanie z wami, jasno m\u00f3wi\u0105c, kto by\u0142 ofiar\u0105, a kto katem, kto cierpia\u0142, a kto zdradzi\u0142\u00a0&#8211; doda\u0142 Karol Nawrocki.\u00a0<\/p>\n<p>Jak doda\u0142, bez tych pomordowanych, bez ich ofiary, ich cierpienia, nie by\u0142oby naszej wolno\u015bci. Gdyby nie by\u0142o Grudnia 1970 r., to nie by\u0142oby wielkiej Solidarno\u015bci, a jak nie by\u0142oby Solidarno\u015bci, to nie by\u0142oby upadku muru berli\u0144skiego, a jakby mur berli\u0144ski nie upad\u0142, to nie by\u0142oby naszej wolno\u015bci, niepodleg\u0142o\u015bci i suwerenno\u015bci &#8211; podkre\u015bla\u0142 prezydent.\u00a0<\/p>\n<p>Nar\u00f3d polski za t\u0119 ofiar\u0119 jest bardzo wdzi\u0119czny, za to, \u017ce te rodziny i ci pomordowani byli nasz\u0105 drog\u0105 do wolno\u015bci i niepodleg\u0142o\u015bci &#8211; zaznaczy\u0142. Dzi\u0119ki nim mamy wolno\u015b\u0107, niech \u017cyje wolna, niepodleg\u0142a Polska. Precz z komun\u0105! &#8211; tymi s\u0142owami zako\u0144czy\u0142 swoje wyst\u0105pienie Karol Nawrocki.\u00a0<\/p>\n<p>17 grudnia 1970 r. o poranku przy wiadukcie obok stacji SKM Gdynia Stocznia wojsko i milicja zaatakowa\u0142y id\u0105cych do pracy bezbronnych stoczniowc\u00f3w.\u00a0Zastrzelono w\u00f3wczas 16 bezbronnych os\u00f3b.<\/p>\n<p>W grudniu 1970 r. robotnicy strajkowali, bo chcieli lepszych warunk\u00f3w \u017cycia, podniesienia p\u0142ac i cofni\u0119cia wprowadzonych tu\u017c przed \u015bwi\u0119tami podwy\u017cek cen \u017cywno\u015bci. Przez Wybrze\u017ce przetoczy\u0142a si\u0119 w\u00f3wczas fala strajk\u00f3w i demonstracji. W Gda\u0144sku i Szczecinie protestuj\u0105cy podpalili gmachy komitet\u00f3w wojew\u00f3dzkich PZPR. Aby st\u0142umi\u0107 protesty, w\u0142adze zezwoli\u0142y milicji i wojsku na u\u017cycie broni. Wed\u0142ug oficjalnych danych w grudniu 1970 r. na ulicach Gda\u0144ska, Gdyni, Szczecina i Elbl\u0105ga od kul milicji i wojska zgin\u0119\u0142y 45 os\u00f3b (w tym 18 w Gdyni), a ponad 1160 zosta\u0142o rannych.<\/p>\n","protected":false},"excerpt":{"rendered":"O godz. 6 przed Pomnikiem Grudnia 1970 przy przystanku SKM Gdynia Stocznia rozpocz\u0119\u0142y si\u0119 obchody 55. rocznicy masakry&hellip;\n","protected":false},"author":2,"featured_media":155316,"comment_status":"","ping_status":"","sticky":false,"template":"","format":"standard","meta":{"footnotes":""},"categories":[12],"tags":[32,33,36,37,27,34,35,28,31,25,42,38,40,39,41,29,30,26],"class_list":{"0":"post-155315","1":"post","2":"type-post","3":"status-publish","4":"format-standard","5":"has-post-thumbnail","7":"category-polska","8":"tag-breaking-news","9":"tag-breakingnews","10":"tag-featured-news","11":"tag-featurednews","12":"tag-headlines","13":"tag-latest-news","14":"tag-latestnews","15":"tag-naglowki","16":"tag-najwazniejsze-artykuly","17":"tag-news","18":"tag-pl","19":"tag-poland","20":"tag-polish","21":"tag-polska","22":"tag-polski","23":"tag-top-stories","24":"tag-topstories","25":"tag-wiadomosci"},"share_on_mastodon":{"url":"https:\/\/pubeurope.com\/@pl\/115733602352586533","error":""},"_links":{"self":[{"href":"https:\/\/www.europesays.com\/pl\/wp-json\/wp\/v2\/posts\/155315","targetHints":{"allow":["GET"]}}],"collection":[{"href":"https:\/\/www.europesays.com\/pl\/wp-json\/wp\/v2\/posts"}],"about":[{"href":"https:\/\/www.europesays.com\/pl\/wp-json\/wp\/v2\/types\/post"}],"author":[{"embeddable":true,"href":"https:\/\/www.europesays.com\/pl\/wp-json\/wp\/v2\/users\/2"}],"replies":[{"embeddable":true,"href":"https:\/\/www.europesays.com\/pl\/wp-json\/wp\/v2\/comments?post=155315"}],"version-history":[{"count":0,"href":"https:\/\/www.europesays.com\/pl\/wp-json\/wp\/v2\/posts\/155315\/revisions"}],"wp:featuredmedia":[{"embeddable":true,"href":"https:\/\/www.europesays.com\/pl\/wp-json\/wp\/v2\/media\/155316"}],"wp:attachment":[{"href":"https:\/\/www.europesays.com\/pl\/wp-json\/wp\/v2\/media?parent=155315"}],"wp:term":[{"taxonomy":"category","embeddable":true,"href":"https:\/\/www.europesays.com\/pl\/wp-json\/wp\/v2\/categories?post=155315"},{"taxonomy":"post_tag","embeddable":true,"href":"https:\/\/www.europesays.com\/pl\/wp-json\/wp\/v2\/tags?post=155315"}],"curies":[{"name":"wp","href":"https:\/\/api.w.org\/{rel}","templated":true}]}}