{"id":155317,"date":"2025-12-17T06:56:10","date_gmt":"2025-12-17T06:56:10","guid":{"rendered":"https:\/\/www.europesays.com\/pl\/155317\/"},"modified":"2025-12-17T06:56:10","modified_gmt":"2025-12-17T06:56:10","slug":"koszty-leczenia-polakow-znow-w-gore-mamy-najnowsze-dane","status":"publish","type":"post","link":"https:\/\/www.europesays.com\/pl\/155317\/","title":{"rendered":"Koszty leczenia Polak\u00f3w zn\u00f3w w gor\u0119. Mamy najnowsze dane"},"content":{"rendered":"<p>SPIS TRE\u015aCI<\/p>\n<ol class=\"ods-a-table-of-content__items\">\n<li class=\"ods-a-table-of-content__item\"><a href=\"#toc-nfz-zestawil-dane-o-kosztach-leczenia-polakow\" class=\"ods-a-table-of-content__link\">NFZ zestawi\u0142 dane o kosztach leczenia Polak\u00f3w<\/a><\/li>\n<li class=\"ods-a-table-of-content__item\"><a href=\"#toc-najdrozsi-pacjenci-i-zasada-pareto\" class=\"ods-a-table-of-content__link\">Najdro\u017csi pacjenci i zasada Pareto<\/a><\/li>\n<li class=\"ods-a-table-of-content__item\"><a href=\"#toc-kto-najwiecej-korzysta-z-publicznej-ochrony-zdrowia\" class=\"ods-a-table-of-content__link\">Kto najwi\u0119cej korzysta z publicznej ochrony zdrowia?<\/a><\/li>\n<\/ol>\n<p class=\"ods-c-paragraph \">Zabieg endoprotezoplastyki biodra pai Haliny ustalono rok wcze\u015bniej na 8 grudnia 2025 r. Ten dzie\u0144 jej odpowiada\u0142. Pod koniec listopada odebra\u0142a telefon ze szpitala, \u017ce zabieg si\u0119 w tym terminie jednak nie odb\u0119dzie i pacjentka musi poczeka\u0107 do przysz\u0142ego roku na kolejny sygna\u0142 z now\u0105 dat\u0105 planowanej operacji, &#8222;bo Narodowy Fundusz Zdrowia zwleka z p\u0142atno\u015bciami za rok bie\u017c\u0105cy&#8221;.<\/p>\n<p class=\"ods-c-paragraph \">&#8222;To na co przez te wszystkie lata id\u0105 moje sk\u0142adki zdrowotne? Nigdy nie mia\u0142am \u017cadnej operacji, do lekarza chodz\u0119 sporadycznie. Przez ostatnie trzy lata nasili\u0142 si\u0119 m\u00f3j problem z biodrem, bo mam nieco kr\u00f3tsz\u0105 lew\u0105 nog\u0119 i to zniszczy\u0142o mi staw biodrowy. Wykona\u0142am zlecone badania, w tym rezonans i inne, chodz\u0119 na gimnastyk\u0119 za w\u0142asne pieni\u0105dze, korzystam z fizjoterapii. Niestety stan\u0119\u0142o na tym, \u017ce ju\u017c d\u0142u\u017cej nie mog\u0119 zwleka\u0107, trzeba zrobi\u0107 <a href=\"https:\/\/www.medonet.pl\/badania,endoproteza-stawu-biodrowego---wskazania--rodzaje--przebieg--rehabilitacja,artykul,60331468.html\" id=\"70e5c840-27af-474d-8051-f24726873b19\" rel=\"nofollow noopener\" target=\"_blank\">endoprotez\u0119<\/a>. Naprawd\u0119 mam problemy z poruszaniem si\u0119, dokucza mi b\u00f3l. Czemu szpital mi odmawia, skoro przez lata p\u0142ac\u0119 <a href=\"https:\/\/www.medonet.pl\/t\/skladka-zdrowotna\" id=\"f0ceb8a6-d948-437c-b9fe-3be9876615e0\" rel=\"nofollow noopener\" target=\"_blank\">sk\u0142adk\u0119 zdrowotn\u0105<\/a>?&#8221; \u2014 \u017cali si\u0119 w li\u015bcie do Medonetu.<\/p>\n<p class=\"ods-c-paragraph \">Rzeczywi\u015bcie w tym roku, podobnie jak w poprzednim, NFZ zwleka z p\u0142atno\u015bciami dla szpitali zw\u0142aszcza za zabiegi nielimitowane. W planach s\u0105 zmiany w systemie finansowania \u015bwiadcze\u0144, \u017ceby problem za\u0142agodzi\u0107. Medonet dotar\u0142 do naj\u015bwie\u017cszych danych o tym, jak rozk\u0142adaj\u0105 si\u0119 pieni\u0105dze ze sk\u0142adek na leczenie Polak\u00f3w.<\/p>\n<p>   NFZ zestawi\u0142 dane o kosztach leczenia Polak\u00f3w<\/p>\n<p class=\"ods-c-paragraph \">W 2024 r. koszty leczenia Polak\u00f3w, kt\u00f3re mo\u017cna przypisa\u0107 konkretnym pacjentom, wynios\u0142y a\u017c 169 mld z\u0142. To o ponad 24,5 mld z\u0142 wi\u0119cej ni\u017c rok wcze\u015bniej. Narodowy Fundusz Zdrowia przedstawi\u0142 w\u0142a\u015bnie szczeg\u00f3\u0142owe dane dotycz\u0105ce wydatk\u00f3w na \u015bwiadczenia i leki w ramach publicznego systemu ochrony zdrowia.<\/p>\n<p>Dalszy ci\u0105g artyku\u0142u pod materia\u0142em wideo<\/p>\n<p class=\"ods-c-paragraph \">Opublikowa\u0142 raport, kt\u00f3ry szczeg\u00f3\u0142owo analizuje wydatki na leczenie Polak\u00f3w w 2024 r. Dane obejmuj\u0105 \u015bwiadczenia medyczne i refundacj\u0119 lek\u00f3w, kt\u00f3re mo\u017cna jednoznacznie przypisa\u0107 konkretnym pacjentom. W\u0142\u0105czenie koszt\u00f3w podstawowej opieki zdrowotnej, rozliczanej rycza\u0142towo za ka\u017cdego pacjenta zapisanego do plac\u00f3wki POZ, podnios\u0142o ca\u0142kowity koszt leczenia.<\/p>\n<p class=\"ods-c-paragraph \">Prezes NFZ Filip Nowak podkre\u015bli\u0142, \u017ce raport odpowiada na pytanie, jak wykorzystywane s\u0105 sk\u0142adki zdrowotne. Zaznaczy\u0142, \u017ce wydatki na leczenie pacjent\u00f3w w publicznym systemie systematycznie rosn\u0105, co znajduje odzwierciedlenie w najnowszych danych.<\/p>\n<p class=\"ods-c-paragraph \">Przypomnijmy, \u017ce polski system ochrony zdrowia finansowany jest g\u0142\u00f3wnie z powszechnych sk\u0142adek zdrowotnych, kt\u00f3re stanowi\u0105 znaczn\u0105 cz\u0119\u015b\u0107 bud\u017cetu NFZ. W latach 1999-2024 przychody brutto z tego tytu\u0142u dynamicznie ros\u0142y, co umo\u017cliwia\u0142o zwi\u0119kszanie nak\u0142ad\u00f3w na leczenie.<\/p>\n<p>Najdro\u017csi pacjenci i zasada Pareto<\/p>\n<p class=\"ods-c-paragraph \">Analiza NFZ wskazuje, \u017ce 80 proc. wydatk\u00f3w na \u015bwiadczenia i leki przypada na 20 proc. najbardziej potrzebuj\u0105cych pacjent\u00f3w. Filip Urba\u0144ski, dyrektor departamentu analitycznego NFZ, wyja\u015bni\u0142, \u017ce w raporcie szczeg\u00f3ln\u0105 uwag\u0119 po\u015bwi\u0119cono pacjentom, kt\u00f3rych leczenie kosztowa\u0142o powy\u017cej 100 tys. z\u0142 lub nawet 250 tys. z\u0142.<\/p>\n<p class=\"ods-c-paragraph \">W latach 2020-2024 takich pacjent\u00f3w by\u0142o odpowiednio 756 tys. i ich leczenie poch\u0142on\u0119\u0142o 31,5 proc. wszystkich wydatk\u00f3w NFZ. Z kolei pacjenci, kt\u00f3rych terapia przekroczy\u0142a \u0107wier\u0107 miliona z\u0142otych, stanowili zaledwie 1 proc. populacji, ale odpowiadali za 14,4 proc. bud\u017cetu funduszu.<\/p>\n<p class=\"ods-c-paragraph \">S\u0142owem &#8222;najdro\u017cszy&#8221;, wy\u0142\u0105cznie na potrzeby raportu, analitycy nazwali pacjent\u00f3w, za kt\u00f3rych leczenie NFZ zap\u0142aci\u0142 najwi\u0119cej. Jednocze\u015bnie s\u0105 to najci\u0119\u017cej chorzy pacjenci, kt\u00f3rzy wymagali np. kosztownych terapii lekowych. Na leczenie tylko 100 &#8222;najdro\u017cszych&#8221; pacjent\u00f3w NFZ przeznaczy\u0142 357 mln z\u0142otych w 2024 roku, czyli o 43 mln z\u0142 wi\u0119cej ni\u017c w 2023 r.<\/p>\n<p class=\"ods-c-paragraph \">\u2014 W latach 2020-2024 by\u0142o 756 tys. pacjent\u00f3w, kt\u00f3rych terapia kosztowa\u0142a 100 tysi\u0119cy z\u0142otych lub wi\u0119cej. W tym okresie, koszty leczenia tych pacjent\u00f3w, stanowi\u0142y a\u017c 31,5 proc. wydatk\u00f3w NFZ. Z kolei pacjenci, kt\u00f3rych leczenie poch\u0142on\u0119\u0142o ponad \u0107wier\u0107 miliona z\u0142otych, odpowiadaj\u0105 za 14,4 proc. wydatk\u00f3w NFZ. Ponad 47 mld z\u0142 przeznaczamy na \u015bwiadczenia dla \u2014 uwaga \u2014 1 proc. populacji (mieszka\u0144c\u00f3w Polski). \u2014 podkre\u015bla Filip Urba\u0144ski.<\/p>\n<p><img decoding=\"async\" src=\"https:\/\/www.europesays.com\/pl\/wp-content\/uploads\/2025\/12\/Z8lk9lBaHR0cHM6Ly9vY2RuLmV1L3B1bHNjbXMvTURBXy9kNzQ5NzJmMmI4MTY0MzU3OWE1Zjc4ZjJlNGQ1YzFkNC5qcGeRlQLNB.jpeg\" height=\"300\" width=\"940\" alt=\"Dane NFZ - rozk\u0142\u0105d\" loading=\"lazy\" class=\"ods-c-image__img ods-c-image__img--viewport-width\"\/><\/p>\n<p>Dane NFZ &#8211; rozk\u0142\u0105d\u017br\u00f3d\u0142o: NFZ \/ NFZ<\/p>\n<p class=\"ods-c-paragraph \">A zatem w 2024 r. leczenie 100 najdro\u017cszych pacjent\u00f3w kosztowa\u0142o NFZ 357 mln z\u0142, co oznacza wzrost o 43 mln z\u0142 w por\u00f3wnaniu z rokiem poprzednim.<\/p>\n<p>Kto najwi\u0119cej korzysta z publicznej ochrony zdrowia?<\/p>\n<p class=\"ods-c-paragraph \">Analiza danych NFZ pokazuje, \u017ce najwi\u0119ksze koszty generuj\u0105 pacjenci w wieku 75-79 lat. \u015arednia warto\u015b\u0107 refundacji leczenia dla m\u0119\u017cczyzn wynosi ponad 5,3 tys. z\u0142, a dla kobiet niemal 5,1 tys. z\u0142. W grupie wiekowej 75-79 lat r\u00f3\u017cnice te s\u0105 jeszcze bardziej widoczne i wynosz\u0105 odpowiednio 13,63 tys. z\u0142 dla m\u0119\u017cczyzn oraz 10,58 tys. z\u0142 dla kobiet.<\/p>\n<p class=\"ods-c-paragraph \">Pe\u0142ne wyniki analizy dost\u0119pne s\u0105 na portalu Narodowego Funduszu Zdrowia &#8222;Zdrowe Dane&#8221;.<\/p>\n<p class=\"ods-c-paragraph \"><a href=\"https:\/\/ezdrowie.gov.pl\/portal\/home\/badania-i-dane\/zdrowe-dane\/monitorowanie\/wartosc-refundacji-swiadczen-i-lekow\" id=\"16ac3f47-a24d-4e21-888b-006df194dd9f\" rel=\"nofollow noopener\" target=\"_blank\">LINK DO RAPORTU NFZ: Warto\u015b\u0107 refundacji \u015bwiadcze\u0144 i lek\u00f3w w 2024 r. <\/a><\/p>\n","protected":false},"excerpt":{"rendered":"SPIS TRE\u015aCI NFZ zestawi\u0142 dane o kosztach leczenia Polak\u00f3w Najdro\u017csi pacjenci i zasada Pareto Kto najwi\u0119cej korzysta z&hellip;\n","protected":false},"author":2,"featured_media":155318,"comment_status":"","ping_status":"","sticky":false,"template":"","format":"standard","meta":{"footnotes":""},"categories":[5],"tags":[32,33,36,37,27,34,35,28,31,48,25,46,42,38,40,39,41,47,29,30,26],"class_list":{"0":"post-155317","1":"post","2":"type-post","3":"status-publish","4":"format-standard","5":"has-post-thumbnail","7":"category-naglowki","8":"tag-breaking-news","9":"tag-breakingnews","10":"tag-featured-news","11":"tag-featurednews","12":"tag-headlines","13":"tag-latest-news","14":"tag-latestnews","15":"tag-naglowki","16":"tag-najwazniejsze-artykuly","17":"tag-nat_styl","18":"tag-news","19":"tag-omp","20":"tag-pl","21":"tag-poland","22":"tag-polish","23":"tag-polska","24":"tag-polski","25":"tag-screening_general","26":"tag-top-stories","27":"tag-topstories","28":"tag-wiadomosci"},"share_on_mastodon":{"url":"https:\/\/pubeurope.com\/@pl\/115733606239004511","error":""},"_links":{"self":[{"href":"https:\/\/www.europesays.com\/pl\/wp-json\/wp\/v2\/posts\/155317","targetHints":{"allow":["GET"]}}],"collection":[{"href":"https:\/\/www.europesays.com\/pl\/wp-json\/wp\/v2\/posts"}],"about":[{"href":"https:\/\/www.europesays.com\/pl\/wp-json\/wp\/v2\/types\/post"}],"author":[{"embeddable":true,"href":"https:\/\/www.europesays.com\/pl\/wp-json\/wp\/v2\/users\/2"}],"replies":[{"embeddable":true,"href":"https:\/\/www.europesays.com\/pl\/wp-json\/wp\/v2\/comments?post=155317"}],"version-history":[{"count":0,"href":"https:\/\/www.europesays.com\/pl\/wp-json\/wp\/v2\/posts\/155317\/revisions"}],"wp:featuredmedia":[{"embeddable":true,"href":"https:\/\/www.europesays.com\/pl\/wp-json\/wp\/v2\/media\/155318"}],"wp:attachment":[{"href":"https:\/\/www.europesays.com\/pl\/wp-json\/wp\/v2\/media?parent=155317"}],"wp:term":[{"taxonomy":"category","embeddable":true,"href":"https:\/\/www.europesays.com\/pl\/wp-json\/wp\/v2\/categories?post=155317"},{"taxonomy":"post_tag","embeddable":true,"href":"https:\/\/www.europesays.com\/pl\/wp-json\/wp\/v2\/tags?post=155317"}],"curies":[{"name":"wp","href":"https:\/\/api.w.org\/{rel}","templated":true}]}}