{"id":155319,"date":"2025-12-17T06:57:12","date_gmt":"2025-12-17T06:57:12","guid":{"rendered":"https:\/\/www.europesays.com\/pl\/155319\/"},"modified":"2025-12-17T06:57:12","modified_gmt":"2025-12-17T06:57:12","slug":"skrytykowal-wojne-w-ukrainie-teraz-stracil-wszystkie-tytuly","status":"publish","type":"post","link":"https:\/\/www.europesays.com\/pl\/155319\/","title":{"rendered":"Skrytykowa\u0142 wojn\u0119 w Ukrainie. Teraz straci\u0142 wszystkie tytu\u0142y"},"content":{"rendered":"\n<p class=\"contentpart contentpart--default contentpart--text\" data-position=\"0\">Rosyjski minister sportu <a href=\"https:\/\/sportowefakty.wp.pl\/inne\/michail-diegtiariew\" rel=\"nofollow noopener\" target=\"_blank\">Michai\u0142 Diegtiariew<\/a>\u00a0podpisa\u0142 wa\u017cn\u0105 decyzj\u0119 dotycz\u0105c\u0105 <a href=\"https:\/\/sportowefakty.wp.pl\/szachy\/wladimir-fiedosiejew\" rel=\"nofollow noopener\" target=\"_blank\">W\u0142adimira Fiedosiejewowa<\/a>. Wspomniany szachista straci\u0142 sporo, a wszystko z uwagi na jego pogl\u0105dy.<\/p>\n<p class=\"contentpart contentpart--default contentpart--text\" data-position=\"1\">Ot\u00f3\u017c Fiedosiejewowi odebrano tytu\u0142 mistrza sportu z 2012 roku, a tak\u017ce krajowego arcymistrza z 2014 r. Dokument opublikowano na oficjalnej stronie resortu, a federacja uzna\u0142a, \u017ce zawodnik nie zas\u0142uguje na wyr\u00f3\u017cnienia.<\/p>\n<p> <img role=\"presentation\" src=\"https:\/\/std.wpcdn.pl\/images\/adv\/placeholder_wp.svg\" loading=\"lazy\" alt=\"\" decoding=\"async\"\/>  <\/p>\n<p class=\"contentpart contentpart--default contentpart--text\" data-position=\"2\">ZOBACZ WIDEO: #dziejesiewsporcie: Co to by\u0142 za rzut! Skrad\u0142 show przed meczem<\/p>\n<p class=\"contentpart contentpart--default contentpart--text\" data-position=\"4\">Warto podkre\u015bli\u0107, \u017ce w 2023 roku 30-latek og\u0142osi\u0142 zmian\u0119 sportowego obywatelstwa na S\u0142oweni\u0119, kategorycznie odrzucaj\u0105c reprezentowanie Rosji. Ju\u017c w marcu 2022 r. otwarcie skrytykowa\u0142 agresj\u0119 swojej ojczyzny na Ukrain\u0119 i unika\u0142 wyst\u0119p\u00f3w pod flag\u0105 tamtejszej federacji.<\/p>\n<p class=\"contentpart contentpart--default contentpart--text\" data-position=\"5\">Podczas Grand Prix w Belgradzie, kt\u00f3re ruszy\u0142o trzy dni po rozpocz\u0119ciu wojny, poprosi\u0142 organizator\u00f3w o zdj\u0119cie flagi Federacji Szachowej Rosji ze sto\u0142u. Zrobi\u0142 to przed p\u00f3\u017aniejszymi sankcjami wobec rosyjskich szachist\u00f3w.<\/p>\n<p class=\"contentpart contentpart--default contentpart--text\" data-position=\"6\">&#8211; W Rosji dobrze znaj\u0105 histori\u0119 II wojny \u015bwiatowej &#8211; teraz wszystko wygl\u0105da podobnie. Moim zdaniem Rosja nie jest dzi\u015b krajem demokratycznym. Czuj\u0119, \u017ce z ka\u017cdym dniem sytuacja b\u0119dzie si\u0119 pogarsza\u0107 &#8211; podkre\u015bla\u0142 Fiedosiejew w 2022 roku.<\/p>\n<p> <img role=\"presentation\" src=\"https:\/\/std.wpcdn.pl\/images\/adv\/placeholder_wp.svg\" loading=\"lazy\" alt=\"\" decoding=\"async\"\/>  <\/p>\n<p class=\"contentpart contentpart--default contentpart--text\" data-position=\"7\">W rankingu FIDE Rosjanin reprezentuj\u0105cy S\u0142oweni\u0119 zajmuje 30. miejsce. W dorobku ma m.in. z\u0142oto ME do lat 18 (2013 rok), br\u0105z ME 2014 i M\u015a U-20, a w 2011 r. zosta\u0142 mistrzem Rosji. Warto doda\u0107, \u017ce w 2025 r. wyst\u0105pi\u0142 w turnieju, kt\u00f3ry odby\u0142 si\u0119 w Warszawie.<\/p>\n","protected":false},"excerpt":{"rendered":"Rosyjski minister sportu Michai\u0142 Diegtiariew\u00a0podpisa\u0142 wa\u017cn\u0105 decyzj\u0119 dotycz\u0105c\u0105 W\u0142adimira Fiedosiejewowa. Wspomniany szachista straci\u0142 sporo, a wszystko z uwagi&hellip;\n","protected":false},"author":2,"featured_media":155320,"comment_status":"","ping_status":"","sticky":false,"template":"","format":"standard","meta":{"footnotes":""},"categories":[24],"tags":[16458,42,38,40,39,41,3900,87,127,126,15694,31032],"class_list":{"0":"post-155319","1":"post","2":"type-post","3":"status-publish","4":"format-standard","5":"has-post-thumbnail","7":"category-sport","8":"tag-michail-diegtiariew","9":"tag-pl","10":"tag-poland","11":"tag-polish","12":"tag-polska","13":"tag-polski","14":"tag-pozostale-dyscypliny","15":"tag-rosja","16":"tag-sport","17":"tag-sports","18":"tag-szachy","19":"tag-wladimir-fiedosiejew"},"share_on_mastodon":{"url":"https:\/\/pubeurope.com\/@pl\/115733610771058367","error":""},"_links":{"self":[{"href":"https:\/\/www.europesays.com\/pl\/wp-json\/wp\/v2\/posts\/155319","targetHints":{"allow":["GET"]}}],"collection":[{"href":"https:\/\/www.europesays.com\/pl\/wp-json\/wp\/v2\/posts"}],"about":[{"href":"https:\/\/www.europesays.com\/pl\/wp-json\/wp\/v2\/types\/post"}],"author":[{"embeddable":true,"href":"https:\/\/www.europesays.com\/pl\/wp-json\/wp\/v2\/users\/2"}],"replies":[{"embeddable":true,"href":"https:\/\/www.europesays.com\/pl\/wp-json\/wp\/v2\/comments?post=155319"}],"version-history":[{"count":0,"href":"https:\/\/www.europesays.com\/pl\/wp-json\/wp\/v2\/posts\/155319\/revisions"}],"wp:featuredmedia":[{"embeddable":true,"href":"https:\/\/www.europesays.com\/pl\/wp-json\/wp\/v2\/media\/155320"}],"wp:attachment":[{"href":"https:\/\/www.europesays.com\/pl\/wp-json\/wp\/v2\/media?parent=155319"}],"wp:term":[{"taxonomy":"category","embeddable":true,"href":"https:\/\/www.europesays.com\/pl\/wp-json\/wp\/v2\/categories?post=155319"},{"taxonomy":"post_tag","embeddable":true,"href":"https:\/\/www.europesays.com\/pl\/wp-json\/wp\/v2\/tags?post=155319"}],"curies":[{"name":"wp","href":"https:\/\/api.w.org\/{rel}","templated":true}]}}