{"id":155344,"date":"2025-12-17T07:16:07","date_gmt":"2025-12-17T07:16:07","guid":{"rendered":"https:\/\/www.europesays.com\/pl\/155344\/"},"modified":"2025-12-17T07:16:07","modified_gmt":"2025-12-17T07:16:07","slug":"weto-karola-nawrockiego-w-sejmie-pojechali-po-bandzie","status":"publish","type":"post","link":"https:\/\/www.europesays.com\/pl\/155344\/","title":{"rendered":"Weto Karola Nawrockiego w Sejmie. &#8222;Pojechali po bandzie&#8221;"},"content":{"rendered":"<p class=\"ods-c-paragraph \"><a href=\"https:\/\/wiadomosci.onet.pl\/kraj\/karol-nawrocki-wetuje-kolejna-ustawe-chodzi-o-ochrone-zwierzat\/397gsmz\" id=\"424f1a26-3c70-40d3-a334-5559fde77505\" rel=\"nofollow noopener\" target=\"_blank\">Prezydent Karol Nawrocki na pocz\u0105tku grudnia zawetowa\u0142 nowelizacj\u0119 ustawy o ochronie zwierz\u0105t, tzw. Ustaw\u0119 \u0142a\u0144cuchow\u0105<\/a>, kt\u00f3ra zak\u0142ada\u0142a wprowadzenie zakazu trzymania ps\u00f3w na uwi\u0119zi. Podkre\u015bli\u0142, \u017ce cho\u0107 intencja wzmocnienia ochrony zwierz\u0105t jest s\u0142uszna i szlachetna, to, jego zdaniem, przepisy by\u0142y \u017ale przygotowane, a proponowane w ustawie normy dotycz\u0105ce kojc\u00f3w ca\u0142kowicie nierealne do spe\u0142nienia.<\/p>\n<p>Dalszy ci\u0105g artyku\u0142u pod materia\u0142em wideo<\/p>\n<p class=\"ods-c-paragraph \">Nowelizacja zak\u0142ada\u0142a zakaz trzymania ps\u00f3w na uwi\u0119zi oraz definiowa\u0142a kojec jako miejsce poza lokalem mieszkalnym, z kt\u00f3rego nieprzywi\u0105zany pies nie mo\u017ce samodzielnie si\u0119 wydosta\u0107. W\u0142a\u015bciciele ps\u00f3w mieliby obowi\u0105zek zapewni\u0107 kojce utwardzone i w przewa\u017caj\u0105cej cz\u0119\u015bci zadaszone, o powierzchni co najmniej 10 m kw. dla psa o masie poni\u017cej 20 kg, 15 m kw. dla psa wa\u017c\u0105cego od 20 do 30 kg oraz 20 m kw. dla psa o masie powy\u017cej 30 kg. Powierzchnia kojca mia\u0142a by\u0107 dodatkowo zwi\u0119kszana wraz z liczb\u0105 przebywaj\u0105cych w nim zwierz\u0105t.<\/p>\n<p class=\"ods-c-paragraph \">Jednocze\u015bnie do Sejmu trafi\u0142 prezydencki projekt ustawy, kt\u00f3ry zak\u0142ada zakaz trzymania wszelkich zwierz\u0105t domowych na uwi\u0119zi, nie zawiera jednak przepis\u00f3w reguluj\u0105cych kwesti\u0119 kojc\u00f3w. &#8222;Kojce wielko\u015bci miejskich kawalerek to absurd, kt\u00f3ry uderza\u0142by w rolnik\u00f3w, hodowc\u00f3w i zwyk\u0142e wiejskie gospodarstwa&#8221; \u2014 oceni\u0142 Nawrocki w nagraniu zamieszczonym na profilu Kancelarii Prezydenta na X.<\/p>\n<p>   Prezydenckie weto tzw. ustawy \u0142a\u0144cuchowej w Sejmie<\/p>\n<p class=\"ods-c-paragraph \">Sejm mo\u017ce odrzuci\u0107 prezydenckie weto wi\u0119kszo\u015bci\u0105 3\/5 g\u0142os\u00f3w w obecno\u015bci co najmniej po\u0142owy ustawowej liczby pos\u0142\u00f3w. G\u0142osowanie ma si\u0119 odby\u0107 w \u015brod\u0119. Cho\u0107 we wtorek Nadzwyczajna Komisja ds. zwierz\u0105t zarekomendowa\u0142a Sejmowi odrzucenie weta, uzyskanie wymaganej wi\u0119kszo\u015bci jest ma\u0142o prawdopodobne.<\/p>\n<p class=\"ods-c-paragraph \">Przeciw odrzuceniu weta opowie si\u0119 m.in. klub PiS, cho\u0107 podczas wcze\u015bniejszego g\u0142osowania nad ustaw\u0105 w Sejmie znaczna cz\u0119\u015b\u0107 jego pos\u0142\u00f3w, w tym prezes Jaros\u0142aw Kaczy\u0144ski oraz pose\u0142 Marek Suski, popar\u0142a nowelizacj\u0119. Tym razem jednak, jak powiedzia\u0142 PAP Suski, bli\u017csze mu jest stanowisko prezydenta Karola Nawrockiego.<\/p>\n<p class=\"ods-c-paragraph \">\u2014 Jakkolwiek jeste\u015bmy za tym, aby wspiera\u0107 nasze zwierz\u0119ta, naszych braci mniejszych, to lewica pojecha\u0142a tu po bandzie, proponuj\u0105c kojce wi\u0119ksze ni\u017c apartamenty dla ludzi \u2014 powiedzia\u0142 PAP Suski. \u2014 Porusza\u0142em problem, \u017ce w przypadku wi\u0119cej ni\u017c jednego zwierz\u0119cia do podstawowych 20 m dodaje si\u0119 kolejne metry, a na ma\u0142ych podw\u00f3rkach trudno b\u0119dzie znale\u017a\u0107 taki teren. Z drugiej strony w schroniskach prowadzonych przez organizacje, kt\u00f3re tak mocno gard\u0142uj\u0105, od takiego obowi\u0105zku si\u0119 odchodzi, wi\u0119c to pe\u0142na hipokryzja \u2014 doda\u0142. Warto doda\u0107, \u017ce z przepis\u00f3w dotycz\u0105cych wielko\u015bci kojc\u00f3w wy\u0142\u0105czone s\u0105 m.in. schroniska.<\/p>\n<p>   Szef Kancelarii Prezydenta o g\u0142osowaniu nad wetem: przegraj\u0105 po raz kolejny<\/p>\n<p class=\"ods-c-paragraph \">Szef Kancelarii Prezydenta Zbigniew Bogucki nie wierzy, \u017ce prezydenckie weto zostanie odrzucone. \u2014 Przegraj\u0105 po raz kolejny i po raz kolejny oka\u017ce si\u0119, \u017ce to pan prezydent mia\u0142 racj\u0119 \u2014 powiedzia\u0142 Bogucki dziennikarzom we wtorek. \u2014 Wierz\u0119 w m\u0105dro\u015b\u0107 polskich parlamentarzyst\u00f3w i w m\u0105dro\u015b\u0107 polskiego narodu. Jestem przekonany, \u017ce ustawa przed\u0142o\u017cona przez pana prezydenta jest znacznie lepsza dla zwierz\u0105t, a przede wszystkim dla ludzi, ni\u017c rozwi\u0105zanie zaproponowane przez Sejm \u2014 oceni\u0142.<\/p>\n<p class=\"ods-c-paragraph \">Pos\u0142anka KO Katarzyna Piekarska, od lat zaanga\u017cowana w dzia\u0142ania na rzecz praw zwierz\u0105t, przekonuje jednak, \u017ce projekt prezydencki nie mo\u017ce uzyska\u0107 poparcia, poniewa\u017c nie zawiera ani definicji kojc\u00f3w, ani okre\u015blenia ich minimalnych rozmiar\u00f3w. \u2014 To oznacza, \u017ce psy zostan\u0105 odpi\u0119te z \u0142a\u0144cucha, ale b\u0119dzie mo\u017cna przenie\u015b\u0107 je do klatek o dowolnej wielko\u015bci. Mo\u017ce si\u0119 wi\u0119c okaza\u0107, \u017ce b\u0119d\u0105 mia\u0142y gorzej ni\u017c na \u0142a\u0144cuchach \u2014 powiedzia\u0142a. \u2014 Poza tym prezydent usun\u0105\u0142 zapis o konieczno\u015bci wyprowadzania ps\u00f3w z kojca \u2014 doda\u0142a.<\/p>\n<p class=\"ods-c-paragraph \">Podsumowuj\u0105c dotychczasowy dorobek prawodawstwa prozwierz\u0119cego, Piekarska przyznaje, \u017ce uda\u0142o si\u0119 osi\u0105gn\u0105\u0107 znacz\u0105ce sukcesy. To w\u0142a\u015bnie z jej inicjatywy, gdy by\u0142a pos\u0142ank\u0105 SLD, w 1997 r. uchwalono pierwsz\u0105 ustaw\u0119 o ochronie zwierz\u0105t.<\/p>\n<p class=\"ods-c-paragraph \">\u2014 Najwa\u017cniejsze, \u017ce uda\u0142o si\u0119 wprowadzi\u0107 zakaz hodowli zwierz\u0105t na futra, i za podpisanie tej ustawy nale\u017ca\u0142oby podzi\u0119kowa\u0107 prezydentowi \u2014 zaznaczy\u0142a pos\u0142anka KO. Ustawa uchwalona w pa\u017adzierniku i podpisana na pocz\u0105tku grudnia zakazuje hodowli zwierz\u0105t na futra. Przedsi\u0119biorcy prowadz\u0105cy fermy b\u0119d\u0105 musieli wygasi\u0107 dzia\u0142alno\u015b\u0107 do ko\u0144ca 2033 r., a ci, kt\u00f3rzy zrobi\u0105 to wcze\u015bniej, do 2031 r., mog\u0105 liczy\u0107 na odszkodowanie \u2014 wy\u017csze, im wcze\u015bniejsze zamkni\u0119cie hodowli.<\/p>\n","protected":false},"excerpt":{"rendered":"Prezydent Karol Nawrocki na pocz\u0105tku grudnia zawetowa\u0142 nowelizacj\u0119 ustawy o ochronie zwierz\u0105t, tzw. Ustaw\u0119 \u0142a\u0144cuchow\u0105, kt\u00f3ra zak\u0142ada\u0142a wprowadzenie&hellip;\n","protected":false},"author":2,"featured_media":101609,"comment_status":"","ping_status":"","sticky":false,"template":"","format":"standard","meta":{"footnotes":""},"categories":[12],"tags":[32,33,36,37,27,13344,43,24347,49,34,35,10491,28,31,48,25,46,42,38,40,39,41,25857,47,5485,29,30,26,1266],"class_list":{"0":"post-155344","1":"post","2":"type-post","3":"status-publish","4":"format-standard","5":"has-post-thumbnail","7":"category-polska","8":"tag-breaking-news","9":"tag-breakingnews","10":"tag-featured-news","11":"tag-featurednews","12":"tag-headlines","13":"tag-hodowla_zwierzat","14":"tag-karol_nawrocki","15":"tag-katarzyna_piekarska","16":"tag-kraj","17":"tag-latest-news","18":"tag-latestnews","19":"tag-marek_suski","20":"tag-naglowki","21":"tag-najwazniejsze-artykuly","22":"tag-nat_styl","23":"tag-news","24":"tag-omp","25":"tag-pl","26":"tag-poland","27":"tag-polish","28":"tag-polska","29":"tag-polski","30":"tag-prezydenckie_weto","31":"tag-screening_general","32":"tag-sejm_rp","33":"tag-top-stories","34":"tag-topstories","35":"tag-wiadomosci","36":"tag-zwierzeta"},"share_on_mastodon":{"url":"https:\/\/pubeurope.com\/@pl\/115733684728894199","error":""},"_links":{"self":[{"href":"https:\/\/www.europesays.com\/pl\/wp-json\/wp\/v2\/posts\/155344","targetHints":{"allow":["GET"]}}],"collection":[{"href":"https:\/\/www.europesays.com\/pl\/wp-json\/wp\/v2\/posts"}],"about":[{"href":"https:\/\/www.europesays.com\/pl\/wp-json\/wp\/v2\/types\/post"}],"author":[{"embeddable":true,"href":"https:\/\/www.europesays.com\/pl\/wp-json\/wp\/v2\/users\/2"}],"replies":[{"embeddable":true,"href":"https:\/\/www.europesays.com\/pl\/wp-json\/wp\/v2\/comments?post=155344"}],"version-history":[{"count":0,"href":"https:\/\/www.europesays.com\/pl\/wp-json\/wp\/v2\/posts\/155344\/revisions"}],"wp:featuredmedia":[{"embeddable":true,"href":"https:\/\/www.europesays.com\/pl\/wp-json\/wp\/v2\/media\/101609"}],"wp:attachment":[{"href":"https:\/\/www.europesays.com\/pl\/wp-json\/wp\/v2\/media?parent=155344"}],"wp:term":[{"taxonomy":"category","embeddable":true,"href":"https:\/\/www.europesays.com\/pl\/wp-json\/wp\/v2\/categories?post=155344"},{"taxonomy":"post_tag","embeddable":true,"href":"https:\/\/www.europesays.com\/pl\/wp-json\/wp\/v2\/tags?post=155344"}],"curies":[{"name":"wp","href":"https:\/\/api.w.org\/{rel}","templated":true}]}}