{"id":155375,"date":"2025-12-17T07:40:11","date_gmt":"2025-12-17T07:40:11","guid":{"rendered":"https:\/\/www.europesays.com\/pl\/155375\/"},"modified":"2025-12-17T07:40:11","modified_gmt":"2025-12-17T07:40:11","slug":"puchar-krola-barcelona-awansowala-do-1-8-finalu-przecietny-mecz-z-trzecioligowcem-sport-tvp-pl","status":"publish","type":"post","link":"https:\/\/www.europesays.com\/pl\/155375\/","title":{"rendered":"Puchar Kr\u00f3la. Barcelona awansowa\u0142a do 1\/8 fina\u0142u. Przeci\u0119tny mecz z trzecioligowcem &#8211; sport.tvp.pl"},"content":{"rendered":"<ol>\n<li><a href=\"https:\/\/news.google.com\/rss\/articles\/CBMirwFBVV95cUxNZ041U2tZb1dPLXR0dWtMVlpFcmZaekc4T2M4OUdSanVxbkQwRVVVWGQ1QjZBcXpDdzEteDhYd2lNci1weUpJT1dUYThPemdONENtekE4UDlxd0dIR0l5WkVyWUoyX0xtdkZsSVFLWEZocXRDdlc3NTU3SUJKeGRZeGlvdWJRSzljc3A5RnZUeXNxTUMzSWtyYjlyNHpLUkRFVFhJQTBoQTIzdXNZTm5V0gG0AUFVX3lxTE1TSkEwNExzWXJMU1pFanoyT0NBRDZDS3Y4Sngtdm8zWVNrbGNaTlBYaXlJWVRYdlpDWnVmMGt4S1JyV25qWVRTZ1E5Q2xqREdZOVpsejg5c0R4aEhxVzU3dk5kOE5BVUFmd1o3YXBSRFh5c21nREJkUmVGb0k5NXlRcElqbmVOdXJ5SEwwX1FrbW9pR3FUdHlINEdLN29qc1pJZDc5OWk3cHUyVnlkVzhkeHMybA?oc=5\" target=\"_blank\" rel=\"nofollow noopener\">Puchar Kr\u00f3la. Barcelona awansowa\u0142a do 1\/8 fina\u0142u. Przeci\u0119tny mecz z trzecioligowcem<\/a>&nbsp;&nbsp;sport.tvp.pl<\/li>\n<li><a href=\"https:\/\/news.google.com\/rss\/articles\/CBMivgFBVV95cUxNbmRoQXdoa1hUUHZsS05LSnFFU25ka2xwRlJzYWQ2TXVHUnI1N19GMENBWURfUXlscFU0c2VVYnFkbFlOaHVtYzdhZzIyaVhORFRwUzZDYXJXc1NTV2RPaERDTFJWZ09ZMFBXLTZvNDdESGFnejQ0YmNVb1A3Vm85ZTlBdXZOVUhWc2ZuMUNaWnRnSFFFWTlueEtUQlMtX04tb241dnBBREhWNmVFXzZQM20tbklrRzY2M2Y2MWNn?oc=5\" target=\"_blank\" rel=\"nofollow noopener\">Trzecioligowiec postawi\u0142 si\u0119 Barcelonie. A\u017c nadesz\u0142a 77. minuta<\/a>&nbsp;&nbsp;Przegl\u0105d Sportowy Onet<\/li>\n<li><a href=\"https:\/\/news.google.com\/rss\/articles\/CBMizgFBVV95cUxNLXk2b1ZFQUw4eTQycW9ZYkNFbllPM0VJVk91X3lkWWh6VGVOV0lIemFBWFhJRXlwdzNVb3lJSi1KejI5VGxyZjhISWtjQUY4d2k4UEZIVlRnanRvcmtWN28tYnJsVTRLT1FWSFlKelNPZFptZTh1ekYtbTZUS1dDNWZEaHBNeFZtRFEyNHN4ZTdVa3JrV2cyb09ZNkpHX1V6QVNqTjhrYzkyR29qRXhwV1NpS05XZFJKQ29TQjVFM1E4c3J3cFBQQk00OEF6Zw?oc=5\" target=\"_blank\" rel=\"nofollow noopener\">&#8222;Barcelona musia\u0142a si\u0119 ubrudzi\u0107&#8221;. Hiszpa\u0144skie media wprost o m\u0119czarniach Barcy<\/a>&nbsp;&nbsp;SportoweFakty<\/li>\n<li><a href=\"https:\/\/news.google.com\/rss\/articles\/CBMirgFBVV95cUxPSWhNZ1dfODNFTUhsTXBIVWRLMUZqUnZURzE3M3FVSFg2UVc1SmF6ZWVMcDUtZjdXeXp6a25jMTJuRm5XeVJZYTZzcFl2d0FYMjdlUXRjR0VSMEVHYVd1SG5uQnlQeFhkZWhPanF1djhjY184cUhqV3I1WXlUWlBFcFZ0U2ZFLWs5dEFEMXBKODhva2h3VFhwcmo5eDMzQ1FIaUR1RzhxbmVaa29nWGc?oc=5\" target=\"_blank\" rel=\"nofollow noopener\">Trzecioligowiec zaskoczy\u0142 Barcelon\u0119! Gol w 76. minucie zmieni\u0142 wszystko<\/a>&nbsp;&nbsp;Sport.pl<\/li>\n<li><a href=\"https:\/\/news.google.com\/rss\/articles\/CBMitgFBVV95cUxOUFBISjczSjRuUy0tdU1rOVZ2ME45SDY4bG9Ec3lFRUt2Ui0wUDF2VEJ4bWt5OUpreHhmRXVIR3pwLWZoZW4xVEt3YTZrWVBSLUxERDVUdU5JS2o0c0NZSkVxRXBzQ0ZzTFA1bHpDVzV1VU5ZQThiU053TUZMYjZlZHd1TzVxeVV0Y3NpS0ZCRlVPSm9pbHNmYU5PdkVyZ0RsOXdCTW8xUE52eVdkdFRHOTIxUGJlQQ?oc=5\" target=\"_blank\" rel=\"nofollow noopener\">Mecz Barcelony op\u00f3\u017aniony. Kuriozalny pow\u00f3d, ogromne zamieszanie<\/a>&nbsp;&nbsp;Sport w INTERIA.PL<\/li>\n<\/ol>\n","protected":false},"excerpt":{"rendered":"Puchar Kr\u00f3la. Barcelona awansowa\u0142a do 1\/8 fina\u0142u. Przeci\u0119tny mecz z trzecioligowcem&nbsp;&nbsp;sport.tvp.pl Trzecioligowiec postawi\u0142 si\u0119 Barcelonie. A\u017c nadesz\u0142a 77.&hellip;\n","protected":false},"author":2,"featured_media":155376,"comment_status":"","ping_status":"","sticky":false,"template":"","format":"standard","meta":{"footnotes":""},"categories":[24],"tags":[30815,272,269,42,38,40,39,41,30677,273,127,334,126,1876],"class_list":{"0":"post-155375","1":"post","2":"type-post","3":"status-publish","4":"format-standard","5":"has-post-thumbnail","7":"category-sport","8":"tag-cd-guadalajara","9":"tag-fc-barcelona","10":"tag-pilka-nozna","11":"tag-pl","12":"tag-poland","13":"tag-polish","14":"tag-polska","15":"tag-polski","16":"tag-puchar-krla","17":"tag-robert-lewandowski","18":"tag-sport","19":"tag-sport-tvp-pl","20":"tag-sports","21":"tag-wojciech-szczesny"},"share_on_mastodon":{"url":"https:\/\/pubeurope.com\/@pl\/115733779238533463","error":""},"_links":{"self":[{"href":"https:\/\/www.europesays.com\/pl\/wp-json\/wp\/v2\/posts\/155375","targetHints":{"allow":["GET"]}}],"collection":[{"href":"https:\/\/www.europesays.com\/pl\/wp-json\/wp\/v2\/posts"}],"about":[{"href":"https:\/\/www.europesays.com\/pl\/wp-json\/wp\/v2\/types\/post"}],"author":[{"embeddable":true,"href":"https:\/\/www.europesays.com\/pl\/wp-json\/wp\/v2\/users\/2"}],"replies":[{"embeddable":true,"href":"https:\/\/www.europesays.com\/pl\/wp-json\/wp\/v2\/comments?post=155375"}],"version-history":[{"count":0,"href":"https:\/\/www.europesays.com\/pl\/wp-json\/wp\/v2\/posts\/155375\/revisions"}],"wp:featuredmedia":[{"embeddable":true,"href":"https:\/\/www.europesays.com\/pl\/wp-json\/wp\/v2\/media\/155376"}],"wp:attachment":[{"href":"https:\/\/www.europesays.com\/pl\/wp-json\/wp\/v2\/media?parent=155375"}],"wp:term":[{"taxonomy":"category","embeddable":true,"href":"https:\/\/www.europesays.com\/pl\/wp-json\/wp\/v2\/categories?post=155375"},{"taxonomy":"post_tag","embeddable":true,"href":"https:\/\/www.europesays.com\/pl\/wp-json\/wp\/v2\/tags?post=155375"}],"curies":[{"name":"wp","href":"https:\/\/api.w.org\/{rel}","templated":true}]}}