{"id":155412,"date":"2025-12-17T08:15:21","date_gmt":"2025-12-17T08:15:21","guid":{"rendered":"https:\/\/www.europesays.com\/pl\/155412\/"},"modified":"2025-12-17T08:15:21","modified_gmt":"2025-12-17T08:15:21","slug":"puchar-krola-cd-guadalajara-fc-barcelona-bedzie-w-tv-kiedy-start","status":"publish","type":"post","link":"https:\/\/www.europesays.com\/pl\/155412\/","title":{"rendered":"Puchar Kr\u00f3la. CD Guadalajara &#8211; FC Barcelona. B\u0119dzie w TV? Kiedy start?"},"content":{"rendered":"\n<p class=\"contentpart contentpart--default contentpart--text\" data-position=\"0\">Puchar Kr\u00f3la. CD Guadalajara &#8211; FC Barcelona. Czy mecz b\u0119dzie w telewizji? Gdzie ogl\u0105da\u0107?<\/p>\n<p class=\"contentpart contentpart--default contentpart--text\" data-position=\"1\">We wtorek, 16 grudnia o godzinie 21:00 rozpocznie si\u0119 spotkanie Pucharu Kr\u00f3la. W nim zmierz\u0105 si\u0119 ze sob\u0105 <a href=\"https:\/\/sportowefakty.wp.pl\/pilka-nozna\/cd-guadalajara\" rel=\"nofollow noopener\" target=\"_blank\">CD Guadalajara<\/a>\u00a0i <a href=\"https:\/\/sportowefakty.wp.pl\/pilka-nozna\/fc-barcelona\" rel=\"nofollow noopener\" target=\"_blank\">FC Barcelona<\/a>. Dla gospodarzy, kt\u00f3rzy na co dzie\u0144 wyst\u0119puj\u0105 na trzecim poziomie rozgrywkowym w Hiszpanii, to ogromna szansa na pokazanie si\u0119 i sprawienie niema\u0142ej sensacji. Go\u015bcie s\u0105 jednak liderem La Liga i ostatnio notuj\u0105 dobre wyniki.<\/p>\n<p> <img role=\"presentation\" src=\"https:\/\/std.wpcdn.pl\/images\/adv\/placeholder_wp.svg\" loading=\"lazy\" alt=\"\" decoding=\"async\"\/>  <\/p>\n<p class=\"contentpart contentpart--default contentpart--text\" data-position=\"2\">Transmisja telewizyjna tej rywalizacji b\u0119dzie dost\u0119pna na kanale Eleven Sports 1.<\/p>\n<p class=\"contentpart contentpart--default contentpart--text\" data-position=\"3\">ZOBACZ WIDEO: Kadra, relacje z Lewandowskim i Urbanem. Jerzy Brz\u0119czek go\u015bciem WP SportoweFakty<\/p>\n<p class=\"contentpart contentpart--default contentpart--text\" data-position=\"5\">Mecz Guadalajara &#8211; Barcelona w internecie. Gdzie znale\u017a\u0107 stream online z Pucharu Kr\u00f3la?<\/p>\n<p class=\"contentpart contentpart--default contentpart--text\" data-position=\"6\">Spotkanie z udzia\u0142em CD Guadalajara i FC Barcelony dost\u0119pne b\u0119dzie do obejrzenia tak\u017ce w internecie. Transmisj\u0119 mo\u017cna \u015bledzi\u0107 na stronie i w aplikacji Pilot WP. Tekstow\u0105 relacj\u0119 LIVE przeprowadzi portal WP SportoweFakty.<\/p>\n<p> <img role=\"presentation\" src=\"https:\/\/std.wpcdn.pl\/images\/adv\/placeholder_wp.svg\" loading=\"lazy\" alt=\"\" decoding=\"async\"\/>  <\/p>\n<p class=\"contentpart contentpart--default contentpart--text\" data-position=\"7\"><a href=\"https:\/\/sportowefakty.wp.pl\/pilka-nozna\/relacja-na-zywo\/175992\/cd-guadalajara-fc-barcelona-live\" rel=\"nofollow noopener\" target=\"blank\">Darmowa relacja LIVE z meczu CD Guadalajara &#8211; Barcelona w ramach Pucharu Kr\u00f3la na WP SportoweFakty.<\/a><\/p>\n<p class=\"contentpart contentpart--default contentpart--text\" data-position=\"8\">Pocz\u0105tek meczu CD Guadalajara &#8211; Barcelona: godz. 21:00. Transmisja TV: Eleven Sports 1.\u00a0Stream online: Pilot WP. Relacja LIVE: WP SportoweFakty.<\/p>\n","protected":false},"excerpt":{"rendered":"Puchar Kr\u00f3la. CD Guadalajara &#8211; FC Barcelona. Czy mecz b\u0119dzie w telewizji? Gdzie ogl\u0105da\u0107? We wtorek, 16 grudnia&hellip;\n","protected":false},"author":2,"featured_media":155413,"comment_status":"","ping_status":"","sticky":false,"template":"","format":"standard","meta":{"footnotes":""},"categories":[24],"tags":[30815,272,269,540,42,38,40,39,41,30625,127,126],"class_list":{"0":"post-155412","1":"post","2":"type-post","3":"status-publish","4":"format-standard","5":"has-post-thumbnail","7":"category-sport","8":"tag-cd-guadalajara","9":"tag-fc-barcelona","10":"tag-pilka-nozna","11":"tag-pilka-nozna-w-hiszpanii","12":"tag-pl","13":"tag-poland","14":"tag-polish","15":"tag-polska","16":"tag-polski","17":"tag-puchar-krola","18":"tag-sport","19":"tag-sports"},"share_on_mastodon":{"url":"https:\/\/pubeurope.com\/@pl\/115733917513714077","error":""},"_links":{"self":[{"href":"https:\/\/www.europesays.com\/pl\/wp-json\/wp\/v2\/posts\/155412","targetHints":{"allow":["GET"]}}],"collection":[{"href":"https:\/\/www.europesays.com\/pl\/wp-json\/wp\/v2\/posts"}],"about":[{"href":"https:\/\/www.europesays.com\/pl\/wp-json\/wp\/v2\/types\/post"}],"author":[{"embeddable":true,"href":"https:\/\/www.europesays.com\/pl\/wp-json\/wp\/v2\/users\/2"}],"replies":[{"embeddable":true,"href":"https:\/\/www.europesays.com\/pl\/wp-json\/wp\/v2\/comments?post=155412"}],"version-history":[{"count":0,"href":"https:\/\/www.europesays.com\/pl\/wp-json\/wp\/v2\/posts\/155412\/revisions"}],"wp:featuredmedia":[{"embeddable":true,"href":"https:\/\/www.europesays.com\/pl\/wp-json\/wp\/v2\/media\/155413"}],"wp:attachment":[{"href":"https:\/\/www.europesays.com\/pl\/wp-json\/wp\/v2\/media?parent=155412"}],"wp:term":[{"taxonomy":"category","embeddable":true,"href":"https:\/\/www.europesays.com\/pl\/wp-json\/wp\/v2\/categories?post=155412"},{"taxonomy":"post_tag","embeddable":true,"href":"https:\/\/www.europesays.com\/pl\/wp-json\/wp\/v2\/tags?post=155412"}],"curies":[{"name":"wp","href":"https:\/\/api.w.org\/{rel}","templated":true}]}}