{"id":155414,"date":"2025-12-17T08:16:23","date_gmt":"2025-12-17T08:16:23","guid":{"rendered":"https:\/\/www.europesays.com\/pl\/155414\/"},"modified":"2025-12-17T08:16:23","modified_gmt":"2025-12-17T08:16:23","slug":"jacek-borusinski-zamiast-kuby-wojewodzkiego-zurnalista-dodal-wymowny-komentarz","status":"publish","type":"post","link":"https:\/\/www.europesays.com\/pl\/155414\/","title":{"rendered":"Jacek Borusi\u0144ski zamiast Kuby Wojew\u00f3dzkiego. \u017burnalista doda\u0142 wymowny komentarz"},"content":{"rendered":"<p class=\"Paragraph_desktopParagraph__U31Gm\"><a href=\"https:\/\/plejada.pl\/temat\/kuba-wojewodzki-dziennikarz-jakub-wojewodzki\" id=\"41fda68e-bba3-4d8b-bb5b-89d14fab38d2\" rel=\"nofollow noopener\" target=\"_blank\">Kuba Wojew\u00f3dzki<\/a> zrezygnowa\u0142 z pracy w Teatrze 6. Pi\u0119tro po informacji o zatrudnieniu w plac\u00f3wce \u017burnalisty. &#8222;W zwi\u0105zku z planami pojawienia si\u0119 na scenie Teatru 6. pi\u0119tro niejakiego \u017burnalisty, kt\u00f3rego osoba, \u015bwiatopogl\u0105d, etyka i estetyka s\u0105 mi ca\u0142kowicie obce, zmuszony jestem zrezygnowa\u0107 z dalszej wsp\u00f3\u0142pracy z Teatrem. Dzi\u0119kuj\u0119 Wszystkim za te wsp\u00f3lne 15 lat&#8221; \u2014 informowa\u0142.<\/p>\n<p class=\"Paragraph_desktopParagraph__U31Gm\">Podcaster odni\u00f3s\u0142 si\u0119 do tych s\u0142\u00f3w w mediach spo\u0142eczno\u015bciowych. &#8222;Dowiedzia\u0142em si\u0119 o tym z medi\u00f3w, bo Kuba zablokowa\u0142 mnie w social mediach trzy lata temu. Sta\u0142o si\u0119 to po tym, jak opublikowa\u0142em ranking podcast\u00f3w, w kt\u00f3rym by\u0142 ni\u017cej ode mnie&#8221; \u2014 napisa\u0142.<\/p>\n<ul class=\"OchatFollowUps_wrapper__1ry7X\">\n<li class=\"OchatFollowUps_item__Dhyly OchatFollowUps_itemDesktop__R6aBv\">Kto zast\u0105pi\u0142 Kub\u0119 Wojew\u00f3dzkiego w Teatrze 6. Pi\u0119tro?<\/li>\n<li class=\"OchatFollowUps_item__Dhyly OchatFollowUps_itemDesktop__R6aBv\">Jakie jest zdanie \u017burnalisty na temat zast\u0119pstwa Wojew\u00f3dzkiego?<\/li>\n<li class=\"OchatFollowUps_item__Dhyly OchatFollowUps_itemDesktop__R6aBv\">Od kiedy Jacek Borusi\u0144ski ma gra\u0107 w spektaklu?<\/li>\n<li class=\"OchatFollowUps_item__Dhyly OchatFollowUps_itemDesktop__R6aBv\">Jak d\u0142ugo Kuba Wojew\u00f3dzki pracowa\u0142 w Teatrze 6. Pi\u0119tro?<\/li>\n<\/ul>\n<p>Teatr 6. Pi\u0119tro znalaz\u0142 nast\u0119pc\u0119 Kuby Wojew\u00f3dzkiego. \u017burnalista komentuje <\/p>\n<p class=\"Paragraph_desktopParagraph__U31Gm\">Teraz Teatr 6. Pi\u0119tro poinformowa\u0142, \u017ce <a href=\"https:\/\/plejada.pl\/temat\/jacek-borusinski-aktor-komik\" id=\"5c4d4d80-cbc1-4c03-aae3-bb919b67cb22\" rel=\"nofollow noopener\" target=\"_blank\">Jacek Borusi\u0144ski<\/a> do\u0142\u0105czy\u0142 do obsady spektaklu &#8222;Zagraj to jeszcze raz, Sam&#8221;. <a href=\"https:\/\/plejada.pl\/newsy\/kuba-wojewodzki-odszedl-z-teatru-6-pietro-zamiast-niego-jacek-borusinski-z-mumio\/0c9ycyh\" id=\"d009b296-953c-4511-85f8-9835f7264ac2\" rel=\"nofollow noopener\" target=\"_blank\">W swojej zapowiedzi<\/a> dodali, \u017ce to w\u0142a\u015bnie aktor 17 lat temu by\u0142 pierwszym wyborem do roli Allana.<\/p>\n<blockquote>\n<p class=\"Paragraph_desktopParagraph__U31Gm\">Jako ciekawostk\u0119 mo\u017cemy doda\u0107 fakt, \u017ce propozycja zagrania roli Allana zosta\u0142a z\u0142o\u017cona Jackowi Borusi\u0144skiemu ju\u017c 17 lat temu\u202fi by\u0142 on w\u00f3wczas\u202fpierwszym wyborem obsadowym re\u017cysera spektaklu Eugeniusz Korina. Tym bardziej cieszy nas fakt, \u017ce\u202fpo latach uda\u0142o si\u0119 wr\u00f3ci\u0107 do pierwotnego pomys\u0142u, kt\u00f3rego rezultat mo\u017cna b\u0119dzie zobaczy\u0107 ju\u017c za chwil\u0119.<\/p>\n<\/blockquote>\n<p class=\"Paragraph_desktopParagraph__U31Gm\">\u2014 czytamy.<\/p>\n<p class=\"Paragraph_desktopParagraph__U31Gm\">Teatr 6. Pi\u0119tro zd\u0105\u017cy\u0142 ju\u017c opublikowa\u0107 plakat zapowiadaj\u0105cy spektakl, na kt\u00f3rym jest m.in. Jacek Borusi\u0144ski. <a href=\"https:\/\/plejada.pl\/temat\/zurnalista\" id=\"56d9d519-30ed-40bf-bcef-800702d759af\" rel=\"nofollow noopener\" target=\"_blank\">\u017burnalista<\/a> pokusi\u0142 si\u0119 o skomentowanie wyboru wymownymi s\u0142owami.<\/p>\n<p class=\"Paragraph_desktopParagraph__U31Gm\">\u2014 napisa\u0142.<\/p>\n<p class=\"Paragraph_desktopParagraph__U31Gm\">&#8222;Najlepszy&#8221; \u2014 odpowiedzia\u0142 Teatr 6. Pi\u0119tro.<\/p>\n<p class=\"Paragraph_desktopParagraph__U31Gm\">Dzi\u0119kujemy, \u017ce przeczyta\u0142a\u015b\/e\u015b nasz artyku\u0142 do ko\u0144ca. W serwisie Plejada.pl ka\u017cdego dnia piszemy o najwa\u017cniejszych wydarzeniach show-biznesowych. B\u0105d\u017a na bie\u017c\u0105co! <a rel=\"nofollow noopener\" href=\"https:\/\/profile.google.com\/cp\/Cg0vZy8xMWJ6X19wdHBx\" id=\"805057ef-6a30-4cab-8b7b-23f4e3f37ad8\" target=\"_blank\">Obserwuj<\/a> Plejad\u0119 w Wiadomo\u015bciach Google. Odwied\u017a nas tak\u017ce na <a rel=\"nofollow noopener\" href=\"https:\/\/www.facebook.com\/plejadapl\" id=\"20a1fd6e-1ef5-4845-895a-36caf33c254a\" target=\"_blank\">Facebooku<\/a>, <a rel=\"nofollow noopener\" href=\"https:\/\/www.instagram.com\/plejadapl\/\" id=\"8b1dee3e-8a5c-4fe1-b6f2-b728b62bc57a\" target=\"_blank\">Instagramie<\/a>, <a rel=\"nofollow noopener\" href=\"https:\/\/www.youtube.com\/c\/plejada\" id=\"ab09a6e5-a54b-474c-98a5-ae3d00f9081a\" target=\"_blank\">YouTube<\/a> oraz <a rel=\"nofollow noopener\" href=\"https:\/\/www.tiktok.com\/@plejada_pl\" id=\"a1056d4d-e6d2-4b24-9122-cb62c2e57427\" target=\"_blank\">TikToku<\/a>.<\/p>\n<p class=\"Paragraph_desktopParagraph__U31Gm\">Chcesz podzieli\u0107 si\u0119 ciekawym newsem lub zaproponowa\u0107 temat? Skontaktuj si\u0119 z nami, pisz\u0105c e-maila na adres: <a href=\"https:\/\/www.onet.pl\/styl-zycia\/plejada\/jacek-borusinski-zamiast-kuby-wojewodzkiego-zurnalista-dodal-wymowny-komentarz\/mailto:plejada@redakcjaonet.pl\" id=\"97c2632c-f14f-4689-a258-80ab72e294f0\" rel=\"nofollow noopener\" target=\"_blank\">plejada@redakcjaonet.pl<\/a>.<\/p>\n<p><script async src=\"\/\/www.instagram.com\/embed.js\"><\/script><script async src=\"\/\/www.tiktok.com\/embed.js\"><\/script><\/p>\n","protected":false},"excerpt":{"rendered":"Kuba Wojew\u00f3dzki zrezygnowa\u0142 z pracy w Teatrze 6. Pi\u0119tro po informacji o zatrudnieniu w plac\u00f3wce \u017burnalisty. &#8222;W zwi\u0105zku&hellip;\n","protected":false},"author":2,"featured_media":155415,"comment_status":"","ping_status":"","sticky":false,"template":"","format":"standard","meta":{"footnotes":""},"categories":[22],"tags":[122,67,31000,719,261,53,52,68,51,55,42,38,40,39,41,123,47,18358,65,50,10007],"class_list":{"0":"post-155414","1":"post","2":"type-post","3":"status-publish","4":"format-standard","5":"has-post-thumbnail","7":"category-rozrywka","8":"tag-entertainment","9":"tag-intextvideo_splayer","10":"tag-jacek_borusinski_aktor_komik","11":"tag-kuba_wojewodzki_dziennikarz_jakub_wojewodzki","12":"tag-kultura","13":"tag-new_header","14":"tag-onet3","15":"tag-onet3d","16":"tag-onet3d_2i","17":"tag-phx","18":"tag-pl","19":"tag-poland","20":"tag-polish","21":"tag-polska","22":"tag-polski","23":"tag-rozrywka","24":"tag-screening_general","25":"tag-teatr_6_pietro_w_warszawie","26":"tag-update_me","27":"tag-v2021","28":"tag-zurnalista"},"share_on_mastodon":{"url":"https:\/\/pubeurope.com\/@pl\/115733920843558549","error":""},"_links":{"self":[{"href":"https:\/\/www.europesays.com\/pl\/wp-json\/wp\/v2\/posts\/155414","targetHints":{"allow":["GET"]}}],"collection":[{"href":"https:\/\/www.europesays.com\/pl\/wp-json\/wp\/v2\/posts"}],"about":[{"href":"https:\/\/www.europesays.com\/pl\/wp-json\/wp\/v2\/types\/post"}],"author":[{"embeddable":true,"href":"https:\/\/www.europesays.com\/pl\/wp-json\/wp\/v2\/users\/2"}],"replies":[{"embeddable":true,"href":"https:\/\/www.europesays.com\/pl\/wp-json\/wp\/v2\/comments?post=155414"}],"version-history":[{"count":0,"href":"https:\/\/www.europesays.com\/pl\/wp-json\/wp\/v2\/posts\/155414\/revisions"}],"wp:featuredmedia":[{"embeddable":true,"href":"https:\/\/www.europesays.com\/pl\/wp-json\/wp\/v2\/media\/155415"}],"wp:attachment":[{"href":"https:\/\/www.europesays.com\/pl\/wp-json\/wp\/v2\/media?parent=155414"}],"wp:term":[{"taxonomy":"category","embeddable":true,"href":"https:\/\/www.europesays.com\/pl\/wp-json\/wp\/v2\/categories?post=155414"},{"taxonomy":"post_tag","embeddable":true,"href":"https:\/\/www.europesays.com\/pl\/wp-json\/wp\/v2\/tags?post=155414"}],"curies":[{"name":"wp","href":"https:\/\/api.w.org\/{rel}","templated":true}]}}