{"id":155423,"date":"2025-12-17T08:21:06","date_gmt":"2025-12-17T08:21:06","guid":{"rendered":"https:\/\/www.europesays.com\/pl\/155423\/"},"modified":"2025-12-17T08:21:06","modified_gmt":"2025-12-17T08:21:06","slug":"mateusz-borek-ujawnia-jaka-umowe-podpisuje-tvp-to-bylo-w-polsce-niedostepne-przeglad-sportowy-onet","status":"publish","type":"post","link":"https:\/\/www.europesays.com\/pl\/155423\/","title":{"rendered":"Mateusz Borek ujawnia, jak\u0105 umow\u0119 podpisuje TVP. To by\u0142o w Polsce niedost\u0119pne &#8211; Przegl\u0105d Sportowy Onet"},"content":{"rendered":"<ol>\n<li><a href=\"https:\/\/news.google.com\/rss\/articles\/CBMi2wFBVV95cUxONE9SdC1CMlFYdGY3bERCdXk5SVJjSlRLMEtFd1hUdm9OU2hORl80ODdyMTJqQnk3VV9uNU54eGVVVmt6T3FxQ3ZPYWd4LTZYNmlHVEpscXU4aXFXTVNIYjFMTDFmZlJNdi02bEh5V2N0czNSM0JzaTViZkVvX3dTRUxGeFhGR0pCcEJvWnVGendYT3lNMldMdmNWamotUjNEczBHM0JyTlhuQ212UTR1Z0ROSXV1VFVlTGxKR2dBOGdvemVwalhPdDc2dE45VjZMLVJlRFJhNXBLelk?oc=5\" target=\"_blank\" rel=\"nofollow noopener\">Mateusz Borek ujawnia, jak\u0105 umow\u0119 podpisuje TVP. To by\u0142o w Polsce niedost\u0119pne<\/a>&nbsp;&nbsp;Przegl\u0105d Sportowy Onet<\/li>\n<li><a href=\"https:\/\/news.google.com\/rss\/articles\/CBMilAFBVV95cUxNdDczZ1g0ZTNZQnpoWjhfTEVDWmxwVGZhcG9Ua21jVE0zVU05czJiQ3gyUGN2b0VkV3NoMk03ZGVIaC0ybE5PZFRIMG41VXhuQ3NyTXhrT0lQYUlMZnhjUmY3b1o1dVo1LUEyb3FfNTcxZXZ5U21hOEN0MUFwV3A4eVA0dU1tTzdQbkhVb0RnaVJSUS1C?oc=5\" target=\"_blank\" rel=\"nofollow noopener\">TVP poka\u017ce te rozgrywki. Jest potwierdzenie<\/a>&nbsp;&nbsp;SportoweFakty<\/li>\n<li><a href=\"https:\/\/news.google.com\/rss\/articles\/CBMirAFBVV95cUxQdmNGZG0wNklYRFdndjhmRDNRbXZBd0twN1pXNlRFQVl0Vm1JRW1JQlRzOWtNcU0xTHBYdFBoVUFHRkQtQk1YdnNjQjY2a3FYdzB6X0s2T1gxSEh6Vk1vWVEtMVFsaWxPS2JFdVpSX0pvMHBOTFd1YUNUdjRRakx2WUkzeUhfelRGMGI0ME94NjAtNjRtT2MyeWE0enNOMWZOQ1B4Ty1GaWRjTGE3?oc=5\" target=\"_blank\" rel=\"nofollow noopener\">Borek ujawnia. TVP przejmie prawa do transmisji presti\u017cowych rozgrywek<\/a>&nbsp;&nbsp;Sport.pl<\/li>\n<li><a href=\"https:\/\/news.google.com\/rss\/articles\/CBMiekFVX3lxTE41VnhPRF9LcmZnZW9zU2FJckdwOVlWUEpZZmplVThTZ2dfR2J6VmZlVUljd240ZGQxWFVEZjZwdUNrUXpsRjN0VFVDc01RS0MxRTQtMERaTno1eEs3ME9udS1BVThnOXNlVzgtS0RqYmpUdnNJWVpQUVRR?oc=5\" target=\"_blank\" rel=\"nofollow noopener\">Puchar Anglii przez trzy sezony w TVP<\/a>&nbsp;&nbsp;Press.pl<\/li>\n<li><a href=\"https:\/\/news.google.com\/rss\/articles\/CBMilwFBVV95cUxQb0VQbW9IOUN2VnRWR0ZER1dmcHZub2duOUpWQmtUak9kZW4xNjhjLTd4SmZCeFpTc3ZkTVh4V19OVS1qVUwxbXF2bC01d3RaTXZyVWtLOVFfTVNhallGTnYwWERQdjVGX1Q0SzJFY2MzMF95QTFIX3liR1lBbXNNSzFlXzNsanhJcEFEOTNYdFZNYXluNDJJ?oc=5\" target=\"_blank\" rel=\"nofollow noopener\">TVP przejmuje s\u0142ynne rozgrywki. Oto szczeg\u00f3\u0142y<\/a>&nbsp;&nbsp;Meczyki.pl<\/li>\n<\/ol>\n","protected":false},"excerpt":{"rendered":"Mateusz Borek ujawnia, jak\u0105 umow\u0119 podpisuje TVP. To by\u0142o w Polsce niedost\u0119pne&nbsp;&nbsp;Przegl\u0105d Sportowy Onet TVP poka\u017ce te rozgrywki.&hellip;\n","protected":false},"author":2,"featured_media":155424,"comment_status":"","ping_status":"","sticky":false,"template":"","format":"standard","meta":{"footnotes":""},"categories":[5],"tags":[32,33,31034,36,37,27,67,34,35,592,28,31,25,42,38,40,39,41,5134,136,28861,128,47,135,27618,29,30,2590,26],"class_list":{"0":"post-155423","1":"post","2":"type-post","3":"status-publish","4":"format-standard","5":"has-post-thumbnail","7":"category-naglowki","8":"tag-breaking-news","9":"tag-breakingnews","10":"tag-fa_cup","11":"tag-featured-news","12":"tag-featurednews","13":"tag-headlines","14":"tag-intextvideo_splayer","15":"tag-latest-news","16":"tag-latestnews","17":"tag-mateusz_borek","18":"tag-naglowki","19":"tag-najwazniejsze-artykuly","20":"tag-news","21":"tag-pl","22":"tag-poland","23":"tag-polish","24":"tag-polska","25":"tag-polski","26":"tag-premier_league","27":"tag-ps_detal_new","28":"tag-ps_omp_tst0","29":"tag-psv2","30":"tag-screening_general","31":"tag-sport_sport","32":"tag-telewizja_polska","33":"tag-top-stories","34":"tag-topstories","35":"tag-tvp_sport","36":"tag-wiadomosci"},"share_on_mastodon":{"url":"","error":""},"_links":{"self":[{"href":"https:\/\/www.europesays.com\/pl\/wp-json\/wp\/v2\/posts\/155423","targetHints":{"allow":["GET"]}}],"collection":[{"href":"https:\/\/www.europesays.com\/pl\/wp-json\/wp\/v2\/posts"}],"about":[{"href":"https:\/\/www.europesays.com\/pl\/wp-json\/wp\/v2\/types\/post"}],"author":[{"embeddable":true,"href":"https:\/\/www.europesays.com\/pl\/wp-json\/wp\/v2\/users\/2"}],"replies":[{"embeddable":true,"href":"https:\/\/www.europesays.com\/pl\/wp-json\/wp\/v2\/comments?post=155423"}],"version-history":[{"count":0,"href":"https:\/\/www.europesays.com\/pl\/wp-json\/wp\/v2\/posts\/155423\/revisions"}],"wp:featuredmedia":[{"embeddable":true,"href":"https:\/\/www.europesays.com\/pl\/wp-json\/wp\/v2\/media\/155424"}],"wp:attachment":[{"href":"https:\/\/www.europesays.com\/pl\/wp-json\/wp\/v2\/media?parent=155423"}],"wp:term":[{"taxonomy":"category","embeddable":true,"href":"https:\/\/www.europesays.com\/pl\/wp-json\/wp\/v2\/categories?post=155423"},{"taxonomy":"post_tag","embeddable":true,"href":"https:\/\/www.europesays.com\/pl\/wp-json\/wp\/v2\/tags?post=155423"}],"curies":[{"name":"wp","href":"https:\/\/api.w.org\/{rel}","templated":true}]}}