{"id":155435,"date":"2025-12-17T08:27:08","date_gmt":"2025-12-17T08:27:08","guid":{"rendered":"https:\/\/www.europesays.com\/pl\/155435\/"},"modified":"2025-12-17T08:27:08","modified_gmt":"2025-12-17T08:27:08","slug":"burzliwe-obrady-sejmu-wroca-spory-o-ustawe-frankowa-lancuchowa-i-o-kryptowalutach","status":"publish","type":"post","link":"https:\/\/www.europesays.com\/pl\/155435\/","title":{"rendered":"Burzliwe obrady Sejmu. Wr\u00f3c\u0105 spory o ustaw\u0119 frankow\u0105, \u0142a\u0144cuchow\u0105 i o kryptowalutach"},"content":{"rendered":"<p data-section=\"detail-body\">W \u015brod\u0119 rozpoczn\u0105 si\u0119 trzydniowe obrady Sejmu. Na ten moment jest to ostatnie posiedzenie w tym roku, co jednak nie oznacza, \u017ce marsza\u0142ek nie mo\u017ce zwo\u0142a\u0107 jeszcze kolejnego przed sylwestrem.<\/p>\n<p class=\"article_p\" data-section=\"detail-body\">W ka\u017cdym razie nic nie zapowiada \u015bwi\u0105tecznej atmosfery. Burzliwe dyskusje mog\u0105 wywo\u0142a\u0107 zw\u0142aszcza trzy projekty, ale tak\u017ce pewne informacje, kt\u00f3re ma przedstawi\u0107 rz\u0105d.<\/p>\n<p class=\"article_p\" data-section=\"detail-body\">Zobacz te\u017c: <a href=\"https:\/\/businessinsider.com.pl\/prawo\/podatki\/karol-nawrocki-podpisal-cztery-nowelizacje-podatkowe-zmiany-od-stycznia\/zwhmncj\" id=\"a548775e-ebd4-463f-8de5-46c595b4639c\" rel=\"nofollow noopener\" target=\"_blank\">Karol Nawrocki podpisa\u0142 zmiany w podatkach. Cz\u0119\u015b\u0107 jeszcze czeka<\/a><\/p>\n<p>        Do gry wraca ustawa frankowa<\/p>\n<p class=\"article_p\" data-section=\"detail-body\">W \u015brod\u0119 po\u0142\u0105czone komisje gospodarki i sprawiedliwo\u015bci po dw\u00f3ch miesi\u0105cach rozmy\u015bla\u0144 zajm\u0105 si\u0119 projektem tzw. <a rel=\"nofollow noopener\" href=\"https:\/\/eur01.safelinks.protection.outlook.com\/?url=https%3A%2F%2Frasp.salesmanago.com%2Fsmrd.htm%3Furl%3Dhttps%253A%252F%252Fbusinessinsider.com.pl%252Fprawo%252Frzad-przyjal-ustawe-frankowa-co-oznacza-dla-konsumentow%252Fszzgzp7%26smclient%3D859729b0-158e-11ee-822d-3cfdfeb6e6ec%26utm_medium%3Demail%26utm_campaign%3Ddefault%26utm_source%3Dsalesmanago%26smconv%3D7879d03a-85d0-4b81-a650-a9a31ee69351%26smlid%3D6&amp;data=05%7C02%7Cjolanta.ojczyk%40bi.pl%7C0685deb62d7d4d71123c08de3c79da31%7Cce24ca5d86d5444981094c93cb1c8c75%7C1%7C0%7C639014691225353530%7CUnknown%7CTWFpbGZsb3d8eyJFbXB0eU1hcGkiOnRydWUsIlYiOiIwLjAuMDAwMCIsIlAiOiJXaW4zMiIsIkFOIjoiTWFpbCIsIldUIjoyfQ%3D%3D%7C0%7C%7C%7C&amp;sdata=Z49%2Bk4YW14UHgYSgovozZmBUcMumL3CUkNWchcwLq0Q%3D&amp;reserved=0\" id=\"e991211a-90ff-417c-b159-797d3ba449d2\" title=\"Oryginalny adres URL: https:\/\/rasp.salesmanago.com\/smrd.htm?url=https%3A%2F%2Fbusinessinsider.com.pl%2Fprawo%2Frzad-przyjal-ustawe-frankowa-co-oznacza-dla-konsumentow%2Fszzgzp7&amp;smclient=859729b0-158e-11ee-822d-3cfdfeb6e6ec&amp;utm_medium=email&amp;utm_campaign=default&amp;utm_source=salesmanago&amp;smconv=7879d03a-85d0-4b81-a650-a9a31ee69351&amp;smlid=6. Kliknij lub naci\u015bnij, je\u015bli ufasz temu linkowi.\" target=\"_blank\">ustawy frankowej<\/a> (druk nr 1758). Jego pierwsze czytanie odby\u0142o si\u0119 w pa\u017adzierniku. Ju\u017c wtedy by\u0142o gor\u0105co, bo pos\u0142owie PiS, Konfederacji i Polski 2050 wyra\u017anie wskazali, \u017ce rz\u0105dowy projekt ma zapisy korzystne dla bank\u00f3w. Nawet S\u0142awomir Nitras, pose\u0142 KO, mia\u0142 w\u0105tpliwo\u015bci co do intencji autor\u00f3w. Zapyta\u0142 bowiem, dlaczego nie obejmuje kredyt\u00f3w w euro.<\/p>\n<p>            Czytaj tak\u017ce w BUSINESS INSIDER<\/p>\n<p class=\"article_p\" data-section=\"detail-body\">Najwi\u0119kszy sp\u00f3r wywo\u0142uj\u0105 jednak dwa artyku\u0142y: pi\u0105ty i osiemnasty. Oba dotycz\u0105 zarzutu potr\u0105cenia. W skr\u00f3cie chodzi o to, \u017ce zarzut potr\u0105cenia mo\u017ce zosta\u0107 podniesiony a\u017c do zamkni\u0119cia rozprawy przed s\u0105dem drugiej instancji. Takie prawo zyskaj\u0105 te\u017c strony, kt\u00f3re w tocz\u0105cych si\u0119 sprawach nie z\u0142o\u017cy\u0142y zarzutu w terminie. Obecnie co do zasady s\u0105 na to dwa tygodnie od dnia, gdy wierzytelno\u015b\u0107 sta\u0142a si\u0119 wymagalna, czyli min\u0105\u0142 termin wyznaczony na jej zap\u0142acenie.<\/p>\n<p class=\"article_p\" data-section=\"detail-body\">Zdaniem pe\u0142nomocnik\u00f3w frankowicz\u00f3w ta techniczna zmiana pozbawi ich prawa do odsetek za wieloletnie procesy, wyd\u0142u\u017cy post\u0119powania i utrudni kwestionowanie zarzutu bank\u00f3w. Ministerstwo Sprawiedliwo\u015bci wyda\u0142o w tej sprawie specjalny komunikat, w kt\u00f3rym wyja\u015bnia, \u017ce spos\u00f3b rozliczenia umowy (potr\u0105cenie \u2014 dwie kondykcje), jak r\u00f3wnie\u017c tryb, w jakim to nast\u0105pi (jedno czy dwa post\u0119powania) nie ma wp\u0142ywu na odsetki za op\u00f3\u017anienie, a pocz\u0105tkowym terminem liczenia odsetek jest wezwanie do zap\u0142aty.<\/p>\n<p class=\"article_p\" data-section=\"detail-body\">Stowarzyszenie Stop Bankowemu Bezprawiu domaga si\u0119 usuni\u0119cia lub zmiany obu artyku\u0142\u00f3w. Zapewne na posiedzeniu komisji b\u0119dzie o to du\u017cy sp\u00f3r.<\/p>\n<p>        Kryptoaktywa w wersji zawetowanej<\/p>\n<p class=\"article_p\" data-section=\"detail-body\">W \u015brod\u0119 odb\u0119dzie si\u0119 te\u017c pierwsze czytanie ponownego projektu ustawy o rynku kryptoaktyw\u00f3w. To tzw. wersja 2.0, przyj\u0119ta przez rz\u0105d po tym, jak Sejmowi nie uda\u0142o si\u0119 odrzuci\u0107 prezydenckiego weta do tzw. ustawy 1.0.<\/p>\n<p class=\"article_p\" data-section=\"detail-body\">Problem w tym, \u017ce jej sporne kwestie nie zosta\u0142y zmienione. Projekt w najmniejszym stopniu nie r\u00f3\u017cni si\u0119 od zawetowanej ustawy. Tymczasem wydaje si\u0119, \u017ce stworzenie ustawy, kt\u00f3ra b\u0119dzie mia\u0142a szans\u0119 wej\u015b\u0107 w \u017cycie, wymaga wypracowania kompromisu pomi\u0119dzy rz\u0105dem a prezydentem. Pytanie, czy pos\u0142owie s\u0105 w stanie wypracowa\u0107 taki kompromis, a tak\u017ce czy prezydent znowu nie znajdzie pretekstu do odrzucenia ustawy.<\/p>\n<p class=\"article_p\" data-section=\"detail-body\">Zobacz te\u017c: <a href=\"https:\/\/businessinsider.com.pl\/prawo\/legislacyjny-paraliz-a-mica-czy-polskie-firmy-musza-czekac-na-nowa-ustawe-by-oferowac\/hrdtgsp\" id=\"72707488-16fe-4aca-8c64-ab394e86e980\" rel=\"nofollow noopener\" target=\"_blank\">Weto Karola Nawrockiego odrzucone, ustawy nie ma. &#8222;To fatalna wiadomo\u015b\u0107&#8221; [OPINIA]<\/a><\/p>\n<p>        Co dalej z ustaw\u0105 \u0142a\u0144cuchow\u0105?<\/p>\n<p class=\"article_p\" data-section=\"detail-body\">Do Sejmu po <a href=\"https:\/\/businessinsider.com.pl\/prawo\/kolejne-weto-prezydenta-tym-razem-chodzi-o-prawa-zwierzat-i-wbrew-prezesowi-pis\/527sehk\" id=\"71426b44-82dc-4aa7-9cfb-eb64d95d41a7\" rel=\"nofollow noopener\" target=\"_blank\">wecie prezydenta<\/a> wr\u00f3ci\u0142a te\u017c tzw. ustawa \u0142a\u0144cuchowa. Chodzi o nowelizacj\u0119 ustawy o ochronie zwierz\u0105t, kt\u00f3ra przewiduje zakaz trzymania ps\u00f3w na uwi\u0119zi, ale tak\u017ce wprowadza minimalne rozmiary kojc\u00f3w dla zwierz\u0105t.<\/p>\n<p class=\"article_p\" data-section=\"detail-body\">Sejmowa Komisja Nadzwyczajna ds. ochrony zwierz\u0105t rekomenduje ponowne uchwalenie zawetowanej ustawy \u0142a\u0144cuchowej. Jej los mo\u017ce by\u0107 jednak podobny do ustawy o rynku kryptoaktyw\u00f3w. I to mimo tego, \u017ce za ustaw\u0105 g\u0142osowa\u0142 Jaros\u0142aw Kaczy\u0144ski, a W\u0142odzimierz Czarzasty, marsza\u0142ek Sejmu, zach\u0119ca do protest\u00f3w wspieraj\u0105cych odrzucenie weta.<\/p>\n<p class=\"article_p\" data-section=\"detail-body\">Weto prezydenta mo\u017cna odrzuci\u0107 wi\u0119kszo\u015bci\u0105 kwalifikowan\u0105 trzech pi\u0105tych g\u0142os\u00f3w w obecno\u015bci co najmniej po\u0142owy ustawowej liczby pos\u0142\u00f3w. Je\u015bli Sejm nie zdo\u0142a tego zrobi\u0107 i ustawa nie zostanie ponownie uchwalona, zostaje odrzucona, a procedura ustawodawcza zako\u0144czona. Z drugiej strony w Sejmie jest ju\u017c <a href=\"https:\/\/businessinsider.com.pl\/prawo\/karol-nawrocki-zawetowal-ustawe-lancuchowa-rzad-szykuje-odpowiedz\/nhx2l14\" id=\"6af0236b-c180-4914-b6c9-6942cd7add11\" rel=\"nofollow noopener\" target=\"_blank\">prezydencki projekt w tej sprawie,<\/a> kt\u00f3ry wci\u0105\u017c nie ma numeru druku i nie zosta\u0142 skierowany do konsultacji.<\/p>\n<p>        Trudna sytuacja finansowa szpitali<\/p>\n<p class=\"article_p\" data-section=\"detail-body\">W czwartek Ministerstwo Zdrowia przedstawi pos\u0142om z podkomisji sta\u0142ej finans\u00f3w i ustroju samorz\u0105du terytorialnego informacj\u0119 o sytuacji finansowej szpitali powiatowych prowadzonych przez samorz\u0105dy. Z medi\u00f3w za\u015b wiadomo, \u017ce sytuacja ok. 250 plac\u00f3wek nie jest dobra.<\/p>\n<p class=\"article_p\" data-section=\"detail-body\">Z NFZ wci\u0105\u017c nie otrzyma\u0142y one 1 mld z\u0142 za \u015bwiadczenia wykonane w 2025 r. Cz\u0119\u015b\u0107 z nich ju\u017c przesuwa tzw. planowane zabiegi i operacje na przysz\u0142y rok. Natomiast proponowane kontrakty na przysz\u0142y rok s\u0105 ni\u017csze od oczekiwa\u0144. Z tego powodu 15 grudnia br. odby\u0142 si\u0119 w trybie pilnym Konwent Powiat\u00f3w Wojew\u00f3dztwa Podkarpackiego.<\/p>\n<p class=\"article_p\" data-section=\"detail-body\">Sytuacja w NFZ te\u017c jest jednak trudna. Ju\u017c wiadomo, \u017ce luka finansowa w przysz\u0142ym roku mo\u017ce wynie\u015b\u0107 blisko 24 mld z\u0142. Dlatego Ministerstwo Zdrowia zaproponowa\u0142o oszcz\u0119dno\u015bci. I to na nich mo\u017ce si\u0119 skupi\u0107 dyskusja w Sejmie.<\/p>\n<p>        Czym jeszcze zajm\u0105 si\u0119 pos\u0142owie?<\/p>\n<p class=\"article_p\" data-section=\"detail-body\">Sejm przede wszystkim zajmie si\u0119 ustawami, kt\u00f3re wr\u00f3ci\u0142y z Senatu. Ponadto mo\u017ce sko\u0144czy\u0107 prace nad:<\/p>\n<ul class=\"article_ul\">\n<li class=\"article_ul_li\">nowelizacj\u0105 ustawy o dost\u0119pie do zasob\u00f3w genetycznych i podziale korzy\u015bci z ich wykorzystania (druk nr 2028);<\/li>\n<li class=\"article_ul_li\">nowelizacj\u0105 ustawy o finansowaniu zada\u0144 o\u015bwiatowych\u00a0(druk nr 2005);<\/li>\n<li class=\"article_ul_li\">nowelizacj\u0105 ustawy o rzeczach znalezionych (1629);<\/li>\n<li class=\"article_ul_li\">o zmianie ustawy o gospodarce nieruchomo\u015bciami (druk nr 1318), kt\u00f3ra uniemo\u017cliwi gminom sprzeda\u017cy lokali mieszkalnych z bonifikat\u0105;<\/li>\n<li class=\"article_ul_li\">nowelizacj\u0105 ustawy o szczeg\u00f3lnych zasadach przygotowania do realizacji inwestycji w zakresie budowli przeciwpowodziowych\u00a0\u00a0(druk nr 1816).<\/li>\n<\/ul>\n","protected":false},"excerpt":{"rendered":"W \u015brod\u0119 rozpoczn\u0105 si\u0119 trzydniowe obrady Sejmu. Na ten moment jest to ostatnie posiedzenie w tym roku, co&hellip;\n","protected":false},"author":2,"featured_media":155436,"comment_status":"","ping_status":"","sticky":false,"template":"","format":"standard","meta":{"footnotes":""},"categories":[12],"tags":[32,33,36,37,27,34,35,28,31,25,42,38,40,39,41,29,30,26],"class_list":{"0":"post-155435","1":"post","2":"type-post","3":"status-publish","4":"format-standard","5":"has-post-thumbnail","7":"category-polska","8":"tag-breaking-news","9":"tag-breakingnews","10":"tag-featured-news","11":"tag-featurednews","12":"tag-headlines","13":"tag-latest-news","14":"tag-latestnews","15":"tag-naglowki","16":"tag-najwazniejsze-artykuly","17":"tag-news","18":"tag-pl","19":"tag-poland","20":"tag-polish","21":"tag-polska","22":"tag-polski","23":"tag-top-stories","24":"tag-topstories","25":"tag-wiadomosci"},"share_on_mastodon":{"url":"https:\/\/pubeurope.com\/@pl\/115733964128199324","error":""},"_links":{"self":[{"href":"https:\/\/www.europesays.com\/pl\/wp-json\/wp\/v2\/posts\/155435","targetHints":{"allow":["GET"]}}],"collection":[{"href":"https:\/\/www.europesays.com\/pl\/wp-json\/wp\/v2\/posts"}],"about":[{"href":"https:\/\/www.europesays.com\/pl\/wp-json\/wp\/v2\/types\/post"}],"author":[{"embeddable":true,"href":"https:\/\/www.europesays.com\/pl\/wp-json\/wp\/v2\/users\/2"}],"replies":[{"embeddable":true,"href":"https:\/\/www.europesays.com\/pl\/wp-json\/wp\/v2\/comments?post=155435"}],"version-history":[{"count":0,"href":"https:\/\/www.europesays.com\/pl\/wp-json\/wp\/v2\/posts\/155435\/revisions"}],"wp:featuredmedia":[{"embeddable":true,"href":"https:\/\/www.europesays.com\/pl\/wp-json\/wp\/v2\/media\/155436"}],"wp:attachment":[{"href":"https:\/\/www.europesays.com\/pl\/wp-json\/wp\/v2\/media?parent=155435"}],"wp:term":[{"taxonomy":"category","embeddable":true,"href":"https:\/\/www.europesays.com\/pl\/wp-json\/wp\/v2\/categories?post=155435"},{"taxonomy":"post_tag","embeddable":true,"href":"https:\/\/www.europesays.com\/pl\/wp-json\/wp\/v2\/tags?post=155435"}],"curies":[{"name":"wp","href":"https:\/\/api.w.org\/{rel}","templated":true}]}}