{"id":155516,"date":"2025-12-17T09:10:10","date_gmt":"2025-12-17T09:10:10","guid":{"rendered":"https:\/\/www.europesays.com\/pl\/155516\/"},"modified":"2025-12-17T09:10:10","modified_gmt":"2025-12-17T09:10:10","slug":"byla-partnerka-katarzyny-zillmann-zaskoczyla-nagle-wspomniala-o-dawnej-ukochanej","status":"publish","type":"post","link":"https:\/\/www.europesays.com\/pl\/155516\/","title":{"rendered":"By\u0142a partnerka Katarzyny Zillmann zaskoczy\u0142a. Nagle wspomnia\u0142a o dawnej ukochanej"},"content":{"rendered":"<p class=\"Paragraph_desktopParagraph__Fd2e9\">Katarzyna Zillmann i Julia Walczak tworzy\u0142y par\u0119 od 2020 r. Dzie\u0144 po finale &#8222;Ta\u0144ca z gwiazdami&#8221; <a href=\"https:\/\/przegladsportowy.onet.pl\/ofsajd\/to-juz-pewne-oglosila-wielkie-rozstanie-po-finale-tanca-z-gwiazdami\/225cc0l\" id=\"b87de2d9-a92f-41b1-a11b-c357a2e29942\" rel=\"nofollow noopener\" target=\"_blank\">kajakarka da\u0142a do zrozumienia, \u017ce jej zwi\u0105zek z wio\u015blark\u0105 to ju\u017c przesz\u0142o\u015b\u0107.<\/a> Chwil\u0119 wcze\u015bniej w sieci pojawi\u0142y si\u0119 zdj\u0119cia, kt\u00f3re paparazzi zrobili na afterparty po zako\u0144czeniu jubileuszowej edycji show. Na fotografiach zrobionych z ukrycia Zillmann i jej taneczna partnerka Janja Lesar bawi\u0142y si\u0119 \u015bwietnie. Nie zabrak\u0142o czu\u0142ych gest\u00f3w. W sieci natychmiast wybuch\u0142a burza.<\/p>\n<p class=\"VideoPlayerText_videoPlayerText__zrtJk\">Dalszy ci\u0105g materia\u0142u pod wideo<\/p>\n<p class=\"Paragraph_desktopParagraph__Fd2e9\">Po tym wszystkim Katarzyna Zillmann przez d\u0142u\u017cszy czas nie odzywa\u0142a si\u0119 w mediach spo\u0142eczno\u015bciowych. Z kolei Julia Walczak kilka dni po og\u0142oszeniu rozstania z wio\u015blark\u0105, wyda\u0142a o\u015bwiadczenie, w kt\u00f3rym oznajmi\u0142a, \u017ce w sieci kr\u0105\u017c\u0105 fake newsy na temat okoliczno\u015bci zako\u0144czenia ich relacji.<\/p>\n<p class=\"Paragraph_desktopParagraph__Fd2e9\">&#8222;[&#8230;] Narracja, kt\u00f3ra powsta\u0142a w ostatnich kilku dniach, nie oddaje prawdziwego przebiegu wydarze\u0144. Rozsta\u0142y\u015bmy si\u0119 kilka tygodni temu w pokojowych warunkach, a w poniedzia\u0142ek dzia\u0142a\u0142am pod wp\u0142ywem emocji i nie chcia\u0142am wywo\u0142ywa\u0107 takiej lawiny hejtu na Kasi\u0119. Fala dezinformacji szalej\u0105ca w internecie na temat kulis naszego rozstania jest przyt\u0142aczaj\u0105ca. Nadal jeste\u015bmy w kontakcie i darzymy si\u0119 szacunkiem&#8221; \u2014 pisa\u0142a na Instagramie kajakarka.<\/p>\n<p>Julia Walczak opublikowa\u0142a w sieci zdj\u0119cie z Katarzyn\u0105 Zillmann. Mia\u0142a pow\u00f3d<\/p>\n<p class=\"Paragraph_desktopParagraph__Fd2e9\">Od tego czasu Julia Walczak opublikowa\u0142a cztery posty na Instagramie. Kilka dni temu wyzna\u0142a, \u017ce w tym roku sko\u0144czy\u0142a trenowa\u0107 kajakarstwo. Jak sama t\u0142umaczy\u0142a, kocha\u0142a uprawia\u0107 ten sport, ale czu\u0142a brak rozwoju i perspektyw.<\/p>\n<p class=\"Paragraph_desktopParagraph__Fd2e9\">Najnowszy wpis zatytu\u0142owa\u0142a: &#8222;Czy warto by\u0142o szale\u0107 tak?&#8221;. W nim na kilkunastu slajdach wyja\u015bnia\u0142a, co da\u0142 jej sport i dlatego warto by\u0142o po\u015bwi\u0119ci\u0107 15 lat \u017cycia na uprawianie kajakarstwa.<\/p>\n<p class=\"Paragraph_desktopParagraph__Fd2e9\">Wspomnia\u0142a m.in. o nauce cierpliwo\u015bci. Jak podkre\u015bli\u0142a, sport da\u0142 jej wi\u0119cej, ni\u017c zabra\u0142. &#8222;Przyja\u017anie na ca\u0142e \u017cycie, ludzi, kt\u00f3rzy kochaj\u0105 ci\u0119 bez wzgl\u0119du na r\u00f3\u017cnice mi\u0119dzy nami&#8221; \u2014 t\u0142umaczy\u0142a.<\/p>\n<p class=\"Paragraph_desktopParagraph__Fd2e9\">&#8222;Wygrywanie i cieszenie si\u0119 z w\u0142asnego sukcesu. W czasach kultury zapie*dolu zwyci\u0119stwa traktujemy jak cele do odhaczenia bez celebracji swojego szcz\u0119\u015bcia&#8221;, &#8222;Reprezentowanie kraju jest czym\u015b, czego nie docenia\u0142am w trakcie sportu. Teraz rozumiem, jakie to by\u0142o cool i sama jak widz\u0119 kogo\u015b z orze\u0142kiem, to my\u015bl\u0119&#8230; szacun&#8221;, &#8222;Aktywne sp\u0119dzanie wolnego czasu b\u0119dzie mi ju\u017c towarzyszy\u0107 zawsze, bo ruch daje poczucie wolno\u015bci, a cia\u0142o odwdzi\u0119cza si\u0119 nam za ruszanie nim&#8221; \u2014 brzmia\u0142y kolejnej punkty.<\/p>\n<p class=\"Paragraph_desktopParagraph__Fd2e9\">Na jednym ze slajd\u00f3w Julia Walczak zamie\u015bci\u0142a zdj\u0119cie z Katarzyn\u0105 Zillmann. &#8222;Pozna\u0142am osob\u0119, kt\u00f3ra bardzo wiele mnie nauczy\u0142a. Jestem jej bardzo wdzi\u0119czna za wsp\u00f3lny czas&#8221; \u2014 wyzna\u0142a.<\/p>\n<p><img decoding=\"async\" src=\"https:\/\/www.europesays.com\/pl\/wp-content\/uploads\/2025\/12\/julia-walczak-katarzyna-zillmann.png\" alt=\"Julia Walczak, Katarzyna Zillmann\" width=\"623\" height=\"845\" loading=\"lazy\" class=\"\" \/>Julia Walczak, Katarzyna Zillmann (Foto: juliavvalczak \/ Instagram)<\/p>\n<p class=\"Paragraph_desktopParagraph__Fd2e9\">P\u00f3\u017aniej wspomnia\u0142a jeszcze m.in., \u017ce nauczy\u0142a si\u0119 skupia\u0107 na celu i ca\u0142kowicie oddawa\u0107 si\u0119 danej czynno\u015b\u0107. Pad\u0142 te\u017c temat znajomo\u015bci. &#8222;Ludzie poznani w sporcie to jest inny wymiar relacji mi\u0119dzyludzkiej. R\u00f3\u017cnice, kt\u00f3re s\u0105 mi\u0119dzy nami i czas, kt\u00f3ry razem sp\u0119dzili\u015bmy, jest nauk\u0105 empatii i tolerancji na ca\u0142e \u017cycie&#8221; \u2014 podkre\u015bli\u0142a Walczak.<\/p>\n<p class=\"Paragraph_desktopParagraph__Fd2e9\">Nie zabrak\u0142o r\u00f3wnie\u017c kwestii uraz\u00f3w. &#8222;Sport da\u0142 mi te\u017c mas\u0119 kontuzji, zaci\u015bni\u0119te \u017cwacze, pop\u0119kane piszczele, przeci\u0105\u017cone barki, skr\u0119cenia, nadmierne napi\u0119cie&#8230; Ale da\u0142 mi te\u017c narz\u0119dzia, jak sobie radzi\u0107 z tymi problemami&#8221; \u2014 pisa\u0142a by\u0142a ju\u017c kajakarka.<\/p>\n<p class=\"Paragraph_desktopParagraph__Fd2e9\">Julia Walczak to wicemistrzyni \u015bwiata z Dartmouth (2022) w konkurencji C4 na dystansie 500 m. Po medal si\u0119gn\u0119\u0142a z Sylwi\u0105 Szczerbi\u0144sk\u0105, Aleksandr\u0105 Jacewicz i Katarzyn\u0105 Szperkiewicz. W tym samym roku wywalczy\u0142a r\u00f3wnie\u017c razem ze Szczerbi\u0144sk\u0105 br\u0105z na mistrzostwach Europy w Monachium w konkurencji C2 na dystansie 500 m.<\/p>\n","protected":false},"excerpt":{"rendered":"Katarzyna Zillmann i Julia Walczak tworzy\u0142y par\u0119 od 2020 r. Dzie\u0144 po finale &#8222;Ta\u0144ca z gwiazdami&#8221; kajakarka da\u0142a&hellip;\n","protected":false},"author":2,"featured_media":155517,"comment_status":"","ping_status":"","sticky":false,"template":"","format":"standard","meta":{"footnotes":""},"categories":[5],"tags":[32,33,36,37,27,67,11828,8259,3561,34,35,28,31,25,129,42,38,40,39,41,136,128,47,29,30,26,130,5469,25494],"class_list":{"0":"post-155516","1":"post","2":"type-post","3":"status-publish","4":"format-standard","5":"has-post-thumbnail","7":"category-naglowki","8":"tag-breaking-news","9":"tag-breakingnews","10":"tag-featured-news","11":"tag-featurednews","12":"tag-headlines","13":"tag-intextvideo_splayer","14":"tag-julia_walczak","15":"tag-kajakarstwo","16":"tag-katarzyna_zillmann","17":"tag-latest-news","18":"tag-latestnews","19":"tag-naglowki","20":"tag-najwazniejsze-artykuly","21":"tag-news","22":"tag-ofsajd","23":"tag-pl","24":"tag-poland","25":"tag-polish","26":"tag-polska","27":"tag-polski","28":"tag-ps_detal_new","29":"tag-psv2","30":"tag-screening_general","31":"tag-top-stories","32":"tag-topstories","33":"tag-wiadomosci","34":"tag-wiadomosci_sportowe","35":"tag-wioslarstwo","36":"tag-zdrowie_lifestyle_"},"share_on_mastodon":{"url":"https:\/\/pubeurope.com\/@pl\/115734133516114030","error":""},"_links":{"self":[{"href":"https:\/\/www.europesays.com\/pl\/wp-json\/wp\/v2\/posts\/155516","targetHints":{"allow":["GET"]}}],"collection":[{"href":"https:\/\/www.europesays.com\/pl\/wp-json\/wp\/v2\/posts"}],"about":[{"href":"https:\/\/www.europesays.com\/pl\/wp-json\/wp\/v2\/types\/post"}],"author":[{"embeddable":true,"href":"https:\/\/www.europesays.com\/pl\/wp-json\/wp\/v2\/users\/2"}],"replies":[{"embeddable":true,"href":"https:\/\/www.europesays.com\/pl\/wp-json\/wp\/v2\/comments?post=155516"}],"version-history":[{"count":0,"href":"https:\/\/www.europesays.com\/pl\/wp-json\/wp\/v2\/posts\/155516\/revisions"}],"wp:featuredmedia":[{"embeddable":true,"href":"https:\/\/www.europesays.com\/pl\/wp-json\/wp\/v2\/media\/155517"}],"wp:attachment":[{"href":"https:\/\/www.europesays.com\/pl\/wp-json\/wp\/v2\/media?parent=155516"}],"wp:term":[{"taxonomy":"category","embeddable":true,"href":"https:\/\/www.europesays.com\/pl\/wp-json\/wp\/v2\/categories?post=155516"},{"taxonomy":"post_tag","embeddable":true,"href":"https:\/\/www.europesays.com\/pl\/wp-json\/wp\/v2\/tags?post=155516"}],"curies":[{"name":"wp","href":"https:\/\/api.w.org\/{rel}","templated":true}]}}