{"id":155545,"date":"2025-12-17T09:25:12","date_gmt":"2025-12-17T09:25:12","guid":{"rendered":"https:\/\/www.europesays.com\/pl\/155545\/"},"modified":"2025-12-17T09:25:12","modified_gmt":"2025-12-17T09:25:12","slug":"boks-terence-crawford-zejdzie-z-ringu-niepokonany-podjal-decyzje","status":"publish","type":"post","link":"https:\/\/www.europesays.com\/pl\/155545\/","title":{"rendered":"Boks. Terence Crawford zejdzie z ringu niepokonany. Podj\u0105\u0142 decyzj\u0119"},"content":{"rendered":"<p class=\"typography ids-typeset-body ids-typeset-body--preset-large link paragraph ids-paragraph ids-paragraph--default\">We wrze\u015bniu Terence Crawford i Saul &#8222;Canelo&#8221; Alvarez zjednoczyli ca\u0142y bokserski \u015bwiata &#8211; wszyscy fani ruszyli przed ekrany, bo przecie\u017c pot\u0119\u017cny Allegiant Stadium w Las Vegas te\u017c ma jednak ograniczon\u0105 pojemno\u015b\u0107. A w ringu zmierzyli si\u0119 dwaj giganci o zunifikowanie pas\u00f3w w kategorii super \u015bredniej.<\/p>\n<p class=\"typography ids-typeset-body ids-typeset-body--preset-large link paragraph ids-paragraph ids-paragraph--default\">Crawford, ju\u017c 37-letni, m\u00f3g\u0142 tego dokona\u0107 &#8211; jako pierwszy w historii &#8211; po raz trzeci w karierze. W 2017 roku pokona\u0142 w Lincoln w Nebrasce ju\u017c w trzeciej rundzie wygra\u0142 przez KO z niepokonanym dot\u0105d Juliusem Indongo. Zabra\u0142 mu pasy WBA i IBF, zrobi\u0142 to w wadze super lekkiej.<\/p>\n<p class=\"typography ids-typeset-body ids-typeset-body--preset-large link paragraph ids-paragraph ids-paragraph--default\">Dwa lata temu w Nebrasce znokautowa\u0142 Errola Spence&#8217;a Jr. &#8211; tym razem stawk\u0105 by\u0142y pasy w kategorii p\u00f3\u0142\u015bredniej. &#8222;Bud&#8221; od pocz\u0105tku obija\u0142 niepokonanego dot\u0105d rywala, w drugiej rundzie pos\u0142a\u0142 go na deski po raz pierwszy. <a href=\"https:\/\/sport.interia.pl\/boks\/news-nokaut-w-historycznej-walce-bokserskiej-kosmiczny-wystep-dom,nId,6933564\" target=\"_blank\" rel=\"nofollow noopener\">A\u017c w dziewi\u0105tej s\u0119dzia og\u0142osi\u0142 techniczny nokaut<\/a>.<\/p>\n<p class=\"typography ids-typeset-body ids-typeset-body--preset-large link paragraph ids-paragraph ids-paragraph--default\">I na deser we wrze\u015bniu Terence zdoby\u0142 wszystkie pasy w trzeciej wadze &#8211; tym razem super \u015bredniej. Jego pojedynek z Saulem &#8222;Canelo&#8221; Alvarezem Netflix transmitowa\u0142 na ca\u0142y \u015bwiat, gdy ko\u0144czyli, w Polsce dochodzi\u0142a si\u00f3dma rano. A i tak przed ekrany ruszy\u0142o tysi\u0105ce fan\u00f3w, by ogl\u0105da\u0107 ten spektakl. Tym razem nie by\u0142o nokautu, Meksykanin te\u017c mia\u0142 lepsze rundy od rywala. <a href=\"https:\/\/sport.interia.pl\/boks\/news-12-rund-morderczego-boju-canelo-z-crawfordem-mamy-nowego-nie,nId,22418768\" target=\"_blank\" rel=\"nofollow noopener\">To jednak Crawford wygra\u0142 na wszystkich kartach &#8211; odni\u00f3s\u0142 42. zwyci\u0119stwo w karierze<\/a>.<\/p>\n<p class=\"typography ids-typeset-body ids-typeset-body--preset-large link paragraph ids-paragraph ids-paragraph--default\">I zarazem ostatnie, bo jego informacja nadana w \u015brodku nocy zmrozi\u0142a kibic\u00f3w na ca\u0142ym \u015bwiecie.<\/p>\n<p><img decoding=\"async\" class=\"ids-image-holder__img\" loading=\"lazy\" alt=\"U\u015bmiechni\u0119ty m\u0119\u017cczyzna siedzi za sto\u0142em konferencyjnym z mikrofonem, a przed nim le\u017cy mistrzowski pas bokserski. W tle znajduje si\u0119 niebieskie, pod\u015bwietlane t\u0142o.\" title=\"Terence Crawford\" width=\"3000\" height=\"2001\" src=\"https:\/\/www.europesays.com\/pl\/wp-content\/uploads\/2025\/12\/000M35LMC2CJQ1WI-C323-F4.webp.webp\"\/><\/p>\n<p>Terence Crawford Sarah Stier\/Getty ImagesAFP<\/p>\n<p>Zunifikowane tytu\u0142y, bohater w ca\u0142ym \u015bwiecie boksu. I co dalej? Zaskakuj\u0105ca decyzja Terence&#8217;a Crawforda<\/p>\n<p class=\"typography ids-typeset-body ids-typeset-body--preset-large link paragraph ids-paragraph ids-paragraph--default\">Po 17-latach zawodowej kariery Amerykanin zdecydowa\u0142 si\u0119 bowiem na jej zako\u0144czenie, a takiego ruchu raczej nikt si\u0119 nie spodziewa\u0142. Owszem, Crawford ma ju\u017c 37 lat, ale w dzisiejszym \u015bwiecie to w\u0142a\u015bnie do\u015bwiadczeni profesjonali\u015bci rozdaj\u0105 karty.<\/p>\n<p class=\"typography ids-typeset-body ids-typeset-body--preset-large link paragraph ids-paragraph ids-paragraph--default\">&#8211; Ka\u017cdy zawodnik wie, \u017ce ten moment w ko\u0144cu nadchodzi, tylko wcze\u015bniej nie wiemy, kiedy to dok\u0142adnie nast\u0105pi &#8211; m\u00f3wi\u0142 w po\u015bcie opublikowanym na swoim kanale na platformie Youtube. Zaznaczy\u0142, \u017ce nie ma ju\u017c czego udowadnia\u0107: ani sobie, ani innym.<\/p>\n<blockquote role=\"blockquote\" class=\"quote ids-quote ids-quote--nosurface--short--medium\"><p>Ca\u0142e \u017cycie goni\u0142em za czym\u015b. Nie za tytu\u0142ami, nie za pieni\u0119dzmi, nie za nag\u0142\u00f3wkami w gazetach, ale za tym uczuciem, gdy \u015bwiat ju\u017c w ciebie w\u0105tpi, a ty si\u0119 pojawiasz i udowadniasz, \u017ce to oni si\u0119 myl\u0105<\/p><\/blockquote>\n<p class=\"typography ids-typeset-body ids-typeset-body--preset-large link paragraph ids-paragraph ids-paragraph--default\">Amerykanin zaznaczy\u0142, \u017ce to sport da\u0142 mu wszystko, co teraz ma. &#8211; Walczy\u0142em dla mojej rodziny, walczy\u0142em dla mojego miasta, walczy\u0142em dla dziecka, kt\u00f3rym kiedy\u015b by\u0142em, tego, kt\u00f3re mia\u0142o tylko marzenie i par\u0119 r\u0119kawic. I osi\u0105gn\u0105\u0142em wszystko, co mog\u0142em &#8211; napisa\u0142 i podzi\u0119kowa\u0142 za lata wsparcia.<\/p>\n<p class=\"typography ids-typeset-body ids-typeset-body--preset-large link paragraph ids-paragraph ids-paragraph--default\">Karier\u0119 zako\u0144czy\u0142 niepokonany &#8211; z dorobkiem 42 zwyci\u0119stw, w tym 31 przed czasem.<\/p>\n<ul class=\"typography ids-typeset-body ids-typeset-body--preset-small list--article-list ids-list ids-list--unordered ids-list--size-small \" datatype=\"disc\">\n<li class=\"ids-list-item ids-list-item__content brief-list-item\"><a class=\"ids-undecorated-link link ids-link \" data-spons=\"false\" href=\"https:\/\/sport.interia.pl\/boks\/news-majatek-oleksandra-usyka-skonfiskowany-przez-rosje-sensacyjn,nId,22499251\" rel=\"nofollow noopener\" target=\"_blank\">Maj\u0105tek O\u0142eksandra Usyka skonfiskowany przez Rosj\u0119. Sensacyjne doniesienia<\/a><\/li>\n<li class=\"ids-list-item ids-list-item__content brief-list-item\"><a class=\"ids-undecorated-link link ids-link \" data-spons=\"false\" href=\"https:\/\/sport.interia.pl\/sportowe-zycie\/news-takiej-wyplaty-chcial-michalczewski-na-wystep-w-tzg-kwota-zw,nId,22498916\" rel=\"nofollow noopener\" target=\"_blank\">Takiej wyp\u0142aty chcia\u0142 Michalczewski na wyst\u0119p w &#8222;TzG&#8221;. Kwota zwala z n\u00f3g<\/a><\/li>\n<\/ul>\n<p><img decoding=\"async\" class=\"ids-image-holder__img\" loading=\"lazy\" alt=\"12 wrze\u015bnia mia\u0142o doj\u015b\u0107 do hitowej walki Saula Alvareza (z prawej) i Terence'a Crawforda\" title=\"12 wrze\u015bnia dosz\u0142o do hitowej walki Saula Alvareza (z prawej) i Terence'a Crawforda\" width=\"4726\" height=\"3151\" src=\"https:\/\/www.europesays.com\/pl\/wp-content\/uploads\/2025\/12\/000KK3C2C84UYBOG-C323-F4.webp.webp\"\/><\/p>\n<p>12 wrze\u015bnia dosz\u0142o do hitowej walki Saula Alvareza (z prawej) i Terence&#8217;a CrawfordaSteve Marcus \/ GETTY IMAGES NORTH AMERICA \/ Getty Images via AFPAFP<\/p>\n<p>Andrzej Go\u0142ota przed Suzuki Boxing Night 29. WIDEOINTERIA.TVINTERIA.TV<\/p>\n<p><a class=\"ids-undecorated-link source ids-page-info--source__link\" href=\"https:\/\/www.interia.pl\" rel=\"nofollow noopener\" target=\"_blank\"><img decoding=\"async\" class=\"ids-image-holder__img\" loading=\"lazy\" alt=\"\" title=\"\" height=\"24px\" src=\"https:\/\/www.europesays.com\/pl\/wp-content\/uploads\/2025\/12\/1765927994_474_0009A60QQ5I2TYF7-C202-F4.webp.webp\"\/><\/a><\/p>\n<p>Masz sugestie, uwagi albo widzisz b\u0142\u0105d? Napisz do nas<\/p>\n","protected":false},"excerpt":{"rendered":"We wrze\u015bniu Terence Crawford i Saul &#8222;Canelo&#8221; Alvarez zjednoczyli ca\u0142y bokserski \u015bwiata &#8211; wszyscy fani ruszyli przed ekrany,&hellip;\n","protected":false},"author":2,"featured_media":155546,"comment_status":"","ping_status":"","sticky":false,"template":"","format":"standard","meta":{"footnotes":""},"categories":[24],"tags":[42,38,40,39,41,127,126],"class_list":{"0":"post-155545","1":"post","2":"type-post","3":"status-publish","4":"format-standard","5":"has-post-thumbnail","7":"category-sport","8":"tag-pl","9":"tag-poland","10":"tag-polish","11":"tag-polska","12":"tag-polski","13":"tag-sport","14":"tag-sports"},"share_on_mastodon":{"url":"https:\/\/pubeurope.com\/@pl\/115734192291956274","error":""},"_links":{"self":[{"href":"https:\/\/www.europesays.com\/pl\/wp-json\/wp\/v2\/posts\/155545","targetHints":{"allow":["GET"]}}],"collection":[{"href":"https:\/\/www.europesays.com\/pl\/wp-json\/wp\/v2\/posts"}],"about":[{"href":"https:\/\/www.europesays.com\/pl\/wp-json\/wp\/v2\/types\/post"}],"author":[{"embeddable":true,"href":"https:\/\/www.europesays.com\/pl\/wp-json\/wp\/v2\/users\/2"}],"replies":[{"embeddable":true,"href":"https:\/\/www.europesays.com\/pl\/wp-json\/wp\/v2\/comments?post=155545"}],"version-history":[{"count":0,"href":"https:\/\/www.europesays.com\/pl\/wp-json\/wp\/v2\/posts\/155545\/revisions"}],"wp:featuredmedia":[{"embeddable":true,"href":"https:\/\/www.europesays.com\/pl\/wp-json\/wp\/v2\/media\/155546"}],"wp:attachment":[{"href":"https:\/\/www.europesays.com\/pl\/wp-json\/wp\/v2\/media?parent=155545"}],"wp:term":[{"taxonomy":"category","embeddable":true,"href":"https:\/\/www.europesays.com\/pl\/wp-json\/wp\/v2\/categories?post=155545"},{"taxonomy":"post_tag","embeddable":true,"href":"https:\/\/www.europesays.com\/pl\/wp-json\/wp\/v2\/tags?post=155545"}],"curies":[{"name":"wp","href":"https:\/\/api.w.org\/{rel}","templated":true}]}}