{"id":155555,"date":"2025-12-17T09:30:11","date_gmt":"2025-12-17T09:30:11","guid":{"rendered":"https:\/\/www.europesays.com\/pl\/155555\/"},"modified":"2025-12-17T09:30:11","modified_gmt":"2025-12-17T09:30:11","slug":"przelom-dla-rosomakow-jutro-kluczowa-decyzja-w-pgz-defence24","status":"publish","type":"post","link":"https:\/\/www.europesays.com\/pl\/155555\/","title":{"rendered":"Prze\u0142om dla Rosomak\u00f3w? Jutro kluczowa decyzja w PGZ &#8211; Defence24"},"content":{"rendered":"<ol>\n<li><a href=\"https:\/\/news.google.com\/rss\/articles\/CBMihwFBVV95cUxNSFRCcEZ2QmY5TTRtLTg4alpDQ3B4Tlh3OXVqaWxiYU50dHNVbFE0aEhwRXZKRTZRcFY5N2hIU00tNnNYNG1Ca0FqeU9tcVB2a1BhYV9XWHpuQm5lQWlGN0FZN2NyZXpxR1Z5V184Y2NyMEs1cVlhTHpjc01lX181QVcwazZPQ3c?oc=5\" target=\"_blank\" rel=\"nofollow noopener\">Prze\u0142om dla Rosomak\u00f3w? Jutro kluczowa decyzja w PGZ<\/a>&nbsp;&nbsp;Defence24<\/li>\n<li><a href=\"https:\/\/news.google.com\/rss\/articles\/CBMiugFBVV95cUxQSGVYMUJtMVI5MmdjX0VmN3ctNXNKUFRfOE02eU1aRkJwaXlGbDFmZ2FmcnRxSmxDVU9xM2k4NlV2bDFGQVhFNHhwTE1iM2ROVkFla3pWZ25RLUhHcUl4aXhxOHFzSEZ4WXVybXQ1M3ZPYkp3bDk4Q0JpamgyTVVFQ3RlaXJQQTRacFZRTGdZbGJlSzk1WXJJRlpwUWY2cUZwN2hZWmJ1QkZ1M0txblR6enBHaGZ3bS1QeXc?oc=5\" target=\"_blank\" rel=\"nofollow noopener\">Rosomaki zostaj\u0105 z nami! PGZ i MON przed\u0142u\u017caj\u0105 licencj\u0119<\/a>&nbsp;&nbsp;Forsal<\/li>\n<li><a href=\"https:\/\/news.google.com\/rss\/articles\/CBMimgFBVV95cUxOUGZ1TWtrbHVqSGJ1UEU3SlhGeFJxSXpoZmFPenJoMldXczJpdUZ1TEo4SEhtWWtkXy0xWkVuR21mOUx5T1IyRTdNc3pPNE9qS21USkFlWmpBdjRWNVQwb1FrNUt0ZFFnS3dCTi04U1U5U3JGM054V1VuODJfX1JQS1JPSTFHRC05VWhXWU95cFYwdXJxeE1yM25n?oc=5\" target=\"_blank\" rel=\"nofollow noopener\">Przed\u0142u\u017cenie umowy licencyjnej na produkcj\u0119 KTO Rosomak<\/a>&nbsp;&nbsp;Gov.pl<\/li>\n<li><a href=\"https:\/\/news.google.com\/rss\/articles\/CBMiywFBVV95cUxPSkMzNFNMbU1vYUdnYmZZU09kRXlHLWNhaTZVUTFwV3BjODZsR3FsdXRaZnZiOVVDM3V2bTRXODJnUE4wZmpnbWRqT3Jaa2twRFhBZTVWSUhTY1JrOGRWcmtuUEpSSmphZ09WVUo2RE9lbXF3bVNhQ3QzYUY5NkhmLS1qOFFJVjBndEFqMWxrTXlVREs4T3VJYllucDVJNXl5MmFsY2hlNEpIZUNjYjR4X0pQTVdEa2pLMjlnUmhScE92MFVKZndHSjZHUQ?oc=5\" target=\"_blank\" rel=\"nofollow noopener\">Ruch giganta zbrojeniowego. Na \u015al\u0105sku b\u0119dzie produkcja wa\u017cnego pojazdu dla wojska<\/a>&nbsp;&nbsp;Dziennik Zachodni<\/li>\n<li><a href=\"https:\/\/news.google.com\/rss\/articles\/CBMijAFBVV95cUxOSmszZmNQWWpKSk1XZVAxMklfaWhnMnhnS0YtbTdQOVBKQ1pURjVQWkRhbTI3NUlVRXRwNW84YUUyWW5aVlp4ZnJlOGQ0QWZHVk14VHZXemtOU0MtenFNUjJoeUlrYUl2elZzVlplQllVUUhRZUJyNFJmZ3hfcTFLaDNwRzI1dmRldWtrVQ?oc=5\" target=\"_blank\" rel=\"nofollow noopener\">Zagraniczny nast\u0119pca Rosomaka? Niepewna przysz\u0142o\u015b\u0107 NKTO<\/a>&nbsp;&nbsp;Defence24<\/li>\n<\/ol>\n","protected":false},"excerpt":{"rendered":"Prze\u0142om dla Rosomak\u00f3w? Jutro kluczowa decyzja w PGZ&nbsp;&nbsp;Defence24 Rosomaki zostaj\u0105 z nami! PGZ i MON przed\u0142u\u017caj\u0105 licencj\u0119&nbsp;&nbsp;Forsal Przed\u0142u\u017cenie&hellip;\n","protected":false},"author":2,"featured_media":155556,"comment_status":"","ping_status":"","sticky":false,"template":"","format":"standard","meta":{"footnotes":""},"categories":[12],"tags":[32,33,36,37,27,31040,34,35,8660,1587,28,31,25,31041,42,38,40,39,5516,41,352,13353,28761,29,30,26,6525],"class_list":{"0":"post-155555","1":"post","2":"type-post","3":"status-publish","4":"format-standard","5":"has-post-thumbnail","7":"category-polska","8":"tag-breaking-news","9":"tag-breakingnews","10":"tag-featured-news","11":"tag-featurednews","12":"tag-headlines","13":"tag-kto","14":"tag-latest-news","15":"tag-latestnews","16":"tag-ministerstwo-obrony-narodowej","17":"tag-mon","18":"tag-naglowki","19":"tag-najwazniejsze-artykuly","20":"tag-news","21":"tag-pgz-sa","22":"tag-pl","23":"tag-poland","24":"tag-polish","25":"tag-polska","26":"tag-polska-grupa-zbrojeniowa","27":"tag-polski","28":"tag-przemysl","29":"tag-przemysl-zbrojeniowy","30":"tag-rosomak","31":"tag-top-stories","32":"tag-topstories","33":"tag-wiadomosci","34":"tag-wladyslaw-kosiniak-kamysz"},"share_on_mastodon":{"url":"https:\/\/pubeurope.com\/@pl\/115734211732871904","error":""},"_links":{"self":[{"href":"https:\/\/www.europesays.com\/pl\/wp-json\/wp\/v2\/posts\/155555","targetHints":{"allow":["GET"]}}],"collection":[{"href":"https:\/\/www.europesays.com\/pl\/wp-json\/wp\/v2\/posts"}],"about":[{"href":"https:\/\/www.europesays.com\/pl\/wp-json\/wp\/v2\/types\/post"}],"author":[{"embeddable":true,"href":"https:\/\/www.europesays.com\/pl\/wp-json\/wp\/v2\/users\/2"}],"replies":[{"embeddable":true,"href":"https:\/\/www.europesays.com\/pl\/wp-json\/wp\/v2\/comments?post=155555"}],"version-history":[{"count":0,"href":"https:\/\/www.europesays.com\/pl\/wp-json\/wp\/v2\/posts\/155555\/revisions"}],"wp:featuredmedia":[{"embeddable":true,"href":"https:\/\/www.europesays.com\/pl\/wp-json\/wp\/v2\/media\/155556"}],"wp:attachment":[{"href":"https:\/\/www.europesays.com\/pl\/wp-json\/wp\/v2\/media?parent=155555"}],"wp:term":[{"taxonomy":"category","embeddable":true,"href":"https:\/\/www.europesays.com\/pl\/wp-json\/wp\/v2\/categories?post=155555"},{"taxonomy":"post_tag","embeddable":true,"href":"https:\/\/www.europesays.com\/pl\/wp-json\/wp\/v2\/tags?post=155555"}],"curies":[{"name":"wp","href":"https:\/\/api.w.org\/{rel}","templated":true}]}}