{"id":15557,"date":"2025-09-25T15:14:07","date_gmt":"2025-09-25T15:14:07","guid":{"rendered":"https:\/\/www.europesays.com\/pl\/15557\/"},"modified":"2025-09-25T15:14:07","modified_gmt":"2025-09-25T15:14:07","slug":"rosyjskie-samoloty-pojawily-sie-nad-alaska-natychmiastowa-reakcja-usa","status":"publish","type":"post","link":"https:\/\/www.europesays.com\/pl\/15557\/","title":{"rendered":"Rosyjskie samoloty pojawi\u0142y si\u0119 nad Alask\u0105. Natychmiastowa reakcja USA"},"content":{"rendered":"<p class=\"ods-c-paragraph\">&#8222;P\u00f3\u0142nocnoameryka\u0144skie Dow\u00f3dztwo Obrony Powietrznej i Kosmicznej (NORAD) wykry\u0142o i \u015bledzi\u0142o dwa Tu-95 i dwa Su-35 operuj\u0105ce w Strefie Identyfikacji Obrony Powietrznej Alaski (ADIZ) 24 wrze\u015bnia 2025 r.&#8221; \u2014 informuje NORAD w komunikacie.<\/p>\n<p class=\"ods-c-paragraph\">W reakcji poderwane zosta\u0142y cztery my\u015bliwce F-16, cztery samoloty-cysterny KC-135 i jeden samolot wczesnego ostrzegania E-3.<\/p>\n<p> Rosyjskie samoloty pojawi\u0142y si\u0119 nad Alask\u0105<\/p>\n<p class=\"ods-c-paragraph\">&#8222;Rosyjskie samoloty wojskowe pozosta\u0142y w mi\u0119dzynarodowej przestrzeni powietrznej i nie wkroczy\u0142y w suwerenn\u0105 przestrze\u0144 powietrzn\u0105 Stan\u00f3w Zjednoczonych ani Kanady. Dzia\u0142ania Rosji w ADIZ Alaski s\u0105 regularne i nie s\u0105 postrzegane jako zagro\u017cenie&#8221; \u2014 uspokaja komunikat.<\/p>\n<p>Dalszy ci\u0105g artyku\u0142u pod materia\u0142em wideo<\/p>\n<p class=\"ods-c-paragraph\">Przypomniano w nim r\u00f3wnie\u017c, \u017ce NORAD wykorzystuje warstwow\u0105 sie\u0107 obronn\u0105 sk\u0142adaj\u0105c\u0105 si\u0119 z satelit\u00f3w, radar\u00f3w naziemnych i powietrznych oraz samolot\u00f3w my\u015bliwskich w celu wykrywania i \u015bledzenia statk\u00f3w powietrznych oraz informowania o odpowiednich dzia\u0142aniach. NORAD pozostaje gotowy do podj\u0119cia szeregu dzia\u0142a\u0144 w obronie Ameryki P\u00f3\u0142nocnej.<\/p>\n<p class=\"ods-c-paragraph\">To kolejny incydent z udzia\u0142em rosyjskich maszyn, na kt\u00f3r\u0105 NORAD zareagowa\u0142o stanowczo. 24 sierpnia samolot dowodzenia i kontroli E-3 Sentry, dwa my\u015bliwce <a href=\"https:\/\/businessinsider.com.pl\/finanse\/katastrofa-f-16-w-radomiu-organizatorzy-airshow-o-zwrocie-kosztu-biletow\/kp38196\" id=\"2affc8d9-8429-45d8-86d8-3d9076ed6928\" rel=\"nofollow noopener\" target=\"_blank\">F-16<\/a> oraz dwa tankowce powietrzne KC-135 zosta\u0142y skierowane do przechwycenia i wizualnej identyfikacji rosyjskiego I\u0142a-20, znanego w kodzie NATO jako Coot. Podobne dzia\u0142ania podejmowano ju\u017c 20 i 21 sierpnia, kiedy to r\u00f3wnie\u017c wykryto rosyjskie maszyny w Strefie Identyfikacji Obrony Powietrznej Alaski (ADIZ).<\/p>\n<p class=\"ods-c-paragraph\">Noc\u0105 z 9 na 10 wrze\u015bnia w przestrze\u0144 powietrzn\u0105 Polski wtargn\u0119\u0142o oko\u0142o 20 rosyjskich dron\u00f3w. Szefowa unijnej dyplomacji Kaja Kallas o\u015bwiadczy\u0142a, \u017ce wed\u0142ug wst\u0119pnych przes\u0142anek by\u0142o to celowe dzia\u0142anie i \u2014 jak oceni\u0142a \u2014 najpowa\u017cniejsze naruszenie europejskiej przestrzeni powietrznej przez Rosj\u0119 od pocz\u0105tku wojny w Ukrainie.<\/p>\n<p class=\"ods-c-paragraph\">Kilka dni p\u00f3\u017aniej, 13 wrze\u015bnia, rosyjski dron naruszy\u0142 przestrze\u0144 powietrzn\u0105 Rumunii. Z kolei 19 wrze\u015bnia trzy rosyjskie my\u015bliwce MiG-31 wtargn\u0119\u0142y na ok. 12 minut do przestrzeni powietrznej Estonii. W\u0142adze w Tallinie poinformowa\u0142y, \u017ce samoloty lecia\u0142y bez zg\u0142oszonych plan\u00f3w lotu, z wy\u0142\u0105czonymi transponderami i odm\u00f3wi\u0142y odpowiedzi na wezwania kontroli ruchu lotniczego.<\/p>\n","protected":false},"excerpt":{"rendered":"&#8222;P\u00f3\u0142nocnoameryka\u0144skie Dow\u00f3dztwo Obrony Powietrznej i Kosmicznej (NORAD) wykry\u0142o i \u015bledzi\u0142o dwa Tu-95 i dwa Su-35 operuj\u0105ce w Strefie&hellip;\n","protected":false},"author":2,"featured_media":15558,"comment_status":"","ping_status":"","sticky":false,"template":"","format":"standard","meta":{"footnotes":""},"categories":[14],"tags":[32,33,27,76,34,35,4894,28,31,48,25,46,40,41,87,2683,47,80,29,30,71,26,82,83,84],"class_list":{"0":"post-15557","1":"post","2":"type-post","3":"status-publish","4":"format-standard","5":"has-post-thumbnail","7":"category-swiat","8":"tag-breaking-news","9":"tag-breakingnews","10":"tag-headlines","11":"tag-inwazja_rosji_na_ukraine","12":"tag-latest-news","13":"tag-latestnews","14":"tag-livebar_tst0","15":"tag-naglowki","16":"tag-najwazniejsze-artykuly","17":"tag-nat_styl","18":"tag-news","19":"tag-omp","20":"tag-polish","21":"tag-polski","22":"tag-rosja","23":"tag-samoloty_lotnictwo_ruch_lotniczy","24":"tag-screening_general","25":"tag-swiat","26":"tag-top-stories","27":"tag-topstories","28":"tag-usa","29":"tag-wiadomosci","30":"tag-world","31":"tag-world-news","32":"tag-worldnews"},"share_on_mastodon":{"url":"","error":""},"_links":{"self":[{"href":"https:\/\/www.europesays.com\/pl\/wp-json\/wp\/v2\/posts\/15557","targetHints":{"allow":["GET"]}}],"collection":[{"href":"https:\/\/www.europesays.com\/pl\/wp-json\/wp\/v2\/posts"}],"about":[{"href":"https:\/\/www.europesays.com\/pl\/wp-json\/wp\/v2\/types\/post"}],"author":[{"embeddable":true,"href":"https:\/\/www.europesays.com\/pl\/wp-json\/wp\/v2\/users\/2"}],"replies":[{"embeddable":true,"href":"https:\/\/www.europesays.com\/pl\/wp-json\/wp\/v2\/comments?post=15557"}],"version-history":[{"count":0,"href":"https:\/\/www.europesays.com\/pl\/wp-json\/wp\/v2\/posts\/15557\/revisions"}],"wp:featuredmedia":[{"embeddable":true,"href":"https:\/\/www.europesays.com\/pl\/wp-json\/wp\/v2\/media\/15558"}],"wp:attachment":[{"href":"https:\/\/www.europesays.com\/pl\/wp-json\/wp\/v2\/media?parent=15557"}],"wp:term":[{"taxonomy":"category","embeddable":true,"href":"https:\/\/www.europesays.com\/pl\/wp-json\/wp\/v2\/categories?post=15557"},{"taxonomy":"post_tag","embeddable":true,"href":"https:\/\/www.europesays.com\/pl\/wp-json\/wp\/v2\/tags?post=15557"}],"curies":[{"name":"wp","href":"https:\/\/api.w.org\/{rel}","templated":true}]}}