{"id":155575,"date":"2025-12-17T09:40:11","date_gmt":"2025-12-17T09:40:11","guid":{"rendered":"https:\/\/www.europesays.com\/pl\/155575\/"},"modified":"2025-12-17T09:40:11","modified_gmt":"2025-12-17T09:40:11","slug":"katarzyna-cichopek-o-odejsciu-z-m-jak-milosc-przychodzilo-zmeczenie","status":"publish","type":"post","link":"https:\/\/www.europesays.com\/pl\/155575\/","title":{"rendered":"Katarzyna Cichopek o odej\u015bciu z &#8222;M jak mi\u0142o\u015b\u0107&#8221;. &#8222;Przychodzi\u0142o zm\u0119czenie&#8221;"},"content":{"rendered":"<p class=\"ods-c-paragraph \"><a href=\"https:\/\/plejada.pl\/temat\/katarzyna-cichopek\/d6qbrps\" id=\"3af6cfd6-ee08-4d05-ac2a-9b079036fe5a\" rel=\"nofollow noopener\" target=\"_blank\">Katarzyna Cichopek<\/a> jest jedn\u0105 z najbardziej rozpoznawalnych twarzy serialu <a href=\"https:\/\/plejada.pl\/temat\/m-jak-milosc-serial\/3q60vdk\" id=\"d661a32b-5b1f-45f8-85fe-206158c950eb\" rel=\"nofollow noopener\" target=\"_blank\">&#8222;M jak mi\u0142o\u015b\u0107&#8221;<\/a>. W produkcji TVP2 wyst\u0119puje od samego pocz\u0105tku, czyli od 2000 r., kiedy wcieli\u0142a si\u0119 w posta\u0107 Kingi Filarskiej \u2014 p\u00f3\u017aniej Zdu\u0144skiej. Przez lata widzowie obserwowali, jak jej bohaterka dojrzewa\u0142a na ekranie, zak\u0142ada\u0142a rodzin\u0119 i mierzy\u0142a si\u0119 z \u017cyciowymi wyzwaniami. W grudniu Cichopek \u015bwi\u0119tuje razem z fanami 25-lecie serialu, kt\u00f3ry na sta\u0142e wpisa\u0142 si\u0119 w histori\u0119 polskiej telewizji.<\/p>\n<p class=\"ods-c-paragraph \">Polecamy: <a href=\"https:\/\/plejada.pl\/newsy\/katarzyna-cichopek-wspomina-poczatki-w-m-jak-milosc-jakby-to-bylo-wczoraj\/yzlqezh\" id=\"c84b0258-04aa-46e7-b543-54a27c153884\" rel=\"nofollow noopener\" target=\"_blank\">Katarzyna Cichopek wspomina pocz\u0105tki w &#8222;M jak mi\u0142o\u015b\u0107&#8221;. &#8222;Jakby to by\u0142o wczoraj&#8221;<\/a><\/p>\n<p class=\"ods-c-paragraph \">Niedawno serial obchodzi\u0142 swoje 25-lecie \u2014 po raz pierwszy trafi\u0142 na anten\u0119 w listopadzie 2000 r. Z tej okazji Katarzyna Cichopek opublikowa\u0142a na Instagramie poruszaj\u0105cy wpis, w kt\u00f3rym nawi\u0105za\u0142a do jubileuszu.<\/p>\n<p class=\"ods-c-paragraph \">&#8222;Dzi\u015b mija dok\u0142adnie 25 lat od emisji pierwszego odcinka 'M jak mi\u0142o\u015b\u0107&#8217;. [&#8230;] Nie przypuszcza\u0142am wtedy, \u017ce ten serial na zawsze zmieni moje \u017cycie. To dzi\u0119ki &#8222;M jak mi\u0142o\u015b\u0107&#8221; mog\u0142am dorasta\u0107 razem z wami, prze\u017cywa\u0107 wzruszenia, uczy\u0107 si\u0119, kocha\u0107, \u015bmia\u0107 i p\u0142aka\u0107 na ekranie. [&#8230;] Dzi\u0119kuj\u0119 ca\u0142ej ekipie, produkcji i wszystkim, z kt\u00f3rymi mia\u0142am szcz\u0119\u015bcie pracowa\u0107 \u2014 za cudowny czas, przyja\u017anie i wspomnienia, kt\u00f3re zostan\u0105 ze mn\u0105 na zawsze&#8221; \u2014 pisa\u0142a.<\/p>\n<p>Dalszy ci\u0105g artyku\u0142u pod materia\u0142em wideo<\/p>\n<p> Czy Katarzyna Cichopek odchodzi z 'M jak mi\u0142o\u015b\u0107&#8217;? <\/p>\n<p> Jak d\u0142ugo Katarzyna Cichopek gra w 'M jak mi\u0142o\u015b\u0107&#8217;? <\/p>\n<p> Co m\u00f3wi Cichopek o jubileuszu 25-lecia serialu? <\/p>\n<p> Czy Cichopek rozwa\u017ca\u0142a zmian\u0119 zawodu na psychologa? <\/p>\n<p>  Katarzyna Cichopek o odej\u015bciu z &#8222;M jak mi\u0142o\u015b\u0107&#8221;<\/p>\n<p class=\"ods-c-paragraph \">Emocjonalny wpis aktorki z okazji 25-lecia serialu sprawi\u0142, \u017ce cz\u0119\u015b\u0107 fan\u00f3w zacz\u0119\u0142a zastanawia\u0107 si\u0119 nad przysz\u0142o\u015bci\u0105 Kingi Zdu\u0144skiej. Jubileuszowe podsumowanie dla niekt\u00f3rych zabrzmia\u0142o niemal jak po\u017cegnanie z bohaterk\u0105. <a href=\"https:\/\/ludzie.fakt.pl\/katarzyna-cichopek-myslala-o-odejsciu-z-m-jak-milosc-tym-miala-sie-zajac\/rrrl7d9\" id=\"5554b11c-26ff-4a04-baa3-11c284c742c8\" rel=\"nofollow noopener\" target=\"_blank\">W rozmowie z Faktem<\/a> Cichopek przyzna\u0142a, \u017ce przez te wszystkie lata zdarza\u0142y si\u0119 momenty zm\u0119czenia.<\/p>\n<blockquote class=\"ods-o-quota\">\n<p class=\"ods-o-quota__paragraph\">25 lat to jest szmat czasu. Dzia\u0142y si\u0119 r\u00f3\u017cne sytuacje w moim \u017cyciu i czasami przychodzi\u0142o zm\u0119czenie. Czasami mia\u0142am takie my\u015bli, czy to jest droga, kt\u00f3r\u0105 chc\u0119 pod\u0105\u017ca\u0107, a mo\u017ce powinnam jednak przekwalifikowa\u0107 si\u0119 na psychologa<\/p>\n<\/blockquote>\n<blockquote class=\"ods-o-quota\">\n<p class=\"ods-o-quota__paragraph\">By\u0142o wiele znak\u00f3w zapytania i te\u017c wiele r\u00f3\u017cnych kryzys\u00f3w, ale z ka\u017cdego kryzysu wychodzi\u0142am z dum\u0105 i wiar\u0105 w to, \u017ce &#8222;M jak mi\u0142o\u015b\u0107&#8221; to moje miejsce. To miejsce, kt\u00f3re za ka\u017cdym razem pokazywa\u0142o mi, \u017ce kiedy jest mi gorzej w \u017cyciu, to na ich ramieniu mog\u0119 si\u0119 oprze\u0107 i mog\u0119 by\u0107 spokojna<\/p>\n<\/blockquote>\n<p class=\"ods-c-paragraph \">\u2014 doda\u0142a.<\/p>\n<p><img decoding=\"async\" src=\"https:\/\/www.europesays.com\/pl\/wp-content\/uploads\/2025\/12\/GBik9lBaHR0cHM6Ly9vY2RuLmV1L3B1bHNjbXMvTURBXy9jNmE5NTQ1YTY1NmJiZjEwMjg2MDhiNzYwMjc3YTQzMy5qcGeRlQLNA.jpeg\" height=\"529\" width=\"940\" alt=\"Katarzyna Cichopek\" loading=\"lazy\" class=\"ods-c-image__img ods-c-image__img--vertical\"\/><\/p>\n<p>Katarzyna CichopekAndras Szilagyi \/ MW Media<\/p>\n<p class=\"ods-c-paragraph \">Dzi\u0119kujemy, \u017ce przeczyta\u0142a\u015b\/e\u015b nasz artyku\u0142 do ko\u0144ca. W serwisie Plejada.pl ka\u017cdego dnia piszemy o najwa\u017cniejszych wydarzeniach show-biznesowych. B\u0105d\u017a na bie\u017c\u0105co! <a rel=\"nofollow noopener\" href=\"https:\/\/profile.google.com\/cp\/Cg0vZy8xMWJ6X19wdHBx\" id=\"7e62e7bb-8a4d-4ba2-9a07-ef55a76cfacd\" target=\"_blank\">Obserwuj<\/a> Plejad\u0119 w Google. Odwied\u017a nas tak\u017ce na <a rel=\"nofollow noopener\" href=\"https:\/\/www.facebook.com\/plejadapl\" id=\"487b16eb-8f8b-4edd-8d15-5da256c14a9e\" target=\"_blank\">Facebooku<\/a>, <a rel=\"nofollow noopener\" href=\"https:\/\/www.instagram.com\/plejadapl\/\" id=\"c6403e16-d3e2-4865-9634-01d070f6de11\" target=\"_blank\">Instagramie<\/a>, <a rel=\"nofollow noopener\" href=\"https:\/\/www.youtube.com\/c\/plejada\" id=\"267a5837-40de-4ab8-92c0-ad6957fb51de\" target=\"_blank\">YouTubie<\/a> oraz <a rel=\"nofollow noopener\" href=\"https:\/\/www.tiktok.com\/@plejada_pl\" id=\"f0628b95-de53-41b5-a6af-ac210125cc52\" target=\"_blank\">TikToku<\/a>.<\/p>\n<p class=\"ods-c-paragraph \">Chcesz podzieli\u0107 si\u0119 ciekawym newsem lub zaproponowa\u0107 temat? Skontaktuj si\u0119 z nami, pisz\u0105c maila na adres: <a rel=\"nofollow noopener\" href=\"https:\/\/plejada.pl\/newsy\/katarzyna-cichopek-o-odejsciu-z-m-jak-milosc-przychodzilo-zmeczenie\/mailto:plejada@redakcjaonet.pl\" id=\"7787e770-464a-4695-9df8-f511fbba325d\" target=\"_blank\">plejada@redakcjaon<\/a><a rel=\"nofollow noopener\" href=\"https:\/\/et.pl\/\" id=\"89a0a8c8-fc9d-46cf-879e-674640af9d83\" target=\"_blank\">et.pl<\/a>.<\/p>\n<p><script async src=\"\/\/www.instagram.com\/embed.js\"><\/script><script async src=\"\/\/www.tiktok.com\/embed.js\"><\/script><\/p>\n","protected":false},"excerpt":{"rendered":"Katarzyna Cichopek jest jedn\u0105 z najbardziej rozpoznawalnych twarzy serialu &#8222;M jak mi\u0142o\u015b\u0107&#8221;. W produkcji TVP2 wyst\u0119puje od samego&hellip;\n","protected":false},"author":2,"featured_media":155576,"comment_status":"","ping_status":"","sticky":false,"template":"","format":"standard","meta":{"footnotes":""},"categories":[22],"tags":[122,5649,7992,48,125,46,42,38,40,39,41,25865,123,47],"class_list":{"0":"post-155575","1":"post","2":"type-post","3":"status-publish","4":"format-standard","5":"has-post-thumbnail","7":"category-rozrywka","8":"tag-entertainment","9":"tag-katarzyna_cichopek","10":"tag-m_jak_milosc","11":"tag-nat_styl","12":"tag-newsy","13":"tag-omp","14":"tag-pl","15":"tag-poland","16":"tag-polish","17":"tag-polska","18":"tag-polski","19":"tag-rebrand_ai_tst0","20":"tag-rozrywka","21":"tag-screening_general"},"share_on_mastodon":{"url":"https:\/\/pubeurope.com\/@pl\/115734251497621396","error":""},"_links":{"self":[{"href":"https:\/\/www.europesays.com\/pl\/wp-json\/wp\/v2\/posts\/155575","targetHints":{"allow":["GET"]}}],"collection":[{"href":"https:\/\/www.europesays.com\/pl\/wp-json\/wp\/v2\/posts"}],"about":[{"href":"https:\/\/www.europesays.com\/pl\/wp-json\/wp\/v2\/types\/post"}],"author":[{"embeddable":true,"href":"https:\/\/www.europesays.com\/pl\/wp-json\/wp\/v2\/users\/2"}],"replies":[{"embeddable":true,"href":"https:\/\/www.europesays.com\/pl\/wp-json\/wp\/v2\/comments?post=155575"}],"version-history":[{"count":0,"href":"https:\/\/www.europesays.com\/pl\/wp-json\/wp\/v2\/posts\/155575\/revisions"}],"wp:featuredmedia":[{"embeddable":true,"href":"https:\/\/www.europesays.com\/pl\/wp-json\/wp\/v2\/media\/155576"}],"wp:attachment":[{"href":"https:\/\/www.europesays.com\/pl\/wp-json\/wp\/v2\/media?parent=155575"}],"wp:term":[{"taxonomy":"category","embeddable":true,"href":"https:\/\/www.europesays.com\/pl\/wp-json\/wp\/v2\/categories?post=155575"},{"taxonomy":"post_tag","embeddable":true,"href":"https:\/\/www.europesays.com\/pl\/wp-json\/wp\/v2\/tags?post=155575"}],"curies":[{"name":"wp","href":"https:\/\/api.w.org\/{rel}","templated":true}]}}