{"id":155620,"date":"2025-12-17T10:05:09","date_gmt":"2025-12-17T10:05:09","guid":{"rendered":"https:\/\/www.europesays.com\/pl\/155620\/"},"modified":"2025-12-17T10:05:09","modified_gmt":"2025-12-17T10:05:09","slug":"wlodzimierz-czarzasty-o-relacjach-z-karolem-nawrockim-cieplo-mu-sie-przygladam","status":"publish","type":"post","link":"https:\/\/www.europesays.com\/pl\/155620\/","title":{"rendered":"W\u0142odzimierz Czarzasty o relacjach z Karolem Nawrockim. &#8222;Ciep\u0142o mu si\u0119 przygl\u0105dam&#8221;"},"content":{"rendered":"<p class=\"ods-c-paragraph \">\u2014 Pan prezydent ma swoje prerogatywy, a ja swoje, wynikaj\u0105ce z regulaminu Sejmu i konstytucji. Pan prezydent ma sw\u00f3j d\u0142ugopis, ja mam sw\u00f3j. S\u0105 o\u015brodki w\u0142adzy, kt\u00f3re powinny si\u0119 nawzajem szanowa\u0107. To s\u0105 o\u015brodki prezydencki, rz\u0105dowy i Sejm. Jak si\u0119 wszyscy b\u0119d\u0105 szanowali, to wsp\u00f3\u0142praca b\u0119dzie si\u0119 uk\u0142ada\u0142a. Je\u015bli jeden z o\u015brodk\u00f3w nie b\u0119dzie szanowa\u0142 pozosta\u0142ych, to b\u0119dzie otrzymywa\u0142 to, na co zas\u0142uguje \u2014 podkre\u015bli\u0142 marsza\u0142ek Sejmu W\u0142odzimierz Czarzasty.<\/p>\n<p>Dalszy ci\u0105g artyku\u0142u pod materia\u0142em wideo<\/p>\n<p> Jakie relacje ma W\u0142odzimierz Czarzasty z prezydentem? <\/p>\n<p> Co m\u00f3wi Czarzasty o wsp\u00f3\u0142pracy z prezydentem? <\/p>\n<p> Kiedy pos\u0142owie zdecyduj\u0105 o weto prezydenta? <\/p>\n<p> Jakie g\u0142osowanie planowane jest na posiedzeniu Sejmu? <\/p>\n<p class=\"ods-c-paragraph \">\u2014 Mam takie powiedzenie, kt\u00f3re ju\u017c si\u0119 przedar\u0142o do medi\u00f3w: weto za weto, wet za wet. M\u00f3wi\u0119 to absolutnie otwarcie, z u\u015bmiechem. Jestem got\u00f3w na wsp\u00f3\u0142prac\u0119. Je\u017celi zobacz\u0119 jakikolwiek gest ze strony pana prezydenta, to na pewno na niego zareaguj\u0119. Jak nie zobacz\u0119, to pan minister Siwiec \u2014 jeden z ulubie\u0144c\u00f3w pana prezydenta \u2014 na pewno mi o tym przypomni \u2014 ironizowa\u0142 Czarzasty.<\/p>\n<p class=\"ods-c-paragraph \">\u2014 Powiem szczerze, tak za bardzo dzia\u0142a\u0144 pana prezydent na co dzie\u0144 nie obserwuj\u0119 \u2014 doda\u0142.<\/p>\n<p>Weto prezydenta do ustawy \u0142a\u0144cuchowej. Pos\u0142owie podejm\u0105 decyzj\u0119<\/p>\n<p class=\"ods-c-paragraph \">Podczas \u015brodowego posiedzenia Sejmu pos\u0142owie zajm\u0105 si\u0119 sprawozdaniem komisji dotycz\u0105cym wniosku prezydenta Karola Nawrockiego w sprawie weta tzw. ustawy \u0142a\u0144cuchowej. <\/p>\n<p class=\"ods-c-paragraph \">Zgodnie z zapowiedzi\u0105 marsza\u0142ka Sejmu w bloku g\u0142osowa\u0144 zaplanowanym na godz. 18.00 pos\u0142owie maj\u0105 g\u0142osowa\u0107 nad odrzuceniem weta prezydenta. Sejm mo\u017ce je odrzuci\u0107, uchwalaj\u0105c ustaw\u0119 ponownie wi\u0119kszo\u015bci\u0105 trzech pi\u0105tych g\u0142os\u00f3w w obecno\u015bci co najmniej po\u0142owy ustawowej liczby pos\u0142\u00f3w. Do odrzucenia weta pos\u0142owie koalicji rz\u0105dz\u0105cej b\u0119d\u0105 potrzebowali g\u0142os\u00f3w opozycji.<\/p>\n","protected":false},"excerpt":{"rendered":"\u2014 Pan prezydent ma swoje prerogatywy, a ja swoje, wynikaj\u0105ce z regulaminu Sejmu i konstytucji. Pan prezydent ma&hellip;\n","protected":false},"author":2,"featured_media":155621,"comment_status":"","ping_status":"","sticky":false,"template":"","format":"standard","meta":{"footnotes":""},"categories":[12],"tags":[32,33,36,37,27,43,49,34,35,28,31,48,25,46,42,38,40,39,41,47,29,30,8206,26,203],"class_list":{"0":"post-155620","1":"post","2":"type-post","3":"status-publish","4":"format-standard","5":"has-post-thumbnail","7":"category-polska","8":"tag-breaking-news","9":"tag-breakingnews","10":"tag-featured-news","11":"tag-featurednews","12":"tag-headlines","13":"tag-karol_nawrocki","14":"tag-kraj","15":"tag-latest-news","16":"tag-latestnews","17":"tag-naglowki","18":"tag-najwazniejsze-artykuly","19":"tag-nat_styl","20":"tag-news","21":"tag-omp","22":"tag-pl","23":"tag-poland","24":"tag-polish","25":"tag-polska","26":"tag-polski","27":"tag-screening_general","28":"tag-top-stories","29":"tag-topstories","30":"tag-weto","31":"tag-wiadomosci","32":"tag-wlodzimierz_czarzasty"},"share_on_mastodon":{"url":"https:\/\/pubeurope.com\/@pl\/115734349548202776","error":""},"_links":{"self":[{"href":"https:\/\/www.europesays.com\/pl\/wp-json\/wp\/v2\/posts\/155620","targetHints":{"allow":["GET"]}}],"collection":[{"href":"https:\/\/www.europesays.com\/pl\/wp-json\/wp\/v2\/posts"}],"about":[{"href":"https:\/\/www.europesays.com\/pl\/wp-json\/wp\/v2\/types\/post"}],"author":[{"embeddable":true,"href":"https:\/\/www.europesays.com\/pl\/wp-json\/wp\/v2\/users\/2"}],"replies":[{"embeddable":true,"href":"https:\/\/www.europesays.com\/pl\/wp-json\/wp\/v2\/comments?post=155620"}],"version-history":[{"count":0,"href":"https:\/\/www.europesays.com\/pl\/wp-json\/wp\/v2\/posts\/155620\/revisions"}],"wp:featuredmedia":[{"embeddable":true,"href":"https:\/\/www.europesays.com\/pl\/wp-json\/wp\/v2\/media\/155621"}],"wp:attachment":[{"href":"https:\/\/www.europesays.com\/pl\/wp-json\/wp\/v2\/media?parent=155620"}],"wp:term":[{"taxonomy":"category","embeddable":true,"href":"https:\/\/www.europesays.com\/pl\/wp-json\/wp\/v2\/categories?post=155620"},{"taxonomy":"post_tag","embeddable":true,"href":"https:\/\/www.europesays.com\/pl\/wp-json\/wp\/v2\/tags?post=155620"}],"curies":[{"name":"wp","href":"https:\/\/api.w.org\/{rel}","templated":true}]}}