{"id":155626,"date":"2025-12-17T10:08:15","date_gmt":"2025-12-17T10:08:15","guid":{"rendered":"https:\/\/www.europesays.com\/pl\/155626\/"},"modified":"2025-12-17T10:08:15","modified_gmt":"2025-12-17T10:08:15","slug":"jacek-borusinski-bawil-w-kabarecie-mumio-prywatnie-wolnosc-znalazl-w-bogu","status":"publish","type":"post","link":"https:\/\/www.europesays.com\/pl\/155626\/","title":{"rendered":"Jacek Borusi\u0144ski bawi\u0142 w kabarecie Mumio. Prywatnie wolno\u015b\u0107 znalaz\u0142 w Bogu"},"content":{"rendered":"<p class=\"Paragraph_desktopParagraph__U31Gm\">Od najm\u0142odszych lat <a href=\"https:\/\/plejada.pl\/temat\/jacek-borusinski-aktor-komik\/werlc8f\" id=\"fa1d7daf-0441-4f47-a676-555bb2514da2\" rel=\"nofollow noopener\" target=\"_blank\">Jacek Borusi\u0144ski<\/a> wykazywa\u0142 zainteresowanie sztuk\u0105. Ju\u017c w przedszkolu prowadzi\u0142 zabawy, a w liceum za\u0142o\u017cy\u0142 w\u0142asne k\u00f3\u0142ko teatralne. Jego rodzice widzieli w nim przysz\u0142ego prawnika, jednak on sam postanowi\u0142 p\u00f3j\u015b\u0107 inn\u0105 drog\u0105. Po nieudanej pr\u00f3bie dostania si\u0119 do szko\u0142y teatralnej rozpocz\u0105\u0142 studia z teatrologii w Katowicach, gdzie pozna\u0142 przysz\u0142ych cz\u0142onk\u00f3w Mumio.<\/p>\n<p class=\"Paragraph_desktopParagraph__U31Gm\">Opr\u00f3cz sceny kabaretowej Borusi\u0144ski zacz\u0105\u0142 r\u00f3wnie\u017c spe\u0142nia\u0107 si\u0119 w wymarzonym aktorstwie. Widzowie mogli ogl\u0105da\u0107 go w takich filmach, jak: &#8222;Rojst Millenium&#8221;, &#8222;Listy do M. 5&#8221;, &#8222;Ca\u0142e szcz\u0119\u015bcie&#8221;, Poka\u017c, kotku, co masz w \u015brodku&#8221;, &#8222;To nie tak, jak my\u015blisz, kotku&#8221; czy &#8222;Wr\u00f3bel&#8221;. Za t\u0119 ostatni\u0105 rol\u0119 zosta\u0142 nagrodzony na 49. Festiwalu Polskich Film\u00f3w Fabularnych w Gdyni.<\/p>\n<ul class=\"OchatFollowUps_wrapper__1ry7X\">\n<li class=\"OchatFollowUps_item__Dhyly OchatFollowUps_itemDesktop__R6aBv\">Jak\u0105 rol\u0119 otrzyma\u0142 Jacek Borusi\u0144ski w teatrze?<\/li>\n<li class=\"OchatFollowUps_item__Dhyly OchatFollowUps_itemDesktop__R6aBv\">Dlaczego Jacek Borusi\u0144ski zrezygnowa\u0142 z roli w serialu?<\/li>\n<li class=\"OchatFollowUps_item__Dhyly OchatFollowUps_itemDesktop__R6aBv\">Jakie filmy zagra\u0142 Jacek Borusi\u0144ski?<\/li>\n<li class=\"OchatFollowUps_item__Dhyly OchatFollowUps_itemDesktop__R6aBv\">Co m\u00f3wi Jacek Borusi\u0144ski o swojej relacji z Bogiem?<\/li>\n<\/ul>\n<p>Jacek Borusi\u0144ski szcz\u0119\u015bcie odnalaz\u0142 w wierze <\/p>\n<p class=\"Paragraph_desktopParagraph__U31Gm\">Jacek Borusi\u0144ski przywi\u0105zuje du\u017c\u0105 wag\u0119 do kwestii duchowych. Przed laty zrezygnowa\u0142 z roli w serialu &#8222;\u015awiat wed\u0142ug Kiepskich&#8221;, by skupi\u0107 si\u0119 na rodzinie i wierze. &#8222;Rodzina jest miejscem do tego, \u017ceby si\u0119 nawraca\u0107&#8221; \u2014 m\u00f3wi\u0142 w rozmowie z &#8222;Rewi\u0105&#8221;.<\/p>\n<blockquote>\n<p class=\"Paragraph_desktopParagraph__U31Gm\">Mog\u0119 opowiedzie\u0107 o tym, czego do\u015bwiadczam, jak wygl\u0105da moje \u017cycie, natomiast co zrobi z tym osoba, kt\u00f3ra tego s\u0142ucha, to ju\u017c jej sprawa. Nie mam intencji w to ingerowa\u0107, to sprawa wolno\u015bci danej cz\u0142owiekowi, w pewnym sensie nawr\u00f3ci\u0107 si\u0119 mo\u017cna samemu. B\u00f3g daje wolno\u015b\u0107<\/p>\n<\/blockquote>\n<p class=\"Paragraph_desktopParagraph__U31Gm\">\u2014 m\u00f3wi\u0142 w wywiadzie dla serwisu Aleteia.<\/p>\n<p><img decoding=\"async\" class=\"Image_image__0tuHp Image_autoHeight__f2n87 \" height=\"587\" width=\"391\" src=\"https:\/\/www.europesays.com\/pl\/wp-content\/uploads\/2025\/12\/g6nk9kpTURBXy8xYTczYmZiNzM5NzdlZGNlNmQ1YjUyYTIyNmVjMTEyYy5qcGeSlQLNA6wAwsOVAgDNAkvCw94AA6EwAaExAaEzw.jpeg\" alt=\"Jacek Borusi\u0144ski\" loading=\"lazy\" \/>Andras Szilagyi \/ MW Media<\/p>\n<p>Jacek Borusi\u0144ski<\/p>\n<p class=\"Paragraph_desktopParagraph__U31Gm\">Aktor cz\u0119sto opowiada o swoim do\u015bwiadczeniu wiary podczas spotka\u0144 w szko\u0142ach, traktuj\u0105c to jako form\u0119 misji. W swoich wypowiedziach zaznacza\u0142, \u017ce dzieli si\u0119 swoim prze\u017cyciem, ale nie zamierza wp\u0142ywa\u0107 na decyzje innych, bo wed\u0142ug niego ka\u017cdy ma wolno\u015b\u0107 wyboru.<\/p>\n<blockquote>\n<p class=\"Paragraph_desktopParagraph__U31Gm\">Zale\u017cy mi, \u017ceby moja relacja z Bogiem by\u0142a \u017cywa, prawdziwa. My\u015bl\u0119, \u017ce Jemu r\u00f3wnie\u017c na tym zale\u017cy. Przyjd\u017a, pok\u0142\u00f3\u0107 si\u0119 ze mn\u0105, ale przyjd\u017a z byle jak\u0105 pierdo\u0142\u0105.<\/p>\n<\/blockquote>\n<p class=\"Paragraph_desktopParagraph__U31Gm\">\u2014 doda\u0142.<\/p>\n<p><img decoding=\"async\" class=\"Image_image__0tuHp Image_autoHeight__f2n87 \" height=\"587\" width=\"373\" src=\"https:\/\/www.europesays.com\/pl\/wp-content\/uploads\/2025\/12\/9_7k9kpTURBXy85ZGIxMjIyYTdiOWMzNjg0ZTc2ZjE0NjY2OTkxNWU2Ny5qcGeSlQLNA6wAwsOVAgDNAkvCw94AA6EwAaExAaEzw.jpeg\" alt=\"Jacek Borusi\u0144ski\" loading=\"lazy\" \/>Andras Szilagyi \/ MW Media<\/p>\n<p>Jacek Borusi\u0144ski<\/p>\n<p class=\"Paragraph_desktopParagraph__U31Gm\">Dzi\u0119kujemy, \u017ce przeczyta\u0142a\u015b\/e\u015b nasz artyku\u0142 do ko\u0144ca. W serwisie Plejada.pl ka\u017cdego dnia piszemy o najwa\u017cniejszych wydarzeniach show-biznesowych. B\u0105d\u017a na bie\u017c\u0105co! <a rel=\"nofollow noopener\" href=\"https:\/\/profile.google.com\/cp\/Cg0vZy8xMWJ6X19wdHBx\" id=\"b35e7299-0dab-4435-8001-5a2416a13dde\" target=\"_blank\">Obserwuj<\/a> Plejad\u0119 w Google. Odwied\u017a nas tak\u017ce na <a rel=\"nofollow noopener\" href=\"https:\/\/www.facebook.com\/plejadapl\" id=\"677443f9-e157-49f4-811c-1cb429db9f3c\" target=\"_blank\">Facebooku<\/a>, <a rel=\"nofollow noopener\" href=\"https:\/\/www.instagram.com\/plejadapl\/\" id=\"d3ab7771-2b9d-44b8-b0f5-931cab8668fe\" target=\"_blank\">Instagramie<\/a>, <a rel=\"nofollow noopener\" href=\"https:\/\/www.youtube.com\/c\/plejada\" id=\"b2422293-0435-4b44-9d16-82d1c24088a3\" target=\"_blank\">YouTubie<\/a> oraz <a rel=\"nofollow noopener\" href=\"https:\/\/www.tiktok.com\/@plejada_pl\" id=\"105faa0c-4153-4600-bd05-d9fc3a711710\" target=\"_blank\">TikToku<\/a>.<\/p>\n<p class=\"Paragraph_desktopParagraph__U31Gm\">Chcesz podzieli\u0107 si\u0119 ciekawym newsem lub zaproponowa\u0107 temat? Skontaktuj si\u0119 z nami, pisz\u0105c maila na adres: <a href=\"https:\/\/www.onet.pl\/styl-zycia\/plejada\/jacek-borusinski-bawil-w-kabarecie-mumio-prywatnie-wolnosc-znalazl-w-bogu\/mailto:plejada@redakcjaonet.pl\" id=\"6fdccefa-cac6-4471-beb8-2bf850739008\" rel=\"nofollow noopener\" target=\"_blank\">plejada@redakcjaon<\/a><a rel=\"nofollow noopener\" href=\"http:\/\/et.pl\" id=\"66cc48c4-aa8f-45c1-937d-5d0773455bd7\" target=\"_blank\">et.pl<\/a>.<\/p>\n<p><script async src=\"\/\/www.instagram.com\/embed.js\"><\/script><script async src=\"\/\/www.tiktok.com\/embed.js\"><\/script><\/p>\n","protected":false},"excerpt":{"rendered":"Od najm\u0142odszych lat Jacek Borusi\u0144ski wykazywa\u0142 zainteresowanie sztuk\u0105. Ju\u017c w przedszkolu prowadzi\u0142 zabawy, a w liceum za\u0142o\u017cy\u0142 w\u0142asne&hellip;\n","protected":false},"author":2,"featured_media":155627,"comment_status":"","ping_status":"","sticky":false,"template":"","format":"standard","meta":{"footnotes":""},"categories":[22],"tags":[122,67,31000,31045,719,261,53,52,68,51,55,42,38,40,39,41,123,47,65,50],"class_list":{"0":"post-155626","1":"post","2":"type-post","3":"status-publish","4":"format-standard","5":"has-post-thumbnail","7":"category-rozrywka","8":"tag-entertainment","9":"tag-intextvideo_splayer","10":"tag-jacek_borusinski_aktor_komik","11":"tag-kabaret_mumio","12":"tag-kuba_wojewodzki_dziennikarz_jakub_wojewodzki","13":"tag-kultura","14":"tag-new_header","15":"tag-onet3","16":"tag-onet3d","17":"tag-onet3d_2i","18":"tag-phx","19":"tag-pl","20":"tag-poland","21":"tag-polish","22":"tag-polska","23":"tag-polski","24":"tag-rozrywka","25":"tag-screening_general","26":"tag-update_me","27":"tag-v2021"},"share_on_mastodon":{"url":"https:\/\/pubeurope.com\/@pl\/115734361783561137","error":""},"_links":{"self":[{"href":"https:\/\/www.europesays.com\/pl\/wp-json\/wp\/v2\/posts\/155626","targetHints":{"allow":["GET"]}}],"collection":[{"href":"https:\/\/www.europesays.com\/pl\/wp-json\/wp\/v2\/posts"}],"about":[{"href":"https:\/\/www.europesays.com\/pl\/wp-json\/wp\/v2\/types\/post"}],"author":[{"embeddable":true,"href":"https:\/\/www.europesays.com\/pl\/wp-json\/wp\/v2\/users\/2"}],"replies":[{"embeddable":true,"href":"https:\/\/www.europesays.com\/pl\/wp-json\/wp\/v2\/comments?post=155626"}],"version-history":[{"count":0,"href":"https:\/\/www.europesays.com\/pl\/wp-json\/wp\/v2\/posts\/155626\/revisions"}],"wp:featuredmedia":[{"embeddable":true,"href":"https:\/\/www.europesays.com\/pl\/wp-json\/wp\/v2\/media\/155627"}],"wp:attachment":[{"href":"https:\/\/www.europesays.com\/pl\/wp-json\/wp\/v2\/media?parent=155626"}],"wp:term":[{"taxonomy":"category","embeddable":true,"href":"https:\/\/www.europesays.com\/pl\/wp-json\/wp\/v2\/categories?post=155626"},{"taxonomy":"post_tag","embeddable":true,"href":"https:\/\/www.europesays.com\/pl\/wp-json\/wp\/v2\/tags?post=155626"}],"curies":[{"name":"wp","href":"https:\/\/api.w.org\/{rel}","templated":true}]}}