{"id":155664,"date":"2025-12-17T10:27:11","date_gmt":"2025-12-17T10:27:11","guid":{"rendered":"https:\/\/www.europesays.com\/pl\/155664\/"},"modified":"2025-12-17T10:27:11","modified_gmt":"2025-12-17T10:27:11","slug":"ruszyly-obchody-55-rocznicy-grudnia-70-glos-zabral-karol-nawrocki","status":"publish","type":"post","link":"https:\/\/www.europesays.com\/pl\/155664\/","title":{"rendered":"Ruszy\u0142y obchody 55. rocznicy Grudnia &#8217;70. G\u0142os zabra\u0142 Karol Nawrocki"},"content":{"rendered":"<ul class=\"UnorderedList_container__nmfSl\">\n<li class=\"UnorderedList_listElement__Py7xi\" data-id=\"ai-summary-link\">Du\u017co czytania, a ma\u0142o czasu? Sprawd\u017a\u00a0skr\u00f3t\u00a0artyku\u0142u<\/li>\n<\/ul>\n<p class=\"Paragraph_desktopParagraph__U31Gm\">W \u015brod\u0119 przy przystanku SKM Gdynia Stocznia odbywaj\u0105 si\u0119 obchody 55. rocznicy masakry stoczniowc\u00f3w. 17 grudnia 1970 r. oko\u0142o godz. 6.00 w okolicach przystanku kolejowego Gdynia Stocznia wojsko i milicja otworzy\u0142y ogie\u0144 do zd\u0105\u017caj\u0105cych do zak\u0142adu pracy stoczniowc\u00f3w, kt\u00f3rzy pos\u0142uchali apelu wicepremiera PRL Stanis\u0142awa Kocio\u0142ka, aby wr\u00f3ci\u0107 do pracy.<\/p>\n<p class=\"VideoPlayerText_videoPlayerText__iDwyz\">Dalszy ci\u0105g materia\u0142u pod wideo<\/p>\n<p class=\"Paragraph_desktopParagraph__U31Gm\">\u2014 Jeszcze raz ponawiam, stoczniowcy, adresowane do was wezwanie: przyst\u0105pcie do normalnej pracy. S\u0105 do tego wszystkie warunki \u2014 m\u00f3wi\u0142 Kocio\u0142ek w lokalnej telewizji i radiu niespe\u0142na 10 godzin wcze\u015bniej, wiedz\u0105c, \u017ce stocznia ma zosta\u0107 zablokowana przez wojsko ju\u017c nast\u0119pnego dnia rano. W okolicach przystanku kolejowego Gdynia Stocznia zastrzelono w\u00f3wczas 16 bezbronnych os\u00f3b.<\/p>\n<p class=\"Paragraph_desktopParagraph__U31Gm\">W grudniu 1970 r. robotnicy strajkowali, bo chcieli lepszych warunk\u00f3w \u017cycia, podniesienia p\u0142ac i cofni\u0119cia wprowadzonych tu\u017c przed \u015bwi\u0119tami podwy\u017cek cen \u017cywno\u015bci. Aby st\u0142umi\u0107 protesty, w\u0142adze zezwoli\u0142y milicji i wojsku na u\u017cycie broni. Wed\u0142ug oficjalnych danych w grudniu 1970 r. na ulicach Gda\u0144ska, Gdyni, Szczecina i Elbl\u0105ga od kul milicji i wojska zgin\u0119\u0142y 45 os\u00f3b (w tym 18 w Gdyni), a ponad 1160 zosta\u0142o rannych.<\/p>\n<p>Obchody rocznicy masakry stoczniowc\u00f3w w Gdyni. Karol Nawrocki zabra\u0142 g\u0142os <\/p>\n<p class=\"Paragraph_desktopParagraph__U31Gm\">Podczas obchod\u00f3w g\u0142os zabra\u0142 Karol Nawrocki. \u2014 Grudzie\u0144 w historycznym kalendarzu naszej narodowej wsp\u00f3lnoty jest miesi\u0105cem g\u0142\u0119bokiej refleksji, b\u00f3lu i wci\u0105\u017c pojawiaj\u0105cego si\u0119 pytania o to, jak mog\u0142o si\u0119 sta\u0107 tak, \u017ce w grudniu roku &#8217;70 i grudniu roku &#8217;81 w czasie stanu wojennego Polacy strzelali do Polak\u00f3w. Zdrajcy i komuni\u015bci strzelali do ludzi, kt\u00f3rzy pragn\u0119li godno\u015bci, wolno\u015bci i solidarno\u015bci \u2014 m\u00f3wi\u0142 podczas swojego wyst\u0105pienia prezydent.<\/p>\n<p class=\"Paragraph_desktopParagraph__U31Gm\">\u2014 Te dwa grudnie \u0142\u0105czy niestety tak wiele. Z jednej strony PZPR, monopartia, kt\u00f3ra rz\u0105dzi\u0142a w zniewolonej przez komunist\u00f3w w Polsce. PZPR, przeciwko kt\u00f3rej regularnie wyst\u0119puj\u0105 polscy rolnicy. To pokazuje, czym by\u0142 system, w kt\u00f3rym przeciwko partii robotniczej wyst\u0119puj\u0105 robotnicy. Z drugiej strony milicja obywatelska, kt\u00f3ra morduje swoich obywateli. Ludowe Wojsko Polskie, kt\u00f3re strzela do ludzi, morduje lud, kt\u00f3remu mia\u0142o przynosi\u0107 bezpiecze\u0144stwo. S\u0142u\u017cba Bezpiecze\u0144stwa, kt\u00f3ra jest zagro\u017ceniem dla bezpiecze\u0144stwa dla tych, kt\u00f3rzy pragn\u0105 wolno\u015bci i solidarno\u015bci \u2014 kontynuowa\u0142 Nawrocki.<\/p>\n<p>&#8222;Bez ich ofiary nie by\u0142oby wolno\u015bci&#8221; <\/p>\n<p class=\"Paragraph_desktopParagraph__U31Gm\">\u2014 Te dwa grudnie \u0142\u0105czy jeszcze jedna osoba, Wojciech Jaruzelski \u2014 doda\u0142. Przypomnia\u0142, \u017ce Jaruzelski w grudniu 1970 r. by\u0142 ministrem obrony narodowej. \u2014 Te 45 ofiar to tak\u017ce odpowiedzialno\u015b\u0107 Wojciecha Jaruzelskiego, tak jak i jego odpowiedzialno\u015bci\u0105 jest zamordowanie prawie 100 Polak\u00f3w podczas stanu wojennego. Ten sam Jaruzelski, kt\u00f3rego cz\u0119\u015b\u0107 dzisiejszych elit politycznych nazywa\u0142o cz\u0142owiekiem honoru \u2014 m\u00f3wi\u0142 dalej Nawrocki.<\/p>\n<p class=\"Paragraph_desktopParagraph__U31Gm\">\u2014 Spotykamy si\u0119 po to, by odda\u0107 ho\u0142d zamordowanym, ale te\u017c po to, by po raz kolejny powiedzie\u0107 prawd\u0119 o tych, kt\u00f3rzy mordowali. Jeste\u015bmy tu te\u017c po to, by powiedzie\u0107, \u017ce nasza narodowa pami\u0119\u0107 jest po stronie ofiar prawdy i sprawiedliwo\u015bci \u2014 zaznaczy\u0142.<\/p>\n<p class=\"Paragraph_desktopParagraph__U31Gm\">\u2014 Chcia\u0142bym o poranku, mimo tragedii tych wydarze\u0144 i tej rocznicy, zostawi\u0107 pa\u0144stwa z dobrym przes\u0142aniem. Z przes\u0142aniem, kt\u00f3re m\u00f3wi, \u017ce bez tych pomordowanych, bez ich ofiary, cierpienia ich rodzin nie by\u0142oby naszej wolno\u015bci, niepodleg\u0142o\u015bci. Tradycja martyrologiczna jest trudna, ale tacy jeste\u015bmy i dzi\u0119ki tej tak bolesnej krwi, tym ofiarom uda\u0142o si\u0119 stworzy\u0107 najwi\u0119kszy ruch spo\u0142eczny w historii \u015bwiata. Gdyby nie by\u0142o grudnia 1970 r., to nie by\u0142oby wielkiej &#8222;Solidarno\u015bci&#8221; \u2014 m\u00f3wi\u0142 prezydent.<\/p>\n","protected":false},"excerpt":{"rendered":"Du\u017co czytania, a ma\u0142o czasu? Sprawd\u017a\u00a0skr\u00f3t\u00a0artyku\u0142u W \u015brod\u0119 przy przystanku SKM Gdynia Stocznia odbywaj\u0105 si\u0119 obchody 55. rocznicy&hellip;\n","protected":false},"author":2,"featured_media":155665,"comment_status":"","ping_status":"","sticky":false,"template":"","format":"standard","meta":{"footnotes":""},"categories":[5],"tags":[32,33,31047,36,37,21077,29869,27,19562,67,240,12511,34,35,28,31,53,25,52,68,51,55,42,38,40,39,2847,41,47,29,30,65,50,26],"class_list":{"0":"post-155664","1":"post","2":"type-post","3":"status-publish","4":"format-standard","5":"has-post-thumbnail","7":"category-naglowki","8":"tag-breaking-news","9":"tag-breakingnews","10":"tag-czarny_czwartek","11":"tag-featured-news","12":"tag-featurednews","13":"tag-gdynia_miasto","14":"tag-gen_wojciech_jaruzelski_prezydent_rp","15":"tag-headlines","16":"tag-hold","17":"tag-intextvideo_splayer","18":"tag-karol_nawrocki_prezydent","19":"tag-komunizm_komunista_komunistka_komunisci","20":"tag-latest-news","21":"tag-latestnews","22":"tag-naglowki","23":"tag-najwazniejsze-artykuly","24":"tag-new_header","25":"tag-news","26":"tag-onet3","27":"tag-onet3d","28":"tag-onet3d_2i","29":"tag-phx","30":"tag-pl","31":"tag-poland","32":"tag-polish","33":"tag-polska","34":"tag-polska_polak_polka_polacy_polki","35":"tag-polski","36":"tag-screening_general","37":"tag-top-stories","38":"tag-topstories","39":"tag-update_me","40":"tag-v2021","41":"tag-wiadomosci"},"share_on_mastodon":{"url":"","error":"Validation failed: Text character limit of 500 exceeded"},"_links":{"self":[{"href":"https:\/\/www.europesays.com\/pl\/wp-json\/wp\/v2\/posts\/155664","targetHints":{"allow":["GET"]}}],"collection":[{"href":"https:\/\/www.europesays.com\/pl\/wp-json\/wp\/v2\/posts"}],"about":[{"href":"https:\/\/www.europesays.com\/pl\/wp-json\/wp\/v2\/types\/post"}],"author":[{"embeddable":true,"href":"https:\/\/www.europesays.com\/pl\/wp-json\/wp\/v2\/users\/2"}],"replies":[{"embeddable":true,"href":"https:\/\/www.europesays.com\/pl\/wp-json\/wp\/v2\/comments?post=155664"}],"version-history":[{"count":0,"href":"https:\/\/www.europesays.com\/pl\/wp-json\/wp\/v2\/posts\/155664\/revisions"}],"wp:featuredmedia":[{"embeddable":true,"href":"https:\/\/www.europesays.com\/pl\/wp-json\/wp\/v2\/media\/155665"}],"wp:attachment":[{"href":"https:\/\/www.europesays.com\/pl\/wp-json\/wp\/v2\/media?parent=155664"}],"wp:term":[{"taxonomy":"category","embeddable":true,"href":"https:\/\/www.europesays.com\/pl\/wp-json\/wp\/v2\/categories?post=155664"},{"taxonomy":"post_tag","embeddable":true,"href":"https:\/\/www.europesays.com\/pl\/wp-json\/wp\/v2\/tags?post=155664"}],"curies":[{"name":"wp","href":"https:\/\/api.w.org\/{rel}","templated":true}]}}