{"id":155680,"date":"2025-12-17T10:35:07","date_gmt":"2025-12-17T10:35:07","guid":{"rendered":"https:\/\/www.europesays.com\/pl\/155680\/"},"modified":"2025-12-17T10:35:07","modified_gmt":"2025-12-17T10:35:07","slug":"ponad-40-mln-zl-widzew-lodz-idzie-na-transferowa-calosc-przeglad-sportowy-onet","status":"publish","type":"post","link":"https:\/\/www.europesays.com\/pl\/155680\/","title":{"rendered":"Ponad 40 mln z\u0142! Widzew \u0141\u00f3d\u017a idzie na transferow\u0105 ca\u0142o\u015b\u0107 &#8211; Przegl\u0105d Sportowy Onet"},"content":{"rendered":"<ol>\n<li><a href=\"https:\/\/news.google.com\/rss\/articles\/CBMivAFBVV95cUxOd1VOSzZLeURLeXlRb0NxZFc3dWgwc0h3M09zclYyMVNvQkJBRU55OElQclA1dVYyOGhGQkktSkh2V3JIeUItaDhibFYzTHY1VVM0MXhYaWpLSXp0bHQyNUgtYmRkUENDYzM1MEZQSkFrZnBFVUFiZTI2YWpMdjJ4b1ZFd0dWV0NhN3o0MW1ZcXZyQ3dhN2dOUGRGczJZM1g5VWF3cFRwbkh5Q2kxMURxc1JUeGJrMi15QzRsNg?oc=5\" target=\"_blank\" rel=\"nofollow noopener\">Ponad 40 mln z\u0142! Widzew \u0141\u00f3d\u017a idzie na transferow\u0105 ca\u0142o\u015b\u0107<\/a>&nbsp;&nbsp;Przegl\u0105d Sportowy Onet<\/li>\n<li><a href=\"https:\/\/news.google.com\/rss\/articles\/CBMipgFBVV95cUxPQTdHRWh1dTFvN3BLQ2NnakMzTFpWV1UxMm9rMHgwQk5GRElaS096NUZ6X25uN1dGaHVNcFc4Z0lVWmlqMmZPQ295OFdydERVd2ZwQnJBYjRIeEhtLW93TmxRaVZ5c2ZvVGJ6OFhOaDNzWDBaLUh5a2NtY3pWSGFsZ3ZaTjd6RnMydnhUaXh5Nk9uSnFIZG5VZWtubC1EQVJuc01oNER3?oc=5\" target=\"_blank\" rel=\"nofollow noopener\">Widzew idzie na ca\u0142o\u015b\u0107. Absolutny rekord PKO Ekstraklasy<\/a>&nbsp;&nbsp;SportoweFakty<\/li>\n<li><a href=\"https:\/\/news.google.com\/rss\/articles\/CBMitgFBVV95cUxOaUpPVWYzeUdNSGdwT1dPYV9mczZfbTktTHlOcFBfZUdFLS1VSU5rNnhuN3F0Y01ablc0NV9fQ0hETEYxbDN4VmVhN191ZUY0RVViSEdZTUpnUExOZ3hxUFBRSlpQb1VDTU14RkNKQU1BeXdNN0RRM19ZOFJybzd4ZzRJZWVKRF9XNjNWekxha3Iwcy1XeFM4SVExOEZTMzRzcExHU0Q2anEyU3FEdzNSNFkyUjluZw?oc=5\" target=\"_blank\" rel=\"nofollow noopener\">Bij\u0105 transferowy rekord Ekstraklasy. Miliony euro za gwiazd\u0119<\/a>&nbsp;&nbsp;RMF24<\/li>\n<li><a href=\"https:\/\/news.google.com\/rss\/articles\/CBMirAFBVV95cUxOSkRMeDVaczVSc3FVdWR3MTg1ZTJkTmgxNUhQTERGT0wwVmpvX0hwNVh0Zm16NjNKN3lXLTBDWDI3LTNRQ1hJOXpTa3AxSkluSFpDUTVlVk5UaEF6RS1KTmRCQnlNWmhnakxZWUpZSXdUZ01jckNVdVFCdy1VTnYyZ0cyN2FwUW9leGp5bzRlMW02Zm5Wb01CSUh0RGQ3Q3VsQmFrcFRsSzZuUWZL?oc=5\" target=\"_blank\" rel=\"nofollow noopener\">Robert Dobrzycki idzie na ca\u0142o\u015b\u0107! Takiego transferu w Polsce jeszcze nie by\u0142o<\/a>&nbsp;&nbsp;Sport.pl<\/li>\n<li><a href=\"https:\/\/news.google.com\/rss\/articles\/CBMilwFBVV95cUxPNmY4elc1b0g1Z01qUFdENGY5M09MbXJRSVVwdXU5cGNLbkxkYkhEVDVjcTVwdXRBVVYyb0tFNjg4UXhGU1hRbWxIV3JjWXRWVWJjUUVDVWRsb3JWS25UdUhYNHk2RXRLMDRvd0lCbkN2REQ5cndIVllRUEJXNXNfcUNwN25PYUZvcTV3dm95VlRmbUQ2c0hB?oc=5\" target=\"_blank\" rel=\"nofollow noopener\">Media: To kolejny cel Widzewa. Kwota? Mo\u017cna z\u0142apa\u0107 si\u0119 za g\u0142ow\u0119<\/a>&nbsp;&nbsp;Gol24<\/li>\n<\/ol>\n","protected":false},"excerpt":{"rendered":"Ponad 40 mln z\u0142! Widzew \u0141\u00f3d\u017a idzie na transferow\u0105 ca\u0142o\u015b\u0107&nbsp;&nbsp;Przegl\u0105d Sportowy Onet Widzew idzie na ca\u0142o\u015b\u0107. Absolutny rekord&hellip;\n","protected":false},"author":2,"featured_media":155681,"comment_status":"","ping_status":"","sticky":false,"template":"","format":"standard","meta":{"footnotes":""},"categories":[24],"tags":[274,67,42,38,40,39,41,136,128,9096,47,127,135,126,3469],"class_list":{"0":"post-155680","1":"post","2":"type-post","3":"status-publish","4":"format-standard","5":"has-post-thumbnail","7":"category-sport","8":"tag-ekstraklasa","9":"tag-intextvideo_splayer","10":"tag-pl","11":"tag-poland","12":"tag-polish","13":"tag-polska","14":"tag-polski","15":"tag-ps_detal_new","16":"tag-psv2","17":"tag-robert_dobrzycki","18":"tag-screening_general","19":"tag-sport","20":"tag-sport_sport","21":"tag-sports","22":"tag-widzew_lodz"},"share_on_mastodon":{"url":"https:\/\/pubeurope.com\/@pl\/115734467601275664","error":""},"_links":{"self":[{"href":"https:\/\/www.europesays.com\/pl\/wp-json\/wp\/v2\/posts\/155680","targetHints":{"allow":["GET"]}}],"collection":[{"href":"https:\/\/www.europesays.com\/pl\/wp-json\/wp\/v2\/posts"}],"about":[{"href":"https:\/\/www.europesays.com\/pl\/wp-json\/wp\/v2\/types\/post"}],"author":[{"embeddable":true,"href":"https:\/\/www.europesays.com\/pl\/wp-json\/wp\/v2\/users\/2"}],"replies":[{"embeddable":true,"href":"https:\/\/www.europesays.com\/pl\/wp-json\/wp\/v2\/comments?post=155680"}],"version-history":[{"count":0,"href":"https:\/\/www.europesays.com\/pl\/wp-json\/wp\/v2\/posts\/155680\/revisions"}],"wp:featuredmedia":[{"embeddable":true,"href":"https:\/\/www.europesays.com\/pl\/wp-json\/wp\/v2\/media\/155681"}],"wp:attachment":[{"href":"https:\/\/www.europesays.com\/pl\/wp-json\/wp\/v2\/media?parent=155680"}],"wp:term":[{"taxonomy":"category","embeddable":true,"href":"https:\/\/www.europesays.com\/pl\/wp-json\/wp\/v2\/categories?post=155680"},{"taxonomy":"post_tag","embeddable":true,"href":"https:\/\/www.europesays.com\/pl\/wp-json\/wp\/v2\/tags?post=155680"}],"curies":[{"name":"wp","href":"https:\/\/api.w.org\/{rel}","templated":true}]}}