{"id":155710,"date":"2025-12-17T10:51:16","date_gmt":"2025-12-17T10:51:16","guid":{"rendered":"https:\/\/www.europesays.com\/pl\/155710\/"},"modified":"2025-12-17T10:51:16","modified_gmt":"2025-12-17T10:51:16","slug":"apple-udostepnilo-ios-26-3-beta-1-wszystkie-nowosci","status":"publish","type":"post","link":"https:\/\/www.europesays.com\/pl\/155710\/","title":{"rendered":"Apple udost\u0119pni\u0142o iOS 26.3 beta 1 &#8211; wszystkie nowo\u015bci"},"content":{"rendered":"<p>Kilka dni po udost\u0119pnieniu <a href=\"https:\/\/thinkapple.pl\/2025\/12\/14\/ios-26-2-co-nowego-oficjalna-lista-nowosci-iphone\/\" rel=\"nofollow noopener\" target=\"_blank\">finalnej wersji iOS 26.2<\/a> Apple odda\u0142o w r\u0119ce deweloper\u00f3w pierwsz\u0105 bet\u0119 kolejnej wi\u0119kszej aktualizacji \u2013 iOS 26.3.<\/p>\n<p>Zobaczmy, co nowego.<\/p>\n<p>iOS 26.3 beta 1 \u2013 co nowego?<\/p>\n<p>Nowo\u015bci znalezione do tej pory w iOS 26.3 beta 1:<\/p>\n<ul>\n<li>nowe narz\u0119dzie do \u0142atwiejszego transferu danych do nowego telefonu z Androidem \u2013 teraz transfer mo\u017cna zainicjowa\u0107 po prostu umieszczaj\u0105c iPhone\u2019a obok smartfona z Androidem (podobnie, jak obecnie przy przenoszeniu z jednego iPhone\u2019a na drugiego); Google wprowadza w swoim systemie operacyjnym podobne narz\u0119dzie do szybkiego przej\u015bcia z Androida na iPhone\u2019a;<\/li>\n<\/ul>\n<ul>\n<li>nowe ustawienie \u201ePrzekazywanie powiadomie\u0144\u201d \u2013 umo\u017cliwia przekazywanie powiadomie\u0144 przychodz\u0105cych na iPhone\u2019a do urz\u0105dze\u0144 innych producent\u00f3w, jak np. smartwatche z Androidem (niestety powiadomienia mog\u0105 by\u0107 przekazywane tylko do jednego urz\u0105dzenia naraz, wi\u0119c je\u015bli funkcja jest w\u0142\u0105czona na smartwatchu innej firmy, Apple Watch nie b\u0119dzie m\u00f3g\u0142 odbiera\u0107 i wy\u015bwietla\u0107 powiadomie\u0144);<\/li>\n<\/ul>\n<ul>\n<li>pojawi\u0142a si\u0119 nowa sekcja tapet pogodowych (a w\u0142a\u015bciwie zosta\u0142a wyodr\u0119bniona ze wsp\u00f3lnej sekcji \u201cPogoda i astronomia\u201d); dost\u0119pne s\u0105 trzy gotowe tapety pogodowe z r\u00f3\u017cnymi czcionkami dla godziny i r\u00f3\u017cnymi wid\u017cetami pogodowymi.<\/li>\n<\/ul>\n<p><a title=\"Permanent link to \u015awi\u0105teczna promocja Last Minute na Amazonie \u2013 taniej ni\u017c w Black Friday (i dostawa przed \u015bwietami)\" href=\"https:\/\/thinkapple.pl\/2025\/12\/16\/swiateczna-promocja-last-minute-na-amazonie-taniej-niz-w-black-friday-prezenty-i-dostawa-przed-swietami\/\" rel=\"bookmark nofollow noopener\" target=\"_blank\">\u015awi\u0105teczna promocja Last Minute na Amazonie \u2013 taniej ni\u017c w Black Friday!<\/a><\/p>\n<p><a href=\"https:\/\/thinkapple.pl\/2025\/12\/16\/swiateczna-promocja-last-minute-na-amazonie-taniej-niz-w-black-friday-prezenty-i-dostawa-przed-swietami\/\" rel=\"nofollow noopener\" target=\"_blank\"><img loading=\"lazy\" decoding=\"async\" class=\"aligncenter size-full wp-image-33537\" src=\"https:\/\/www.europesays.com\/pl\/wp-content\/uploads\/2025\/12\/1765968675_654_amazon-impact2.jpg\" alt=\"\" width=\"912\" height=\"600\"   \/><\/a><\/p>\n<p>Aktualizacj\u0119 iOS 26.3 beta 1 znajdziemy w: Ustawienia -&gt; Og\u00f3lne -&gt; Uaktualnienia (trzeba mie\u0107 w\u0142\u0105czon\u0105 opcj\u0119: Uaktualnienia beta .&gt; Wersja beta iOS 26 dla deweloper\u00f3w).<\/p>\n<p>Apple udost\u0119pni\u0142o te\u017c pierwsze bety iPad OS 26.3, macOS Tahoe 26.3, watchOS 26.3, tvOS 26.3 i visionOS 26.3.<\/p>\n<p><a href=\"https:\/\/lantre.pl\/apple-santa-week?utm_source=thinkapple&amp;utm_medium=banner&amp;utm_campaign=ID0244202512\" target=\"_blank\" rel=\"nofollow noopener\"><\/p>\n<p>Apple na prezent? Odkryj \u015bwi\u0105teczn\u0105 ofert\u0119 Lantre<\/p>\n<p><\/a><a class=\"size-desktop\" href=\"https:\/\/lantre.pl\/apple-santa-week?utm_source=thinkapple&amp;utm_medium=banner&amp;utm_campaign=ID0244202512\" target=\"_blank\" rel=\"nofollow noopener\"><img decoding=\"async\" src=\"https:\/\/www.europesays.com\/pl\/wp-content\/uploads\/2025\/12\/1765968676_424_800x400-thinkapple-Lantre-Santa-Week-04-12-2025.jpg\" \/><\/a><\/p>\n<p>Apple udost\u0119pni\u0142o iOS 26.3 beta 1 \u2013 wszystkie nowo\u015bci was last modified:  grudzie\u0144 16th, 2025 by Tomek Czech<\/p>\n<p>Pod\u0142\u0105cz si\u0119 do nas na <a href=\"https:\/\/twitter.com\/thinkapple_pl\" rel=\"nofollow noopener\" target=\"_blank\">Twitterze<\/a> lub <a href=\"https:\/\/www.facebook.com\/ThinkApplePL\" rel=\"nofollow noopener\" target=\"_blank\">Facebooku<\/a>, \u017ceby nie przegapi\u0107 \u017cadnych informacji ze \u015bwiata Apple.<\/p>\n<p><script async src=\"https:\/\/platform.twitter.com\/widgets.js\" charset=\"utf-8\"><\/script><\/p>\n","protected":false},"excerpt":{"rendered":"Kilka dni po udost\u0119pnieniu finalnej wersji iOS 26.2 Apple odda\u0142o w r\u0119ce deweloper\u00f3w pierwsz\u0105 bet\u0119 kolejnej wi\u0119kszej aktualizacji&hellip;\n","protected":false},"author":2,"featured_media":155711,"comment_status":"","ping_status":"","sticky":false,"template":"","format":"standard","meta":{"footnotes":""},"categories":[20],"tags":[2126,31049,31050,31051,31052,31053,31054,31055,31056,31057,31058,31059,120,118,119,42,38,40,39,41,116,114,115,121,117],"class_list":{"0":"post-155710","1":"post","2":"type-post","3":"status-publish","4":"format-standard","5":"has-post-thumbnail","7":"category-nauka-i-technika","8":"tag-ios-26","9":"tag-ios-26-3","10":"tag-ios-26-3-beta","11":"tag-ios-26-3-beta-1","12":"tag-ios-26-3-beta-1-co-nowego","13":"tag-ios-26-3-beta-1-iphone","14":"tag-ios-26-3-beta-1-nowe-funkcje","15":"tag-ios-26-3-beta-1-nowosci","16":"tag-ios-26-3-co-nowego","17":"tag-ios-26-3-iphone","18":"tag-ios-26-3-nowe-funkcje","19":"tag-ios-26-3-nowosci","20":"tag-nauka","21":"tag-nauka-i-technika","22":"tag-naukatechnika","23":"tag-pl","24":"tag-poland","25":"tag-polish","26":"tag-polska","27":"tag-polski","28":"tag-science","29":"tag-science-and-technology","30":"tag-sciencetechnology","31":"tag-technika","32":"tag-technology"},"share_on_mastodon":{"url":"https:\/\/pubeurope.com\/@pl\/115734530537551123","error":""},"_links":{"self":[{"href":"https:\/\/www.europesays.com\/pl\/wp-json\/wp\/v2\/posts\/155710","targetHints":{"allow":["GET"]}}],"collection":[{"href":"https:\/\/www.europesays.com\/pl\/wp-json\/wp\/v2\/posts"}],"about":[{"href":"https:\/\/www.europesays.com\/pl\/wp-json\/wp\/v2\/types\/post"}],"author":[{"embeddable":true,"href":"https:\/\/www.europesays.com\/pl\/wp-json\/wp\/v2\/users\/2"}],"replies":[{"embeddable":true,"href":"https:\/\/www.europesays.com\/pl\/wp-json\/wp\/v2\/comments?post=155710"}],"version-history":[{"count":0,"href":"https:\/\/www.europesays.com\/pl\/wp-json\/wp\/v2\/posts\/155710\/revisions"}],"wp:featuredmedia":[{"embeddable":true,"href":"https:\/\/www.europesays.com\/pl\/wp-json\/wp\/v2\/media\/155711"}],"wp:attachment":[{"href":"https:\/\/www.europesays.com\/pl\/wp-json\/wp\/v2\/media?parent=155710"}],"wp:term":[{"taxonomy":"category","embeddable":true,"href":"https:\/\/www.europesays.com\/pl\/wp-json\/wp\/v2\/categories?post=155710"},{"taxonomy":"post_tag","embeddable":true,"href":"https:\/\/www.europesays.com\/pl\/wp-json\/wp\/v2\/tags?post=155710"}],"curies":[{"name":"wp","href":"https:\/\/api.w.org\/{rel}","templated":true}]}}