{"id":155714,"date":"2025-12-17T10:53:12","date_gmt":"2025-12-17T10:53:12","guid":{"rendered":"https:\/\/www.europesays.com\/pl\/155714\/"},"modified":"2025-12-17T10:53:12","modified_gmt":"2025-12-17T10:53:12","slug":"24-kg-narkotykow-w-walizce-wpadl-na-wyrywkowej-kontroli-onet-wiadomosci","status":"publish","type":"post","link":"https:\/\/www.europesays.com\/pl\/155714\/","title":{"rendered":"24 kg narkotyk\u00f3w w walizce. Wpad\u0142 na wyrywkowej kontroli &#8211; Onet Wiadomo\u015bci"},"content":{"rendered":"<ol>\n<li><a href=\"https:\/\/news.google.com\/rss\/articles\/CBMioAFBVV95cUxPU1RzVzNJb1d0Y0ZzSUZaOEZnUVBScERQMk8yWXlUZlVsTUtmeURYdGtBMHVxRUowb3BtTGU4M2hRZ3NrbnVjTUVDaTlDdzVNdUlFLWhLN2U4VUxtWm4xTWYtTVhmc0Q3TFIxbkE2ZFpoaGNVR0JDWndCc2tkVU8tTURoNl9FWmJjaDZQOU1kck1VTmlKVXJ2NFhCbmx3SW1t?oc=5\" target=\"_blank\" rel=\"nofollow noopener\">24 kg narkotyk\u00f3w w walizce. Wpad\u0142 na wyrywkowej kontroli<\/a>&nbsp;&nbsp;Onet Wiadomo\u015bci<\/li>\n<li><a href=\"https:\/\/news.google.com\/rss\/articles\/CBMi0AFBVV95cUxQTWZzZ3pqZEk5UXR5VkxlSGtOR0REWU9lMXpmaVZ1X0RUX1M0YXBnQ2s0SGhQUDBmWFBtUDA5aG5BUDk4bWlNS2pvOURfQW1nMDR2cjFlbkw3QTRUNzZnRUJaVm9FV05BTEttWXFtM3JmMUw0ajJrX1FjVllvajdJamZKb2tRNVlSdGZkX2MzWVNEMzZFaEZlWkNKS1pKZWJEOGlXeE9uQjdoSTdhTnVEcFo2bWl2VW1wMVJ0VnJINF9DTVU0N2tsZ2x5TDZTckhC?oc=5\" target=\"_blank\" rel=\"nofollow noopener\">Warszawa. Zajrzeli do walizki podr\u00f3\u017cnego z Tajlandii. Znale\u017ali ponad 24 kilogramy marihuany | TVN Warszawa<\/a>&nbsp;&nbsp;TVN24<\/li>\n<li><a href=\"https:\/\/news.google.com\/rss\/articles\/CBMirAFBVV95cUxPMVF1Tm5fZUxWMzZiU0F5Y2dzTmxIVHl1dzJJUVZMWGZ4WnFKUk9vU0k1OHFLb01rclJVUHFoZGdmWTJZMDJ1dXJNeW9sVG5FcHRCSjdoVlZiZHlncFhlY2RjbFI0QU8zbV9NVU9zVHZjSE5LYnlLbjh5WlA3aWpvQlZrVnY1U0RoSnZyc19URWxPYXg5ay1wTlNvLVI1bWlBNm9uWklzaGdMTnAw?oc=5\" target=\"_blank\" rel=\"nofollow noopener\">Odkrycie na lotnisku Chopina. Torba pasa\u017cera wzbudzi\u0142a podejrzenia<\/a>&nbsp;&nbsp;WP Wiadomo\u015bci<\/li>\n<li><a href=\"https:\/\/news.google.com\/rss\/articles\/CBMitgFBVV95cUxQTjR5ZlNjSTJMMURFR1BxN2R1QkczdVNQcnE3OV9sM1k1RVdqZGlSeTVLZTlLdExOQkIydlVnZ2lJN25iRC1pbzBWQUZjXzI2bWpGWEdfakVPcDI0dGNDbGdrMm9tQ3hVMXdiT1ZLQlNlTDVKeTBQSFRhaUFvSkJwenR6SldPMzZYT1AyNG1MRDdYYkdTR0dhMi1HSGY4d2JPbzZuWmlaVDNEZk02cEZBdlpPWXRBQQ?oc=5\" target=\"_blank\" rel=\"nofollow noopener\">&#8222;Pami\u0105tka&#8221; z Tajlandii. Portugalczyk wpad\u0142 na warszawskim lotnisku<\/a>&nbsp;&nbsp;RMF24<\/li>\n<li><a href=\"https:\/\/news.google.com\/rss\/articles\/CBMikwFBVV95cUxOSWIzcHR0ZFhPblZZWnRnWUpYRy16MlFsdVhaenNGdGx3cHRwRmZKVjlmdnZvR0F1dGo2WUVFb19WU2MyNG9Ua1BtNGVlWmwtQkZNR1lQdFhYM0x3M2laZTZhQThJNXRUT2pITU9zdVF0bjNSTWhtQTd3TmpCLW9HaGVIY1FSLVhaOHQzWkxPN1huc1k?oc=5\" target=\"_blank\" rel=\"nofollow noopener\">KAS udaremni\u0142a przemyt 24 kg marihuany na warszawskim lotnisku<\/a>&nbsp;&nbsp;Gov.pl<\/li>\n<\/ol>\n","protected":false},"excerpt":{"rendered":"24 kg narkotyk\u00f3w w walizce. Wpad\u0142 na wyrywkowej kontroli&nbsp;&nbsp;Onet Wiadomo\u015bci Warszawa. Zajrzeli do walizki podr\u00f3\u017cnego z Tajlandii. Znale\u017ali&hellip;\n","protected":false},"author":2,"featured_media":155715,"comment_status":"","ping_status":"","sticky":false,"template":"","format":"standard","meta":{"footnotes":""},"categories":[14],"tags":[32,33,27,16839,34,35,14857,28,31,910,48,25,46,40,41,47,80,29,30,435,26,82,83,84],"class_list":{"0":"post-155714","1":"post","2":"type-post","3":"status-publish","4":"format-standard","5":"has-post-thumbnail","7":"category-swiat","8":"tag-breaking-news","9":"tag-breakingnews","10":"tag-headlines","11":"tag-krajowa_administracja_skarbowa","12":"tag-latest-news","13":"tag-latestnews","14":"tag-lotnisko_okecie","15":"tag-naglowki","16":"tag-najwazniejsze-artykuly","17":"tag-narkotyki_narkomania_handel_narkotykami","18":"tag-nat_styl","19":"tag-news","20":"tag-omp","21":"tag-polish","22":"tag-polski","23":"tag-screening_general","24":"tag-swiat","25":"tag-top-stories","26":"tag-topstories","27":"tag-warszawa","28":"tag-wiadomosci","29":"tag-world","30":"tag-world-news","31":"tag-worldnews"},"share_on_mastodon":{"url":"https:\/\/pubeurope.com\/@pl\/115734538251431686","error":""},"_links":{"self":[{"href":"https:\/\/www.europesays.com\/pl\/wp-json\/wp\/v2\/posts\/155714","targetHints":{"allow":["GET"]}}],"collection":[{"href":"https:\/\/www.europesays.com\/pl\/wp-json\/wp\/v2\/posts"}],"about":[{"href":"https:\/\/www.europesays.com\/pl\/wp-json\/wp\/v2\/types\/post"}],"author":[{"embeddable":true,"href":"https:\/\/www.europesays.com\/pl\/wp-json\/wp\/v2\/users\/2"}],"replies":[{"embeddable":true,"href":"https:\/\/www.europesays.com\/pl\/wp-json\/wp\/v2\/comments?post=155714"}],"version-history":[{"count":0,"href":"https:\/\/www.europesays.com\/pl\/wp-json\/wp\/v2\/posts\/155714\/revisions"}],"wp:featuredmedia":[{"embeddable":true,"href":"https:\/\/www.europesays.com\/pl\/wp-json\/wp\/v2\/media\/155715"}],"wp:attachment":[{"href":"https:\/\/www.europesays.com\/pl\/wp-json\/wp\/v2\/media?parent=155714"}],"wp:term":[{"taxonomy":"category","embeddable":true,"href":"https:\/\/www.europesays.com\/pl\/wp-json\/wp\/v2\/categories?post=155714"},{"taxonomy":"post_tag","embeddable":true,"href":"https:\/\/www.europesays.com\/pl\/wp-json\/wp\/v2\/tags?post=155714"}],"curies":[{"name":"wp","href":"https:\/\/api.w.org\/{rel}","templated":true}]}}