{"id":155716,"date":"2025-12-17T10:54:07","date_gmt":"2025-12-17T10:54:07","guid":{"rendered":"https:\/\/www.europesays.com\/pl\/155716\/"},"modified":"2025-12-17T10:54:07","modified_gmt":"2025-12-17T10:54:07","slug":"to-nie-zart-tyle-zarobil-krzysztof-stanowski-z-kanalem-zero-w-tym-roku-przeglad-sportowy-onet","status":"publish","type":"post","link":"https:\/\/www.europesays.com\/pl\/155716\/","title":{"rendered":"To nie \u017cart. Tyle zarobi\u0142 Krzysztof Stanowski z Kana\u0142em Zero w tym roku &#8211; Przegl\u0105d Sportowy Onet"},"content":{"rendered":"<ol>\n<li><a href=\"https:\/\/news.google.com\/rss\/articles\/CBMi0gFBVV95cUxOdkRlRWlBM2JYMXpsZDEtdDFrV3ZGS2ZHLThQclRvQThISDUxMy11TkdWRHRrdDFnZ1RibXQ5SlhGcUQ4dVl5M1hiaFpDdTdpRXZfazVGTGZ2Y2JxSXV2Z1lFWVRTZzZKajdzZmhkVlE3ZWRZNU1zMXRMZkM2MVdCdXNCRGQ2UXlhc2tDaVZjdllJenNMWFBlV2xSMkhsV3dUZzZNb2RORHZVV0N1TGlMX01BNll2eFpqTlRuUExvSFU1WldkNktKb2VFYVRYYW0yUmc?oc=5\" target=\"_blank\" rel=\"nofollow noopener\">To nie \u017cart. Tyle zarobi\u0142 Krzysztof Stanowski z Kana\u0142em Zero w tym roku<\/a>&nbsp;&nbsp;Przegl\u0105d Sportowy Onet<\/li>\n<li><a href=\"https:\/\/news.google.com\/rss\/articles\/CBMi7gFBVV95cUxPOHdyUWpYZzhhWmdiaDAtSnI0T3hhZGt3NmZBLTVIZ083bWJJUFg5bWpybVZSVEE4Y0tMUU1iQ0kzdS1XN3hHNUNiZG9oVF85ZHRNdEwwT3JDaG1YS1lqSEVFaU9JRG43ZUE2cHBfX0xEdHBUQ29HR2YtMU5IbmtSdVVqdVJ1QmZGSXVWZlhqUFpxMUZZZDlFYkJCMWhjT1VOMWREdWoyNHpGZ3A1NUp4WXhiRXdDQmVraUV4dHdGV1RjUkZ4SDg4cVVwOEp1bVRwWGVCWWQ5TUx0a3BCSkUzZTVibEJnekZBTmZ3R29n?oc=5\" target=\"_blank\" rel=\"nofollow noopener\">Kana\u0142 Zero TV ma trafi\u0107 na pozycj\u0119 0 pilot\u00f3w. Stanowski do telewizji: &#8222;Nauczymy si\u0119, jak zrobi\u0107 wam krzywd\u0119&#8221;<\/a>&nbsp;&nbsp;wirtualnemedia.pl<\/li>\n<li><a href=\"https:\/\/news.google.com\/rss\/articles\/CBMitgFBVV95cUxPMWJvSW05T0lIN1U1dzJCb1d2UnZKLW1UNXJiekVISk9mMUpCNXdaR3IzQTJoal8tVVJSYVptM1BhdnRuN0RTYnpaREJfQVIwcmdiNTZiZ000ckNaRzc4QUtpWGxUTGduay02TWUtcTg1RnVFUjNLVzEwVHpNd2VudW9WSzR2dEFlbFhyY2ZrYWFLRmNldG8xRkFaOXMwQlJHUktMM1U0d2hDOEhFR3VWY3NiZTB1Zw?oc=5\" target=\"_blank\" rel=\"nofollow noopener\">Kana\u0142 Zero w 2025 roku ma 40,6 mln z\u0142 przychodu. W przysz\u0142ym roku celuje w 100 mln z\u0142<\/a>&nbsp;&nbsp;Press.pl<\/li>\n<li><a href=\"https:\/\/news.google.com\/rss\/articles\/CBMiwAFBVV95cUxQc0VKcExGY2pmSmZaZktxWl9NZkdUeFRmZXByWFdpRE1oUmsteEM0UGlxalZQd3dOOEcteFBVNXB0R2RzSG5Kby1pU09IbHB3YTdDaGlSelpXaWc1dFBJM3k5U1EyeVZNTnhablEzaHY2OVNfbC1SYXVvWExEZ0hzVUZZVG44TGRlOTdNczVteHJMMFo1cnJNUXB3b3pXTHRaaHpxRE9JRHk1OXB3Rkt6ZWJCNGVDME83WXM5VlUwLWg?oc=5\" target=\"_blank\" rel=\"nofollow noopener\">Kiedy Kana\u0142 Zero TV ruszy w telewizji? Wniosek Stanowskiego bez decyzji KRRiT!<\/a>&nbsp;&nbsp;HDTVPolska<\/li>\n<li><a href=\"https:\/\/news.google.com\/rss\/articles\/CBMivAFBVV95cUxNLXh2NFBrUmlKYnhDV2JITThya181c1JoTTJGUG1xM2ZJSGhiaV9icmVCcGZEb0dhRUlucG44Q29Qc1RtN3E4UkZ3YlFfX1ozbGlpeFRrb0VkOUZYRVZacnNvaVRvcFBGUm5xdFA2djF4SUdVY1FVa3V4UDlrYW5tN0R4SWgtd1VIb0tsWmZqNWtNd192b1lxc29xbUZBMFBTVV95NzZESVVOVExraGlSOTJCWUJVN210M29ubQ?oc=5\" target=\"_blank\" rel=\"nofollow noopener\">&#8222;B\u0119dzie mocne uderzenie&#8221;. Stanowski ujawnia nazwiska<\/a>&nbsp;&nbsp;Rozrywka Do Rzeczy<\/li>\n<\/ol>\n","protected":false},"excerpt":{"rendered":"To nie \u017cart. Tyle zarobi\u0142 Krzysztof Stanowski z Kana\u0142em Zero w tym roku&nbsp;&nbsp;Przegl\u0105d Sportowy Onet Kana\u0142 Zero TV&hellip;\n","protected":false},"author":2,"featured_media":155717,"comment_status":"","ping_status":"","sticky":false,"template":"","format":"standard","meta":{"footnotes":""},"categories":[12],"tags":[32,33,7436,36,37,27,4328,67,4487,15658,34,35,28,31,25,42,38,40,39,41,136,128,47,29,30,26],"class_list":{"0":"post-155716","1":"post","2":"type-post","3":"status-publish","4":"format-standard","5":"has-post-thumbnail","7":"category-polska","8":"tag-breaking-news","9":"tag-breakingnews","10":"tag-ekonomia_economy","11":"tag-featured-news","12":"tag-featurednews","13":"tag-headlines","14":"tag-influencerzy","15":"tag-intextvideo_splayer","16":"tag-kanal_zero","17":"tag-krzysztof_stanowski","18":"tag-latest-news","19":"tag-latestnews","20":"tag-naglowki","21":"tag-najwazniejsze-artykuly","22":"tag-news","23":"tag-pl","24":"tag-poland","25":"tag-polish","26":"tag-polska","27":"tag-polski","28":"tag-ps_detal_new","29":"tag-psv2","30":"tag-screening_general","31":"tag-top-stories","32":"tag-topstories","33":"tag-wiadomosci"},"share_on_mastodon":{"url":"https:\/\/pubeurope.com\/@pl\/115734542048905086","error":""},"_links":{"self":[{"href":"https:\/\/www.europesays.com\/pl\/wp-json\/wp\/v2\/posts\/155716","targetHints":{"allow":["GET"]}}],"collection":[{"href":"https:\/\/www.europesays.com\/pl\/wp-json\/wp\/v2\/posts"}],"about":[{"href":"https:\/\/www.europesays.com\/pl\/wp-json\/wp\/v2\/types\/post"}],"author":[{"embeddable":true,"href":"https:\/\/www.europesays.com\/pl\/wp-json\/wp\/v2\/users\/2"}],"replies":[{"embeddable":true,"href":"https:\/\/www.europesays.com\/pl\/wp-json\/wp\/v2\/comments?post=155716"}],"version-history":[{"count":0,"href":"https:\/\/www.europesays.com\/pl\/wp-json\/wp\/v2\/posts\/155716\/revisions"}],"wp:featuredmedia":[{"embeddable":true,"href":"https:\/\/www.europesays.com\/pl\/wp-json\/wp\/v2\/media\/155717"}],"wp:attachment":[{"href":"https:\/\/www.europesays.com\/pl\/wp-json\/wp\/v2\/media?parent=155716"}],"wp:term":[{"taxonomy":"category","embeddable":true,"href":"https:\/\/www.europesays.com\/pl\/wp-json\/wp\/v2\/categories?post=155716"},{"taxonomy":"post_tag","embeddable":true,"href":"https:\/\/www.europesays.com\/pl\/wp-json\/wp\/v2\/tags?post=155716"}],"curies":[{"name":"wp","href":"https:\/\/api.w.org\/{rel}","templated":true}]}}