{"id":155719,"date":"2025-12-17T10:56:07","date_gmt":"2025-12-17T10:56:07","guid":{"rendered":"https:\/\/www.europesays.com\/pl\/155719\/"},"modified":"2025-12-17T10:56:07","modified_gmt":"2025-12-17T10:56:07","slug":"klamka-zapadla-szokujace-wiesci-w-sprawie-przyszlosci-syna-ryszarda-czarneckiego-przeglad-sportowy-onet","status":"publish","type":"post","link":"https:\/\/www.europesays.com\/pl\/155719\/","title":{"rendered":"Klamka zapad\u0142a! Szokuj\u0105ce wie\u015bci w sprawie przysz\u0142o\u015bci syna Ryszarda Czarneckiego &#8211; Przegl\u0105d Sportowy Onet"},"content":{"rendered":"<ol>\n<li><a href=\"https:\/\/news.google.com\/rss\/articles\/CBMi3wFBVV95cUxQZ1lNNU9zUy1mNDd0elkxV0l1QTRaTlFvSy1Yd3Nua2JmNllBWm5vS1ZLVjV2MDg0Mkt2MUpXTmt3QkpxbXJjTWlQdjB6czUwS3I1TXExQ1FfeTh1YUFOWjlodXlDVVR0RHlYQkdYZWNRczJVYWk5bVl3b3FhMXVFRVBOSXJUR0NDdVhoQ2dJNGhrMWRnbnRUMURKUmd5ZTU5TzI2Si1QVVZ5SWNPcnRzY3o3MHNuV0JKdU1NSE1tVzdLNVc4Z0c5VVlGMUtnZzkyRm1Ja0ZsT2VqZEgxVTI0?oc=5\" target=\"_blank\" rel=\"nofollow noopener\">Klamka zapad\u0142a! Szokuj\u0105ce wie\u015bci w sprawie przysz\u0142o\u015bci syna Ryszarda Czarneckiego<\/a>&nbsp;&nbsp;Przegl\u0105d Sportowy Onet<\/li>\n<li><a href=\"https:\/\/news.google.com\/rss\/articles\/CBMihwFBVV95cUxNbFJvMkswNVRFNE53OVA2cXlYWmJjRzRqdmNodkhnekE4TXMwUGdVdk5fWnpBS2xzcFh0TDlmMTJ3LUlrbFRBaEVGM1RMUFlLdlc0RGI0Rm5LZ0w1dGpvcnJtWDNjYTB4c0FMNUxRZjljdF9Vd0hGcF9NeWdDbnhLRnZaUENZWG8?oc=5\" target=\"_blank\" rel=\"nofollow noopener\">Trzy kadencje w Sejmie. Teraz by\u0142y pose\u0142 b\u0119dzie si\u0119 bi\u0142 za pieni\u0105dze<\/a>&nbsp;&nbsp;SportoweFakty<\/li>\n<li><a href=\"https:\/\/news.google.com\/rss\/articles\/CBMiWkFVX3lxTE5MRUt3QlZhcWxYcUZ2dzlIOTUxeWJLZlpETjhGZHljTzFLczh0UjVxUUtGb1lkeG9peW5VTURHLWxmWDA1cGxJaW1GQXk1dm4zYlVabUVPRDFPUQ?oc=5\" target=\"_blank\" rel=\"nofollow noopener\">Przemys\u0142aw Czarnecki<\/a>&nbsp;&nbsp;MMA PL<\/li>\n<li><a href=\"https:\/\/news.google.com\/rss\/articles\/CBMilwFBVV95cUxNbVk4SEVKbUhZZTA5X3BOOURkXzBBdXk4TjJyTVNZZ0pBUmxSbFMwbkREVUM2RU4xUkQ5ZWxxVm9SdUQ0VTBhcUlUbGdub2IwWkNfVGFRNDVCOVFYUUdVVW4xOFdRWm5qcGVLZWtoVzhERmVPU05xeHdRLW9QTzVxeEo2ZzNlUlNtMDJ6MmVNNE5DU2wzd3lJ?oc=5\" target=\"_blank\" rel=\"nofollow noopener\">Fame MMA zagarn\u0119\u0142o kolejnego zawodnika przed Prime MMA. Hitowa walka?<\/a>&nbsp;&nbsp;BOOP<\/li>\n<li><a href=\"https:\/\/news.google.com\/rss\/articles\/CBMiogFBVV95cUxNQVBUcmpmTUI5QkowWkxEZWpSX2VSQ2J0dHA1aExfQjA4N3B3cndQbXRhTVc5NDZXNEphVkJpZ2stbllod1VPQjZ4X3hkTFN2UEF1QzB2Wnd3MFExaUdPS3pyZGEweHZJbEdNOTlxRkNMXzlmRUNDU0FJTEVFVGRnVlUtTFpkd2ZOSHdmajlWTU5wWWM4T1RCV0c1RVk3TElJNGc?oc=5\" target=\"_blank\" rel=\"nofollow noopener\">Przemys\u0142aw Czarnecki zawalczy w FAME. Kolejny \u201eby\u0142y Schreiber\u201d we freakach<\/a>&nbsp;&nbsp;Meloradio<\/li>\n<\/ol>\n","protected":false},"excerpt":{"rendered":"Klamka zapad\u0142a! Szokuj\u0105ce wie\u015bci w sprawie przysz\u0142o\u015bci syna Ryszarda Czarneckiego&nbsp;&nbsp;Przegl\u0105d Sportowy Onet Trzy kadencje w Sejmie. Teraz by\u0142y&hellip;\n","protected":false},"author":2,"featured_media":155720,"comment_status":"","ping_status":"","sticky":false,"template":"","format":"standard","meta":{"footnotes":""},"categories":[24],"tags":[31060,10038,4330,4328,67,42,38,40,39,41,7843,136,128,47,127,135,126,130],"class_list":{"0":"post-155719","1":"post","2":"type-post","3":"status-publish","4":"format-standard","5":"has-post-thumbnail","7":"category-sport","8":"tag-fame","9":"tag-fame_mma","10":"tag-freak_fight","11":"tag-influencerzy","12":"tag-intextvideo_splayer","13":"tag-pl","14":"tag-poland","15":"tag-polish","16":"tag-polska","17":"tag-polski","18":"tag-przemyslaw_czarnecki","19":"tag-ps_detal_new","20":"tag-psv2","21":"tag-screening_general","22":"tag-sport","23":"tag-sport_sport","24":"tag-sports","25":"tag-wiadomosci_sportowe"},"share_on_mastodon":{"url":"https:\/\/pubeurope.com\/@pl\/115734550005180205","error":""},"_links":{"self":[{"href":"https:\/\/www.europesays.com\/pl\/wp-json\/wp\/v2\/posts\/155719","targetHints":{"allow":["GET"]}}],"collection":[{"href":"https:\/\/www.europesays.com\/pl\/wp-json\/wp\/v2\/posts"}],"about":[{"href":"https:\/\/www.europesays.com\/pl\/wp-json\/wp\/v2\/types\/post"}],"author":[{"embeddable":true,"href":"https:\/\/www.europesays.com\/pl\/wp-json\/wp\/v2\/users\/2"}],"replies":[{"embeddable":true,"href":"https:\/\/www.europesays.com\/pl\/wp-json\/wp\/v2\/comments?post=155719"}],"version-history":[{"count":0,"href":"https:\/\/www.europesays.com\/pl\/wp-json\/wp\/v2\/posts\/155719\/revisions"}],"wp:featuredmedia":[{"embeddable":true,"href":"https:\/\/www.europesays.com\/pl\/wp-json\/wp\/v2\/media\/155720"}],"wp:attachment":[{"href":"https:\/\/www.europesays.com\/pl\/wp-json\/wp\/v2\/media?parent=155719"}],"wp:term":[{"taxonomy":"category","embeddable":true,"href":"https:\/\/www.europesays.com\/pl\/wp-json\/wp\/v2\/categories?post=155719"},{"taxonomy":"post_tag","embeddable":true,"href":"https:\/\/www.europesays.com\/pl\/wp-json\/wp\/v2\/tags?post=155719"}],"curies":[{"name":"wp","href":"https:\/\/api.w.org\/{rel}","templated":true}]}}