{"id":155723,"date":"2025-12-17T10:58:15","date_gmt":"2025-12-17T10:58:15","guid":{"rendered":"https:\/\/www.europesays.com\/pl\/155723\/"},"modified":"2025-12-17T10:58:15","modified_gmt":"2025-12-17T10:58:15","slug":"mamy-to-iphone-otwiera-sie-na-inne-zegarki-niz-apple-watch","status":"publish","type":"post","link":"https:\/\/www.europesays.com\/pl\/155723\/","title":{"rendered":"Mamy to. iPhone otwiera si\u0119 na inne zegarki ni\u017c Apple Watch"},"content":{"rendered":"<p><img decoding=\"async\" src=\"https:\/\/std.wpcdn.pl\/images\/adv\/placeholder_wp.svg\" alt=\"\"\/><\/p>\n<p>\n                iOS 26.3 wprowadza mo\u017cliwo\u015b\u0107 przekazywania powiadomie\u0144 z\u00a0iPhone&#8217;a na urz\u0105dzenia innych marek.  &#13;<\/p>\n<p>Tak, teoretycznie zegarki innych marek odbieraj\u0105 powiadomienia z\u00a0iPhone\u2019a\u00a0od lat, ale ze wzgl\u0119du na systemowe ograniczenia u\u017cytkownicy musieli liczy\u0107 si\u0119 z\u00a0potencjalnymi niedogodno\u015bciami.\u00a0<\/p>\n<p>Smartwatche nieb\u0119d\u0105ce Apple Watchem z\u00a0regu\u0142y potrafi\u0105 wy\u015bwietla\u0107 tylko cz\u0119\u015b\u0107 notyfikacji, czasem dostarczaj\u0105 je z\u00a0op\u00f3\u017anieniem, a\u00a0je\u015bli iOS u\u015bpi aplikacj\u0119 towarzysz\u0105c\u0105, to dostarczanie powiadomie\u0144 mo\u017ce zosta\u0107 zablokowane ca\u0142kowicie. No i\u00a0nie ma mowy o\u00a0wchodzeniu z\u00a0notyfikacjami w\u00a0interakcje, czyli np. na odpisywanie wiadomo\u015bci z\u00a0poziomu zegarka.\u00a0<\/p>\n<p><img loading=\"lazy\" decoding=\"async\" class=\"lazy\" src=\"https:\/\/www.europesays.com\/pl\/wp-content\/uploads\/2025\/12\/1764893531_201_sddefault.jpg\" alt=\"\" width=\"1050\" height=\"787\"\/><img decoding=\"async\" class=\"youtube-frame__play-img\" src=\"https:\/\/www.europesays.com\/pl\/wp-content\/uploads\/2025\/10\/1760695931_769_youtube-play.png\" alt=\"Uruchom wideo\" width=\"68\"\/>iOS 26.3 przeka\u017ce powiadomienia na inne zegarki ni\u017c Apple Watch\u00a0<\/p>\n<p>W systemie iOS 26.3 Beta 1 pojawi\u0142a si\u0119 natywna funkcja bezpo\u015bredniego przekazywania notyfikacji na urz\u0105dzenia innych marek, g\u0142\u00f3wnie zegark\u00f3w. Mo\u017cna j\u0105 znale\u017a\u0107 wchodz\u0105c w\u00a0Ustawienia =&gt; Powiadomienia =&gt; Przekazywanie powiadomie\u0144.\u00a0<\/p>\n<p>Apple precyzuje, \u017ce iPhone jest w\u00a0stanie przekazywa\u0107 notyfikacje na jedno urz\u0105dzenie jednocze\u015bnie, a\u00a0wi\u0119c po w\u0142\u0105czeniu tej funkcji powiadomienia znikn\u0105 z\u00a0Apple Watcha. B\u0119dzie to jednak problem tylko dla os\u00f3b, kt\u00f3re z\u00a0jakiego\u015b powodu korzystaj\u0105 r\u00f3wnolegle z\u00a0dw\u00f3ch zegark\u00f3w.\u00a0<\/p>\n<p>Funkcja ta, podobnie jak <a href=\"https:\/\/www.benchmark.pl\/aktualnosci\/ios-26-3-przenies-na-androida.html\" title=\"iOS 26.3 - transfer danych z\u00a0iOS na Androida\" rel=\"nofollow noopener\" target=\"_blank\">transfer danych z\u00a0iOS na Androida<\/a>,\u00a0zostaje wprowadzona po\u00a0naciskach ze strony Komisji Europejskiej. Akt o\u00a0rynkach cyfrowych DMA na\u0142o\u017cy\u0142 na Apple\u2019a\u00a0<a href=\"https:\/\/www.benchmark.pl\/aktualnosci\/iphone-zmiany-komisja-europejska-akcesoria.html\" title=\"DMA - nowe obowi\u0105zki dla Apple\" rel=\"nofollow noopener\" target=\"_blank\">d\u0142ug\u0105 list\u0119 obowi\u0105zk\u00f3w<\/a>, w\u00a0tym &#8222;umo\u017cliwienia pod\u0142\u0105czonym urz\u0105dzeniom, takim jak smartwatche, wy\u015bwietlanie i\u00a0reagowanie na powiadomienia z\u00a0systemu iOS&#8221;.\u00a0<\/p>\n<p>iOS 26.3 na razie znajduje si\u0119 w\u00a0fazie beta. Oczekuje si\u0119, \u017ce finalna aktualizacja zostanie wydana w\u00a0okolicach lutego 2026.<\/p>\n<p><img decoding=\"async\" src=\"https:\/\/std.wpcdn.pl\/images\/adv\/placeholder_wp.svg\" alt=\"\"\/><\/p>\n","protected":false},"excerpt":{"rendered":"iOS 26.3 wprowadza mo\u017cliwo\u015b\u0107 przekazywania powiadomie\u0144 z\u00a0iPhone&#8217;a na urz\u0105dzenia innych marek. &#13; Tak, teoretycznie zegarki innych marek odbieraj\u0105&hellip;\n","protected":false},"author":2,"featured_media":155724,"comment_status":"","ping_status":"","sticky":false,"template":"","format":"standard","meta":{"footnotes":""},"categories":[20],"tags":[120,118,119,42,38,40,39,41,116,114,115,121,117],"class_list":{"0":"post-155723","1":"post","2":"type-post","3":"status-publish","4":"format-standard","5":"has-post-thumbnail","7":"category-nauka-i-technika","8":"tag-nauka","9":"tag-nauka-i-technika","10":"tag-naukatechnika","11":"tag-pl","12":"tag-poland","13":"tag-polish","14":"tag-polska","15":"tag-polski","16":"tag-science","17":"tag-science-and-technology","18":"tag-sciencetechnology","19":"tag-technika","20":"tag-technology"},"share_on_mastodon":{"url":"https:\/\/pubeurope.com\/@pl\/115734558663977173","error":""},"_links":{"self":[{"href":"https:\/\/www.europesays.com\/pl\/wp-json\/wp\/v2\/posts\/155723","targetHints":{"allow":["GET"]}}],"collection":[{"href":"https:\/\/www.europesays.com\/pl\/wp-json\/wp\/v2\/posts"}],"about":[{"href":"https:\/\/www.europesays.com\/pl\/wp-json\/wp\/v2\/types\/post"}],"author":[{"embeddable":true,"href":"https:\/\/www.europesays.com\/pl\/wp-json\/wp\/v2\/users\/2"}],"replies":[{"embeddable":true,"href":"https:\/\/www.europesays.com\/pl\/wp-json\/wp\/v2\/comments?post=155723"}],"version-history":[{"count":0,"href":"https:\/\/www.europesays.com\/pl\/wp-json\/wp\/v2\/posts\/155723\/revisions"}],"wp:featuredmedia":[{"embeddable":true,"href":"https:\/\/www.europesays.com\/pl\/wp-json\/wp\/v2\/media\/155724"}],"wp:attachment":[{"href":"https:\/\/www.europesays.com\/pl\/wp-json\/wp\/v2\/media?parent=155723"}],"wp:term":[{"taxonomy":"category","embeddable":true,"href":"https:\/\/www.europesays.com\/pl\/wp-json\/wp\/v2\/categories?post=155723"},{"taxonomy":"post_tag","embeddable":true,"href":"https:\/\/www.europesays.com\/pl\/wp-json\/wp\/v2\/tags?post=155723"}],"curies":[{"name":"wp","href":"https:\/\/api.w.org\/{rel}","templated":true}]}}