{"id":155726,"date":"2025-12-17T11:00:10","date_gmt":"2025-12-17T11:00:10","guid":{"rendered":"https:\/\/www.europesays.com\/pl\/155726\/"},"modified":"2025-12-17T11:00:10","modified_gmt":"2025-12-17T11:00:10","slug":"czechy-polityczny-zwrot-na-prawo-z-wieloma-niewiadomymi","status":"publish","type":"post","link":"https:\/\/www.europesays.com\/pl\/155726\/","title":{"rendered":"Czechy. Polityczny zwrot na prawo z wieloma niewiadomymi"},"content":{"rendered":"<p class=\"Paragraph_desktopParagraph__U31Gm\">To do\u015b\u0107 osobliwa, nie do ko\u0144ca sp\u00f3jna prezentacja w mediach spo\u0142eczno\u015bciowych, ale typowa dla Andreja Babisza. Nowy premier Republiki Czeskiej siedzi przy stole z wie\u0144cem adwentowym. Ma na sobie koszulk\u0119 z napisem &#8222;No War&#8221; w ukrai\u0144skich barwach narodowych \u2014 niebieskim i \u017c\u00f3\u0142tym.<\/p>\n<p class=\"Paragraph_desktopParagraph__U31Gm\">Zapalaj\u0105c trzy \u015bwieczki, Babisz opowiada o wspania\u0142ym koncercie adwentowym, na kt\u00f3rym by\u0142. M\u00f3wi, \u017ce &#8222;szkoda, \u017ce Trump, Merz, Macron, Starmer, Ze\u0142enski i Putin nie byli r\u00f3wnie\u017c na tym koncercie&#8221;. Gdyby byli dzie\u0107mi, powiedzieliby to samo, twierdzi Babisz. Teraz, Bo\u017ce Narodzenie&#8230; to koszmar.<\/p>\n<ul class=\"OchatFollowUps_wrapper__1ry7X\">\n<li class=\"OchatFollowUps_item__Dhyly OchatFollowUps_itemDesktop__R6aBv\">Kto jest premierem Czech?<\/li>\n<li class=\"OchatFollowUps_item__Dhyly OchatFollowUps_itemDesktop__R6aBv\">Jakie partie wchodz\u0105 w sk\u0142ad nowego rz\u0105du?<\/li>\n<li class=\"OchatFollowUps_item__Dhyly OchatFollowUps_itemDesktop__R6aBv\">Co Babisz powiedzia\u0142 na temat wsparcia dla Ukrainy?<\/li>\n<li class=\"OchatFollowUps_item__Dhyly OchatFollowUps_itemDesktop__R6aBv\">Jakie kontrowersje dotycz\u0105 nominacji ministra \u015brodowiska?<\/li>\n<\/ul>\n<p class=\"Paragraph_desktopParagraph__U31Gm\">O co chodzi czeskiemu premierowi pozostaje zagadk\u0105.<\/p>\n<p class=\"Paragraph_desktopParagraph__U31Gm\">Nast\u0119pnie kontynuuje. Najp\u00f3\u017aniej 24 lutego 2026 r. zostanie podpisane porozumienie pokojowe, kt\u00f3re &#8222;zagwarantuje bezpiecze\u0144stwo wszystkim: Ukrainie, Europie i Rosjanom&#8221; \u2014 twierdzi Babisz. Na koniec odwraca si\u0119. Z ty\u0142u jego koszulki widnieje napis w j\u0119zyku angielskim: &#8222;Volunteer of Peace&#8221; \u2014 &#8222;Wolontariusz pokoju&#8221;.<\/p>\n<p class=\"Paragraph_desktopParagraph__U31Gm\">Andrej Babisz opublikowa\u0142 film w niedziel\u0119, 14 grudnia, na swoich kana\u0142ach w mediach spo\u0142eczno\u015bciowych. By\u0142a to kontynuacja trwaj\u0105cej od miesi\u0119cy kampanii wyborczej \u2014 i zapowied\u017a tego, co premier b\u0119dzie oferowa\u0142 swojej rodzimej publiczno\u015bci w przysz\u0142o\u015bci.<\/p>\n<p>Kontrowersyjne nominacje w rz\u0105dzie <\/p>\n<p class=\"Paragraph_desktopParagraph__U31Gm\">Kilka dni wcze\u015bniej prezydent Czech Petr Pavel mianowa\u0142 71-letniego miliardera premierem. W poniedzia\u0142ek, 15 grudnia 2025 r., nast\u0105pi\u0142o mianowanie ministr\u00f3w. W ten spos\u00f3b Republika Czeska po raz pierwszy ma koalicj\u0119 rz\u0105dow\u0105 z\u0142o\u017con\u0105 wy\u0142\u0105cznie z partii prawicowo-populistycznych i skrajnie prawicowych. Opr\u00f3cz partii Babisza Akcja Niezadowolonych Obywateli (ANO) w jej sk\u0142ad wchodz\u0105 r\u00f3wnie\u017c prawicowo-populistyczna Partia Kierowc\u00f3w (Motoriste) oraz skrajnie prawicowa partia Wolno\u015b\u0107 i Demokracja Bezpo\u015brednia (SPD).<\/p>\n<p class=\"Paragraph_desktopParagraph__U31Gm\">W\u015br\u00f3d 15 ministr\u00f3w nowego gabinetu znajduje si\u0119 kilku znanych polityk\u00f3w ANO, a tak\u017ce bezpartyjni eksperci oraz kilka kontrowersyjnych osobisto\u015bci. Do tych ostatnich nale\u017cy na przyk\u0142ad szef Partii Kierowc\u00f3w Petr Macinka, zagorza\u0142y eurosceptyczny prawicowy populista, czy nominowany przez SPD minister kultury Oto Klempir, muzyk, autor tekst\u00f3w i wsp\u00f3\u0142za\u0142o\u017cyciel funk-rockowego zespo\u0142u J.A.R., kt\u00f3ry ma za sob\u0105 tragiczn\u0105 histori\u0119 jako informator s\u0142u\u017cby bezpiecze\u0144stwa Czechos\u0142owacji.<\/p>\n<p>Polityczne trz\u0119sienie ziemi czy tylko ostra retoryka? <\/p>\n<p class=\"Paragraph_desktopParagraph__U31Gm\">Wraz z obj\u0119ciem w\u0142adzy przez nowy rz\u0105d ko\u0144czy si\u0119 trwaj\u0105cy dwa i p\u00f3\u0142 miesi\u0105ca okres niepewno\u015bci po wyborach parlamentarnych. A przynajmniej prawie si\u0119 ko\u0144czy: w styczniu rz\u0105d Babisza musi jeszcze przej\u015b\u0107 g\u0142osowanie nad wotum zaufania w parlamencie. Ponadto nie mianowano jeszcze ministra \u015brodowiska. Chodzi o Filipa Turka. Ze wzgl\u0119du na wcze\u015bniejsze rasistowskie i neonazistowskie posty prezydent Pavel waha si\u0119 przed mianowaniem go. Sam Turek przebywa w szpitalu z powodu rzekomych powa\u017cnych problem\u00f3w z kr\u0119gos\u0142upem. Mo\u017cliwe, \u017ce nominacja nie dojdzie do skutku.<\/p>\n<p class=\"Paragraph_desktopParagraph__U31Gm\">Jedno jest jednak ju\u017c pewne: w Czechach nast\u0119puje gwa\u0142towny zwrot polityczny \u2014 od liberalno-konserwatywnego, proeuropejskiego i zdecydowanie proukrai\u0144skiego kursu w kierunku prawicowego populizmu i eurosceptycyzmu. Pytanie brzmi jednak, co w przypadku Babisza jest tylko retoryk\u0105 i polityk\u0105 symboliczn\u0105, a co zamierza wprowadzi\u0107 w \u017cycie.<\/p>\n<p>Nic konkretnego w sprawie Ukrainy <\/p>\n<p class=\"Paragraph_desktopParagraph__U31Gm\">Najwa\u017cniejsz\u0105 zmian\u0119 w polityce zagranicznej Babisz og\u0142osi\u0142 ju\u017c kilka dni temu, zgodnie z zapowiedziami z kampanii wyborczej: Unia Europejska musi &#8222;znale\u017a\u0107 inne sposoby&#8221; wspierania Ukrainy, napisa\u0142 na Facebooku. &#8222;Nasze kasy s\u0105 puste, a ka\u017cda korona jest potrzebna naszym obywatelom&#8221;. W czwartek, 18 grudnia, Babisz b\u0119dzie m\u00f3g\u0142 \u2014 lub b\u0119dzie musia\u0142 \u2014 zaj\u0105\u0107 stanowisko podczas spotkania Rady Europejskiej w Brukseli, na kt\u00f3rym zgromadz\u0105 si\u0119 szefowie pa\u0144stw i rz\u0105d\u00f3w UE. Jednym z temat\u00f3w spotkania b\u0119dzie dalsze wsparcie dla Ukrainy.<\/p>\n<p class=\"Paragraph_desktopParagraph__U31Gm\">Jednak Babisz nie wypowiedzia\u0142 si\u0119 dotychczas na temat tego, jak wyobra\u017ca sobie t\u0119 &#8222;inn\u0105 drog\u0119&#8221; UE do wsparcia Ukrainy. To samo dotyczy r\u00f3wnie\u017c szczebla krajowego: na przyk\u0142ad pod rz\u0105dami poprzedniego premiera Petra Fiali Czechy koordynowa\u0142y inicjatyw\u0119 dotycz\u0105c\u0105 globalnego zakupu amunicji artyleryjskiej dla Ukrainy. Babisz chce j\u0105 zlikwidowa\u0107 lub radykalnie zmieni\u0107 \u2014 od miesi\u0119cy nie podaje jednak, w jaki spos\u00f3b.<\/p>\n<p>Konflikt interes\u00f3w Babisza <\/p>\n<p class=\"Paragraph_desktopParagraph__U31Gm\">Podobnie wygl\u0105da sytuacja w przypadku wi\u0119kszo\u015bci innych temat\u00f3w. Partia Babisza ANO jest, razem z Viktorem Orbanem i jego Fideszem, w skrajnie prawicowej europejskiej rodzinie partii Patrioci dla Europy. Jednak antyeuropejska konfrontacyjna polityka czeskiego premiera nie jest tak radykalna jak polityka Orbana. Babisz agituje przeciwko paktowi migracyjnemu, Zielonemu \u0141adowi i wycofaniu silnik\u00f3w spalinowych. Czy jednak sparali\u017cuje UE w tych obszarach? Nie jest to jasne.<\/p>\n<p class=\"Paragraph_desktopParagraph__U31Gm\">Babisz nieustannie narzeka na dziennikarzy i chce zmieni\u0107 publiczne media. Jednak ma\u0142o prawdopodobne jest, aby osi\u0105gn\u0105\u0142 w tym zakresie stan podobny do sytuacji na W\u0119grzech. Jego stanowisko w sprawie Ukrainy sprzyja Rosji, jednak Babisz nie jest sojusznikiem prezydenta Rosji W\u0142adimira Putina, tak jak Orban.<\/p>\n<p class=\"Paragraph_desktopParagraph__U31Gm\">Nie jest jeszcze jasne, w jaki spos\u00f3b premier zamierza rozwi\u0105za\u0107 konflikt interes\u00f3w jako szef rz\u0105du z jednej strony i przedsi\u0119biorca oraz w\u0142a\u015bciciel koncernu Agrofert z drugiej. Prezydent Pavel postawi\u0142 to jako warunek nominacji Babisza na stanowisko szefa rz\u0105du, a ten obieca\u0142 nieodwo\u0142alnie przekaza\u0107 swoje imperium biznesowe w obce r\u0119ce, dop\u00f3ki nie odziedzicz\u0105 go jego dzieci. Jednak to o\u015bwiadczenie budzi powa\u017cne w\u0105tpliwo\u015bci. Wielu obserwator\u00f3w w Czechach zak\u0142ada, \u017ce Babisz znajdzie sprytny spos\u00f3b, aby zachowa\u0107 kontrol\u0119 nad Agrofertem.<\/p>\n<p>Eksperci ostrzegaj\u0105: nie lekcewa\u017cy\u0107 rz\u0105du Babisza <\/p>\n<p class=\"Paragraph_desktopParagraph__U31Gm\">Jedyne, co wydaje si\u0119 pewne, to fakt, \u017ce za rz\u0105d\u00f3w Babisa nie dojdzie do &#8222;Czexitu&#8221;, ani te\u017c do wyst\u0105pienia Czech z NATO. Niemniej jednak wielu komentator\u00f3w ostrzega przed bagatelizowaniem znaczenia nowego rz\u0105du Czech. Przez pierwsze dwie kadencje miliarder by\u0142 premierem w dw\u00f3ch kolejnych rz\u0105dach w latach 2017-2021, w tym w rz\u0105dzie mniejszo\u015bciowym i w rz\u0105dzie z socjaldemokratami jako partnerami.<\/p>\n<p class=\"Paragraph_desktopParagraph__U31Gm\">Tym razem prawicowi populi\u015bci i skrajna prawica s\u0105 mi\u0119dzy sob\u0105. Portal &#8222;Denik Referendum&#8221; pisze o &#8222;trudnym okresie&#8221; dla Czech i ostrzega, \u017ce Babisz chce &#8222;ograniczy\u0107 demokracj\u0119&#8221;. Inni wierz\u0105 raczej w scenariusz s\u0142owacki, w kt\u00f3rym koalicja rz\u0105dowa wkr\u00f3tce pogr\u0105\u017cy si\u0119 w coraz wi\u0119kszych wewn\u0119trznych sporach.<\/p>\n<p class=\"Paragraph_desktopParagraph__U31Gm\">W artykule opublikowanym w gazecie &#8222;Lidove Noviny&#8221; komentator Miroslav Korecky nawi\u0105zuje do przesz\u0142o\u015bci Babisza jako agenta czechos\u0142owackiej s\u0142u\u017cby bezpiecze\u0144stwa oraz do niewyja\u015bnionego pochodzenia jego miliardowego maj\u0105tku.<\/p>\n<p class=\"Paragraph_desktopParagraph__U31Gm\">Opisuje go w nast\u0119puj\u0105cy spos\u00f3b: &#8222;Cz\u0142owiek o niejasnej przesz\u0142o\u015bci, znany z twardych praktyk biznesowych i balansowania na granicy prawa, prawdy i k\u0142amstwa. Polityk o wyj\u0105tkowym i nieprzewidywalnym stylu. Chaotyczny, niepanuj\u0105cy nad sob\u0105 i wielokrotnie pope\u0142niaj\u0105cy b\u0142\u0119dy przy podejmowaniu decyzji personalnych. Nie jest wielkim wizjonerem, raczej mikrozarz\u0105dzaj\u0105cym i zapalonym czytelnikiem sonda\u017cy opinii publicznej&#8221;.<\/p>\n","protected":false},"excerpt":{"rendered":"To do\u015b\u0107 osobliwa, nie do ko\u0144ca sp\u00f3jna prezentacja w mediach spo\u0142eczno\u015bciowych, ale typowa dla Andreja Babisza. Nowy premier&hellip;\n","protected":false},"author":2,"featured_media":155727,"comment_status":"","ping_status":"","sticky":false,"template":"","format":"standard","meta":{"footnotes":""},"categories":[14],"tags":[32,33,311,27,6821,34,35,28,31,53,25,52,68,51,55,40,41,47,80,29,30,50,26,82,83,84],"class_list":{"0":"post-155726","1":"post","2":"type-post","3":"status-publish","4":"format-standard","5":"has-post-thumbnail","7":"category-swiat","8":"tag-breaking-news","9":"tag-breakingnews","10":"tag-deutsche_welle","11":"tag-headlines","12":"tag-job","13":"tag-latest-news","14":"tag-latestnews","15":"tag-naglowki","16":"tag-najwazniejsze-artykuly","17":"tag-new_header","18":"tag-news","19":"tag-onet3","20":"tag-onet3d","21":"tag-onet3d_2i","22":"tag-phx","23":"tag-polish","24":"tag-polski","25":"tag-screening_general","26":"tag-swiat","27":"tag-top-stories","28":"tag-topstories","29":"tag-v2021","30":"tag-wiadomosci","31":"tag-world","32":"tag-world-news","33":"tag-worldnews"},"share_on_mastodon":{"url":"","error":""},"_links":{"self":[{"href":"https:\/\/www.europesays.com\/pl\/wp-json\/wp\/v2\/posts\/155726","targetHints":{"allow":["GET"]}}],"collection":[{"href":"https:\/\/www.europesays.com\/pl\/wp-json\/wp\/v2\/posts"}],"about":[{"href":"https:\/\/www.europesays.com\/pl\/wp-json\/wp\/v2\/types\/post"}],"author":[{"embeddable":true,"href":"https:\/\/www.europesays.com\/pl\/wp-json\/wp\/v2\/users\/2"}],"replies":[{"embeddable":true,"href":"https:\/\/www.europesays.com\/pl\/wp-json\/wp\/v2\/comments?post=155726"}],"version-history":[{"count":0,"href":"https:\/\/www.europesays.com\/pl\/wp-json\/wp\/v2\/posts\/155726\/revisions"}],"wp:featuredmedia":[{"embeddable":true,"href":"https:\/\/www.europesays.com\/pl\/wp-json\/wp\/v2\/media\/155727"}],"wp:attachment":[{"href":"https:\/\/www.europesays.com\/pl\/wp-json\/wp\/v2\/media?parent=155726"}],"wp:term":[{"taxonomy":"category","embeddable":true,"href":"https:\/\/www.europesays.com\/pl\/wp-json\/wp\/v2\/categories?post=155726"},{"taxonomy":"post_tag","embeddable":true,"href":"https:\/\/www.europesays.com\/pl\/wp-json\/wp\/v2\/tags?post=155726"}],"curies":[{"name":"wp","href":"https:\/\/api.w.org\/{rel}","templated":true}]}}