{"id":155736,"date":"2025-12-17T11:05:09","date_gmt":"2025-12-17T11:05:09","guid":{"rendered":"https:\/\/www.europesays.com\/pl\/155736\/"},"modified":"2025-12-17T11:05:09","modified_gmt":"2025-12-17T11:05:09","slug":"pierwsze-szczegoly-o-call-of-duty-2027-napawaja-ogromnym-optymizmem-nowa-podseria-bohaterowie-i-wiecej","status":"publish","type":"post","link":"https:\/\/www.europesays.com\/pl\/155736\/","title":{"rendered":"Pierwsze szczeg\u00f3\u0142y o Call of Duty 2027 napawaj\u0105 ogromnym optymizmem! Nowa podseria, bohaterowie i wi\u0119cej"},"content":{"rendered":"<p>Po do\u015b\u0107 ch\u0142odnym przyj\u0119ciu tegorocznego Black Ops 7, Activision szuka sposobu na skuteczne od\u015bwie\u017cenie swojej flagowej serii strzelanek. W sieci pojawi\u0142y si\u0119 pierwsze, intryguj\u0105ce przecieki dotycz\u0105ce ods\u0142ony Call of Duty planowanej na 2027 rok.<\/p>\n<p>Za produkcj\u0119 ma odpowiada\u0107 studio Sledgehammer Games, a co najwa\u017cniejsze &#8211; gra ma zapocz\u0105tkowa\u0107 zupe\u0142nie now\u0105 pod-seri\u0119, zrywaj\u0105c z ci\u0105g\u0142ym przeplataniem marek Modern Warfare i Black Ops. Wygl\u0105da na to, \u017ce wydawca chce dotrzyma\u0107 obietnicy o dostarczaniu unikalnych do\u015bwiadcze\u0144 i planuje przerw\u0119 od eksploatowanych ostatnio schemat\u00f3w.<\/p>\n<p>    Dalsza cz\u0119\u015b\u0107 tekstu pod wideo<\/p>\n<p>Wed\u0142ug doniesie\u0144 znanego w \u015brodowisku informatora, nadchodz\u0105ca produkcja mo\u017ce zszokowa\u0107 fan\u00f3w brakiem jednego z najpopularniejszych modu\u0142\u00f3w &#8211; trybu Zombie. Decyzja ta ma wynika\u0107 z ch\u0119ci odci\u0105\u017cenia studia Treyarch, kt\u00f3re ostatnio pracowa\u0142o na najwy\u017cszych obrotach przy kilku grach z rz\u0119du.<\/p>\n<p>        <img loading=\"lazy\" decoding=\"async\" src=\"https:\/\/www.europesays.com\/pl\/wp-content\/uploads\/2025\/12\/1765930646_910_B32963402.414688363;dc_trk_aid=607216972;dc_trk_cid=228291445;ord=[timestamp];dc_lat=;dc_rdid=;tag_f.gif\" attributionsrc=\"\" border=\"0\" height=\"1\" width=\"1\" alt=\"Advertisement\"\/><\/p>\n<blockquote class=\"twitter-tweet\">\n<p lang=\"en\" dir=\"ltr\">EXCLUSIVE: COD2027 made by Sledgehammer Games will be a new sub franchise with completely new characters set in the late 1990s\/early 2000s. <\/p>\n<p>&#8211; Omnimovement with NO Tac Sprint is currently planned for the game<\/p>\n<p>&#8211; Pick 10 returning is a big discussion happening<\/p>\n<p>&#8211; Zombies\u2026 <a href=\"https:\/\/t.co\/2SbZ4ZlfVk\" rel=\"nofollow\">pic.twitter.com\/2SbZ4ZlfVk<\/a><\/p>\n<p>\u2014 Hope (@TheGhostOfHope) <a href=\"https:\/\/twitter.com\/TheGhostOfHope\/status\/2000945365055394031?ref_src=twsrc%5Etfw\" rel=\"nofollow noopener\" target=\"_blank\">December 16, 2025<\/a><\/p><\/blockquote>\n<p>Je\u015bli chodzi o sam\u0105 rozgrywk\u0119, tytu\u0142 ma zachowa\u0107 chwalony system poruszania si\u0119 we wszystkich kierunkach (omnimovement), ale prawdopodobnie zrezygnuje z taktycznego sprintu. Zamiast walki z nieumar\u0142ymi, powr\u00f3ci\u0107 ma za to specyficzny tryb &#8222;Get High&#8221;.<\/p>\n<p>Najwi\u0119cej emocji i zamieszania budzi jednak czas akcji nowej gry. Pierwotne plotki sugerowa\u0142y powr\u00f3t do prze\u0142omu lat 90. i 2000., jednak te rewelacje zosta\u0142y szybko sprostowane przez bardzo rzetelny serwis CharlieIntel.<\/p>\n<blockquote class=\"twitter-tweet\">\n<p lang=\"en\" dir=\"ltr\">We have heard that Sledgehammer Games&#8217; 2027 Call of Duty title does not take place during the late 90s\/early 2000s, despite some rumors today. <\/p>\n<p>Per the latest reports, it&#8217;s a new sub-franchise set in the modern-era. <a href=\"https:\/\/t.co\/PZsKbRbVrd\" rel=\"nofollow\">pic.twitter.com\/PZsKbRbVrd<\/a><\/p>\n<p>\u2014 CharlieIntel (@charlieINTEL) <a href=\"https:\/\/twitter.com\/charlieINTEL\/status\/2000987007007473995?ref_src=twsrc%5Etfw\" rel=\"nofollow noopener\" target=\"_blank\">December 16, 2025<\/a><\/p><\/blockquote>\n<p>Wed\u0142ug ich \u017ar\u00f3de\u0142, cho\u0107 faktycznie otrzymamy now\u0105 mark\u0119 z zupe\u0142nie nowymi bohaterami, to konflikt zostanie osadzony w czasach wsp\u00f3\u0142czesnych.<\/p>\n<p>                <script async src=\"https:\/\/platform.twitter.com\/widgets.js\" charset=\"utf-8\"><\/script><\/p>\n","protected":false},"excerpt":{"rendered":"Po do\u015b\u0107 ch\u0142odnym przyj\u0119ciu tegorocznego Black Ops 7, Activision szuka sposobu na skuteczne od\u015bwie\u017cenie swojej flagowej serii strzelanek.&hellip;\n","protected":false},"author":2,"featured_media":155737,"comment_status":"","ping_status":"","sticky":false,"template":"","format":"standard","meta":{"footnotes":""},"categories":[20],"tags":[120,118,119,42,38,40,39,41,116,114,115,121,117],"class_list":{"0":"post-155736","1":"post","2":"type-post","3":"status-publish","4":"format-standard","5":"has-post-thumbnail","7":"category-nauka-i-technika","8":"tag-nauka","9":"tag-nauka-i-technika","10":"tag-naukatechnika","11":"tag-pl","12":"tag-poland","13":"tag-polish","14":"tag-polska","15":"tag-polski","16":"tag-science","17":"tag-science-and-technology","18":"tag-sciencetechnology","19":"tag-technika","20":"tag-technology"},"share_on_mastodon":{"url":"https:\/\/pubeurope.com\/@pl\/115734585530410704","error":""},"_links":{"self":[{"href":"https:\/\/www.europesays.com\/pl\/wp-json\/wp\/v2\/posts\/155736","targetHints":{"allow":["GET"]}}],"collection":[{"href":"https:\/\/www.europesays.com\/pl\/wp-json\/wp\/v2\/posts"}],"about":[{"href":"https:\/\/www.europesays.com\/pl\/wp-json\/wp\/v2\/types\/post"}],"author":[{"embeddable":true,"href":"https:\/\/www.europesays.com\/pl\/wp-json\/wp\/v2\/users\/2"}],"replies":[{"embeddable":true,"href":"https:\/\/www.europesays.com\/pl\/wp-json\/wp\/v2\/comments?post=155736"}],"version-history":[{"count":0,"href":"https:\/\/www.europesays.com\/pl\/wp-json\/wp\/v2\/posts\/155736\/revisions"}],"wp:featuredmedia":[{"embeddable":true,"href":"https:\/\/www.europesays.com\/pl\/wp-json\/wp\/v2\/media\/155737"}],"wp:attachment":[{"href":"https:\/\/www.europesays.com\/pl\/wp-json\/wp\/v2\/media?parent=155736"}],"wp:term":[{"taxonomy":"category","embeddable":true,"href":"https:\/\/www.europesays.com\/pl\/wp-json\/wp\/v2\/categories?post=155736"},{"taxonomy":"post_tag","embeddable":true,"href":"https:\/\/www.europesays.com\/pl\/wp-json\/wp\/v2\/tags?post=155736"}],"curies":[{"name":"wp","href":"https:\/\/api.w.org\/{rel}","templated":true}]}}