{"id":155749,"date":"2025-12-17T11:12:06","date_gmt":"2025-12-17T11:12:06","guid":{"rendered":"https:\/\/www.europesays.com\/pl\/155749\/"},"modified":"2025-12-17T11:12:06","modified_gmt":"2025-12-17T11:12:06","slug":"messenger-nie-dziala-w-kolejnej-formie-jesli-jej-uzywales-musisz-przejsc-na-przegladarke","status":"publish","type":"post","link":"https:\/\/www.europesays.com\/pl\/155749\/","title":{"rendered":"Messenger nie dzia\u0142a w kolejnej formie. Je\u015bli jej u\u017cywa\u0142e\u015b, musisz przej\u015b\u0107 na przegl\u0105dark\u0119"},"content":{"rendered":"<p>Je\u015bli od trzech dni zastanawiacie si\u0119, dlaczego ikona Messengera na waszym pulpicie przesta\u0142a reagowa\u0107 lub program nie chce si\u0119 po\u0142\u0105czy\u0107 z sieci\u0105, mamy rozwi\u0105zanie tej zagadki.<\/p>\n<p>To nie jest b\u0142\u0105d waszego internetu ani chwilowa awaria serwer\u00f3w. Firma Meta, zgodnie z wcze\u015bniejszymi zapowiedziami, ostatecznie wy\u0142\u0105czy\u0142a dedykowan\u0105 aplikacj\u0119 Messenger dla system\u00f3w Windows 11 oraz macOS. Sta\u0142o si\u0119 to 14 grudnia 2025 roku, co wyja\u015bnia, dlaczego w\u0142a\u015bnie od tego momentu u\u017cytkownicy komputer\u00f3w stracili dost\u0119p do swoich czat\u00f3w w tej formie.<\/p>\n<p>    Dalsza cz\u0119\u015b\u0107 tekstu pod wideo<\/p>\n<p>Co to oznacza dla os\u00f3b, kt\u00f3re wol\u0105 pisa\u0107 na fizycznej klawiaturze? Nie martwcie si\u0119, us\u0142uga nadal dzia\u0142a, ale musicie zmieni\u0107 przyzwyczajenia. Aby kontynuowa\u0107 rozmowy na komputerze, nale\u017cy teraz uruchomi\u0107 przegl\u0105dark\u0119 internetow\u0105 i zalogowa\u0107 si\u0119 bezpo\u015brednio na stronie messenger.com lub korzysta\u0107 z czatu wewn\u0105trz serwisu Facebook.<\/p>\n<p>        <img loading=\"lazy\" decoding=\"async\" src=\"https:\/\/www.europesays.com\/pl\/wp-content\/uploads\/2025\/12\/1765930646_910_B32963402.414688363;dc_trk_aid=607216972;dc_trk_cid=228291445;ord=[timestamp];dc_lat=;dc_rdid=;tag_f.gif\" attributionsrc=\"\" border=\"0\" height=\"1\" width=\"1\" alt=\"Advertisement\"\/><\/p>\n<p>Sama aplikacja, kt\u00f3r\u0105 instalowali\u015bcie na dysku, sta\u0142a si\u0119 bezu\u017cyteczna i mo\u017cna j\u0105 po prostu odinstalowa\u0107. Warto te\u017c upewni\u0107 si\u0119, czy macie ustawiony kod PIN do szyfrowania wiadomo\u015bci, aby nie straci\u0107 dost\u0119pu do historii starszych rozm\u00f3w w nowym miejscu.<\/p>\n<p>Decyzja firmy wynika z prostego rachunku &#8211; wi\u0119kszo\u015b\u0107 u\u017cytkownik\u00f3w i tak korzysta z komunikatora g\u0142\u00f3wnie na smartfonach. Utrzymywanie osobnego programu na komputery, kt\u00f3ry w zasadzie dublowa\u0142 funkcje strony internetowej, przesta\u0142o by\u0107 dla Mety priorytetem. Gigant technologiczny wygasza wersje stacjonarne, zmuszaj\u0105c nas do przesiadki na przegl\u0105darki. Cho\u0107 dla wielu jest to niewygodne, wygl\u0105da na to, \u017ce era osobnych okienek z czatem na pulpicie w\u0142a\u015bnie dobieg\u0142a ko\u0144ca.<\/p>\n","protected":false},"excerpt":{"rendered":"Je\u015bli od trzech dni zastanawiacie si\u0119, dlaczego ikona Messengera na waszym pulpicie przesta\u0142a reagowa\u0107 lub program nie chce&hellip;\n","protected":false},"author":2,"featured_media":155750,"comment_status":"","ping_status":"","sticky":false,"template":"","format":"standard","meta":{"footnotes":""},"categories":[20],"tags":[120,118,119,42,38,40,39,41,116,114,115,121,117],"class_list":{"0":"post-155749","1":"post","2":"type-post","3":"status-publish","4":"format-standard","5":"has-post-thumbnail","7":"category-nauka-i-technika","8":"tag-nauka","9":"tag-nauka-i-technika","10":"tag-naukatechnika","11":"tag-pl","12":"tag-poland","13":"tag-polish","14":"tag-polska","15":"tag-polski","16":"tag-science","17":"tag-science-and-technology","18":"tag-sciencetechnology","19":"tag-technika","20":"tag-technology"},"share_on_mastodon":{"url":"https:\/\/pubeurope.com\/@pl\/115734612907986056","error":""},"_links":{"self":[{"href":"https:\/\/www.europesays.com\/pl\/wp-json\/wp\/v2\/posts\/155749","targetHints":{"allow":["GET"]}}],"collection":[{"href":"https:\/\/www.europesays.com\/pl\/wp-json\/wp\/v2\/posts"}],"about":[{"href":"https:\/\/www.europesays.com\/pl\/wp-json\/wp\/v2\/types\/post"}],"author":[{"embeddable":true,"href":"https:\/\/www.europesays.com\/pl\/wp-json\/wp\/v2\/users\/2"}],"replies":[{"embeddable":true,"href":"https:\/\/www.europesays.com\/pl\/wp-json\/wp\/v2\/comments?post=155749"}],"version-history":[{"count":0,"href":"https:\/\/www.europesays.com\/pl\/wp-json\/wp\/v2\/posts\/155749\/revisions"}],"wp:featuredmedia":[{"embeddable":true,"href":"https:\/\/www.europesays.com\/pl\/wp-json\/wp\/v2\/media\/155750"}],"wp:attachment":[{"href":"https:\/\/www.europesays.com\/pl\/wp-json\/wp\/v2\/media?parent=155749"}],"wp:term":[{"taxonomy":"category","embeddable":true,"href":"https:\/\/www.europesays.com\/pl\/wp-json\/wp\/v2\/categories?post=155749"},{"taxonomy":"post_tag","embeddable":true,"href":"https:\/\/www.europesays.com\/pl\/wp-json\/wp\/v2\/tags?post=155749"}],"curies":[{"name":"wp","href":"https:\/\/api.w.org\/{rel}","templated":true}]}}