{"id":155769,"date":"2025-12-17T11:23:11","date_gmt":"2025-12-17T11:23:11","guid":{"rendered":"https:\/\/www.europesays.com\/pl\/155769\/"},"modified":"2025-12-17T11:23:11","modified_gmt":"2025-12-17T11:23:11","slug":"popularna-czarna-herbata-wycofywana-wykryto-w-niej-pestycydy","status":"publish","type":"post","link":"https:\/\/www.europesays.com\/pl\/155769\/","title":{"rendered":"popularna czarna herbata wycofywana. Wykryto w niej pestycydy"},"content":{"rendered":"<p>SPIS TRE\u015aCI<\/p>\n<ol class=\"ods-a-table-of-content__items\">\n<li class=\"ods-a-table-of-content__item\"><a href=\"#toc-ostrzezenie-dotyczy-konkretnego-produktu\" class=\"ods-a-table-of-content__link\">Ostrze\u017cenie dotyczy konkretnego produktu<\/a><\/li>\n<li class=\"ods-a-table-of-content__item\"><a href=\"#toc-jakie-dzialania-podjeto\" class=\"ods-a-table-of-content__link\">Jakie dzia\u0142ania podj\u0119to?<\/a><\/li>\n<li class=\"ods-a-table-of-content__item\"><a href=\"#toc-zalecenia-dla-konsumentow\" class=\"ods-a-table-of-content__link\">Zalecenia dla konsument\u00f3w<\/a><\/li>\n<\/ol>\n<p class=\"ods-c-paragraph \">Eksperci Narodowego Instytutu Zdrowia Publicznego PZH \u2014 Pa\u0144stwowego Instytutu Badawczego ocenili, \u017ce spo\u017cycie produktu z tej konkretnej partii mo\u017ce stanowi\u0107 zagro\u017cenie dla zdrowia konsument\u00f3w.<\/p>\n<p>Ostrze\u017cenie dotyczy konkretnego produktu<\/p>\n<p class=\"ods-c-paragraph \">W komunikacie na oficjalnej stronie rz\u0105dowej gov.pl znajdziesz szczeg\u00f3\u0142y dotycz\u0105ce wycofanego produktu. Chodzi bowiem o jedn\u0105 parti\u0119 herbaty. Informacje poni\u017cej:<\/p>\n<ul class=\"ods-m-bullet-list\">\n<li class=\"ods-a-bullet ods-a-bullet--normal\"> Nazwa: Herbata Czarna Li\u015bciasta Black Leaf Tea, 100 g <\/li>\n<li class=\"ods-a-bullet ods-a-bullet--normal\"> Marka: Eternal Finest Op <\/li>\n<li class=\"ods-a-bullet ods-a-bullet--normal\"> Numer partii: MT-13-LK <\/li>\n<li class=\"ods-a-bullet ods-a-bullet--normal\"> Najlepiej spo\u017cy\u0107 przed: 11\/2027 <\/li>\n<li class=\"ods-a-bullet ods-a-bullet--normal\"> Dystrybutor: VIVI Polska Sp. z o.o. Sp. K., Al. Sadowa 41a, 05-825 Ksi\u0105\u017cenice <\/li>\n<\/ul>\n<p class=\"ods-c-paragraph \">Czytaj te\u017c: <a rel=\"nofollow noopener\" href=\"https:\/\/zywienie.medonet.pl\/produkty-spozywcze\/warzywa\/eksperci-bija-na-alarm-miejskie-ogrodki-pelne-chemii-w-tych-warzywach-jest-najwiecej\/742mm9j\" id=\"5f9a91d5-d445-40bf-9218-07fd6327f7b4\" target=\"_blank\">W tych warzywach jest najwi\u0119cej pestycyd\u00f3w. Eksperci bij\u0105 na alarm: miejskie ogr\u00f3dki pe\u0142ne chemii<\/a>.<\/p>\n<p><img decoding=\"async\" src=\"https:\/\/www.europesays.com\/pl\/wp-content\/uploads\/2025\/12\/usek9lBaHR0cHM6Ly9vY2RuLmV1L3B1bHNjbXMvTURBXy8yMjk5MWJiODEzMzcwNDdhYTI4OWJhNmQ2YTFmZjI1OC5qcGeRlQLNB.jpeg\" height=\"897\" width=\"940\" alt=\"Pestycydy w herbacie czarnej (zdj\u0119cie z komunikatu na gov.pl)\" loading=\"lazy\" class=\"ods-c-image__img ods-c-image__img--viewport-width\"\/><\/p>\n<p>Pestycydy w herbacie czarnej (zdj\u0119cie z komunikatu na gov.pl)GOV<\/p>\n<p> Jakie dzia\u0142ania podj\u0119to?<\/p>\n<p class=\"ods-c-paragraph \">Dystrybutor produktu, firma VIVI Polska Sp. z o.o. Sp. K., poinformowa\u0142 swoich odbiorc\u00f3w o mo\u017cliwym przekroczeniu dopuszczalnego poziomu antrachinonu w tej partii herbaty. Przedsi\u0119biorca zleci\u0142:<\/p>\n<ul class=\"ods-m-bullet-list\">\n<li class=\"ods-a-bullet ods-a-bullet--normal\"> wstrzymanie sprzeda\u017cy partii MT-13-LK, <\/li>\n<li class=\"ods-a-bullet ods-a-bullet--normal\"> zabezpieczenie dost\u0119pnych opakowa\u0144, <\/li>\n<li class=\"ods-a-bullet ods-a-bullet--normal\"> przygotowanie produktu do zwrotu. <\/li>\n<\/ul>\n<p>Dalszy ci\u0105g artyku\u0142u pod materia\u0142em wideo<\/p>\n<p> Jakie ryzyko zdrowotne niesie spo\u017cycie tej herbaty? <\/p>\n<p> Co zawiera wycofana herbata? <\/p>\n<p> Jakie dzia\u0142ania podj\u0119to w zwi\u0105zku z wycofaniem herbaty? <\/p>\n<p> Gdzie mo\u017cna znale\u017a\u0107 szczeg\u00f3\u0142y dotycz\u0105ce wycofanej herbaty? <\/p>\n<p class=\"ods-c-paragraph \">Organy Pa\u0144stwowej Inspekcji Sanitarnej prowadz\u0105 obecnie post\u0119powanie wyja\u015bniaj\u0105ce.<\/p>\n<p>   Zalecenia dla konsument\u00f3w<\/p>\n<p class=\"ods-c-paragraph \">GIS jednoznacznie zaleca: nie nale\u017cy spo\u017cywa\u0107 partii produktu wskazanej w komunikacie. Je\u015bli masz ten produkt w domu, zwr\u00f3\u0107 do go sklepu.<\/p>\n<p> Tre\u015bci z serwisu Medonet maj\u0105 na celu polepszenie, a nie zast\u0105pienie, kontaktu pomi\u0119dzy U\u017cytkownikiem a jego lekarzem. Serwis ma charakter wy\u0142\u0105cznie informacyjno-edukacyjny. Przed zastosowaniem si\u0119 do porad z zakresu wiedzy specjalistycznej, w szczeg\u00f3lno\u015bci medycznych, zawartych w Serwisie nale\u017cy bezwzgl\u0119dnie skonsultowa\u0107 si\u0119 z lekarzem. <\/p>\n","protected":false},"excerpt":{"rendered":"SPIS TRE\u015aCI Ostrze\u017cenie dotyczy konkretnego produktu Jakie dzia\u0142ania podj\u0119to? Zalecenia dla konsument\u00f3w Eksperci Narodowego Instytutu Zdrowia Publicznego PZH&hellip;\n","protected":false},"author":2,"featured_media":155770,"comment_status":"","ping_status":"","sticky":false,"template":"","format":"standard","meta":{"footnotes":""},"categories":[5],"tags":[32,33,36,37,27,9246,34,35,28,31,48,25,46,18661,42,38,40,39,41,11471,47,29,30,26],"class_list":{"0":"post-155769","1":"post","2":"type-post","3":"status-publish","4":"format-standard","5":"has-post-thumbnail","7":"category-naglowki","8":"tag-breaking-news","9":"tag-breakingnews","10":"tag-featured-news","11":"tag-featurednews","12":"tag-headlines","13":"tag-herbata","14":"tag-latest-news","15":"tag-latestnews","16":"tag-naglowki","17":"tag-najwazniejsze-artykuly","18":"tag-nat_styl","19":"tag-news","20":"tag-omp","21":"tag-pestycydy","22":"tag-pl","23":"tag-poland","24":"tag-polish","25":"tag-polska","26":"tag-polski","27":"tag-sanepid","28":"tag-screening_general","29":"tag-top-stories","30":"tag-topstories","31":"tag-wiadomosci"},"share_on_mastodon":{"url":"https:\/\/pubeurope.com\/@pl\/115734656350401347","error":""},"_links":{"self":[{"href":"https:\/\/www.europesays.com\/pl\/wp-json\/wp\/v2\/posts\/155769","targetHints":{"allow":["GET"]}}],"collection":[{"href":"https:\/\/www.europesays.com\/pl\/wp-json\/wp\/v2\/posts"}],"about":[{"href":"https:\/\/www.europesays.com\/pl\/wp-json\/wp\/v2\/types\/post"}],"author":[{"embeddable":true,"href":"https:\/\/www.europesays.com\/pl\/wp-json\/wp\/v2\/users\/2"}],"replies":[{"embeddable":true,"href":"https:\/\/www.europesays.com\/pl\/wp-json\/wp\/v2\/comments?post=155769"}],"version-history":[{"count":0,"href":"https:\/\/www.europesays.com\/pl\/wp-json\/wp\/v2\/posts\/155769\/revisions"}],"wp:featuredmedia":[{"embeddable":true,"href":"https:\/\/www.europesays.com\/pl\/wp-json\/wp\/v2\/media\/155770"}],"wp:attachment":[{"href":"https:\/\/www.europesays.com\/pl\/wp-json\/wp\/v2\/media?parent=155769"}],"wp:term":[{"taxonomy":"category","embeddable":true,"href":"https:\/\/www.europesays.com\/pl\/wp-json\/wp\/v2\/categories?post=155769"},{"taxonomy":"post_tag","embeddable":true,"href":"https:\/\/www.europesays.com\/pl\/wp-json\/wp\/v2\/tags?post=155769"}],"curies":[{"name":"wp","href":"https:\/\/api.w.org\/{rel}","templated":true}]}}