{"id":155789,"date":"2025-12-17T11:33:16","date_gmt":"2025-12-17T11:33:16","guid":{"rendered":"https:\/\/www.europesays.com\/pl\/155789\/"},"modified":"2025-12-17T11:33:16","modified_gmt":"2025-12-17T11:33:16","slug":"twoje-dane-wyciekly-do-dark-webu-google-juz-ci-tego-nie-powie","status":"publish","type":"post","link":"https:\/\/www.europesays.com\/pl\/155789\/","title":{"rendered":"Twoje dane wyciek\u0142y do dark webu? Google ju\u017c ci tego nie powie"},"content":{"rendered":"<p>Mniej ni\u017c 3\u00a0lata po wdro\u017ceniu, Google zabija kolejn\u0105 us\u0142ug\u0119. Firma ta zas\u0142yn\u0119\u0142a zamykaniem projekt\u00f3w do tego stopnia, \u017ce istniej\u0105 ju\u017c co najmniej dwie strony po\u015bwi\u0119cone po\u017cegnanym rozwi\u0105zaniom &#8211;\u00a0Killed by Google oraz The Google Cemetery. Portfolio takich rozwi\u0105za\u0144 na przestrzeni lat sta\u0142o si\u0119 spore, a\u00a0opr\u00f3cz takich potentat\u00f3w jak serwis spo\u0142eczno\u015bciowy Google+ czy serii smartfony i\u00a0tablety z\u00a0serii Google Nexus, s\u0105 te\u017c pomniejsze serwisy.<\/p>\n<p>Jednym z\u00a0nich by\u0142y raporty z\u00a0dark webu. Funkcja, kt\u00f3ra pojawi\u0142a si\u0119 w\u00a0marcu 2023 roku pocz\u0105tkowo by\u0142a przeznaczona dla subskrybent\u00f3w Google One. W\u00a02024 roku firma zdecydowa\u0142a si\u0119 rozszerzy\u0107 us\u0142ug\u0119 dla wszystkich ch\u0119tnych. Funkcja ogranicza\u0142a si\u0119 do wy\u015bwietlenia listy witryn, na kt\u00f3rych pojawi\u0142y si\u0119 informacje mo\u017cliwe dl wykupienia. W\u00a0efekcie otrzymywali\u015bmy jedynie informacj\u0119, \u017ce dane s\u0105 w\u00a0nieodpowiednim miejscu. <\/p>\n<p><img decoding=\"async\" class=\"bLqPDaDb\" src=\"https:\/\/v.wpimg.pl\/ZXJfd3AudTkrBBIAbg54LGhcRlAxHQUrPgJGH2MAeGJoSQ1eIBI_K2UHAEVuBTY5KQMMXC0RPyoVERQdMgM9ejc\"\/>Google rezygnuje z raport\u00f3w z dark webu. Pow\u00f3d jest do\u015b\u0107 prosty<\/p>\n<p>Google wystosowa\u0142 oficjaln\u0105 wiadomo\u015b\u0107 do tych, kt\u00f3rym uda\u0142o si\u0119 skorzysta\u0107 z\u00a0narz\u0119dzia do sprawdzenia wycieku danych z\u00a0dark webu. T\u0119 zobaczycie tak\u017ce na <a href=\"https:\/\/support.google.com\/websearch\/answer\/16767242\" rel=\"noopener noreferrer nofollow\" target=\"_blank\">stronie po\u015bwi\u0119conej pomocy z\u00a0us\u0142ugami i\u00a0produktami Google<\/a>. Firma zach\u0119ca tam do korzystania z\u00a0innych rozwi\u0105za\u0144 zwi\u0119kszaj\u0105cych bezpiecze\u0144stwo i\u00a0prywatno\u015b\u0107. Przede wszystkim og\u0142asza jednak, co stanie si\u0119 z\u00a0projektem raportowania o\u00a0wyciekach danych.<\/p>\n<p>Do 15 stycznia 2026 <a href=\"https:\/\/www.dobreprogramy.pl\/nowa-przegladarka-google-bedzie-jeszcze-wiecej-ai,7231656209537952a\" rel=\"noopener noreferrer nofollow\" target=\"_blank\">Google<\/a> przestanie skanowa\u0107 dark web w\u00a0poszukiwaniu narusze\u0144. Z\u00a0kolei ostatnie raporty b\u0119d\u0105 pojawia\u0142y si\u0119 do 16 lutego 2026 roku. Nast\u0119pnie wszystkie dane zwi\u0105zane z\u00a0tymi raportami zostan\u0105 usuni\u0119te. U\u017cytkownicy korzystaj\u0105cy z\u00a0tych narz\u0119dzi mog\u0105 tak\u017ce usun\u0105\u0107 dane we w\u0142asnym zakresie wcze\u015bniej.<\/p>\n<p><img decoding=\"async\" class=\"bLqPDaDh\" src=\"https:\/\/v.wpimg.pl\/ZXJfd3AudTkrBBIAbg54LGhcRlAxHQUrPgJGH2MAeGJoSQ1eIBI_K2UHAEVuBTY5KQMMXC0RPyoVERQdMgM9ejc\"\/><\/p>\n<p>Motywacja Google do rezygnacji z\u00a0tej funkcji wydaje si\u0119 zaskakuj\u0105co prosta: zdaniem firmy raport ten nie pomaga\u0142 u\u017cytkownikom, gdy\u017c nie mia\u0142 narz\u0119dzi pozwalaj\u0105cych na podejmowanie kolejnych krok\u00f3w. Firma podj\u0119\u0142a t\u0119 decyzj\u0119 po tym, jak otrzyma\u0142a od u\u017cytkownik\u00f3w odpowiedzi sugeruj\u0105ce, \u017ce rozwi\u0105zanie nie wnosi wiele do bezpiecze\u0144stwa. <\/p>\n<p><img decoding=\"async\" src=\"https:\/\/www.europesays.com\/pl\/wp-content\/uploads\/2025\/12\/NjJiNWM3YQsrCzhkYkhsHmhTbD4kEWJIP0t0dWJQYVt4UX4vYlUnBi8bKyciHSkYPxkvID0dPgZlCD4-YkV_RS4APSchUjdFLwQs.jpeg\" alt=\"Wiadomo\u015b\u0107 Google na temat raport\u00f3w z dark webu\" loading=\"lazy\" class=\"PTap NRix\"\/>Wiadomo\u015b\u0107 Google na temat raport\u00f3w z dark webu\u00a9 dobreprogramy<\/p>\n<p>Nawet je\u017celi nasze dane wyciek\u0142y do dark webu i\u00a0zacz\u0119\u0142y \u017cy\u0107 w\u0142asnym \u017cyciem, wiedza o\u00a0tym wycieku mog\u0142a pom\u00f3c w\u00a0ich zabezpieczeniu na poczet potencjalnych atak\u00f3w. Aby zachowa\u0107 bezpiecze\u0144stwo, Google proponuje korzystanie z\u00a0weryfikacji wielosk\u0142adnikowej, mened\u017cer\u00f3w hase\u0142 i\u00a0narz\u0119dzi do sprawdzania ich mocy. Firma skupia si\u0119 na rozwoju w\u0142asnych rozwi\u0105za\u0144. <\/p>\n<p><a href=\"https:\/\/cyfrowibezpieczni.wp.pl\/cyberbezpieczenstwo\/misja\" class=\"cHJldmVudENC\" target=\"_blank\" rel=\"noopener nofollow\"><img decoding=\"async\" src=\"https:\/\/www.europesays.com\/pl\/wp-content\/uploads\/2025\/12\/MjI5MWRkYgsoVztkfRBvHmsPbz47SWFIPBd3dX0IYlt7DX0vfQ0kBixHKCc9RSoYPEUsICJFPQZmVD0-fR18RS1cPic-CjRFLFgv.jpeg\" alt=\"Cyfrowy Polak\" loading=\"lazy\" class=\"PTap NRix\"\/><\/a>Cyfrowy Polak\u00a9 Cyfrowy Polak<\/p>\n<p class=\"G9up YRhd G9t1\">Micha\u0142 Mielnik, dziennikarz Wirtualnej Polski<\/p>\n","protected":false},"excerpt":{"rendered":"Mniej ni\u017c 3\u00a0lata po wdro\u017ceniu, Google zabija kolejn\u0105 us\u0142ug\u0119. Firma ta zas\u0142yn\u0119\u0142a zamykaniem projekt\u00f3w do tego stopnia, \u017ce&hellip;\n","protected":false},"author":2,"featured_media":155790,"comment_status":"","ping_status":"","sticky":false,"template":"","format":"standard","meta":{"footnotes":""},"categories":[20],"tags":[120,118,119,42,38,40,39,41,116,114,115,121,117],"class_list":{"0":"post-155789","1":"post","2":"type-post","3":"status-publish","4":"format-standard","5":"has-post-thumbnail","7":"category-nauka-i-technika","8":"tag-nauka","9":"tag-nauka-i-technika","10":"tag-naukatechnika","11":"tag-pl","12":"tag-poland","13":"tag-polish","14":"tag-polska","15":"tag-polski","16":"tag-science","17":"tag-science-and-technology","18":"tag-sciencetechnology","19":"tag-technika","20":"tag-technology"},"share_on_mastodon":{"url":"https:\/\/pubeurope.com\/@pl\/115734695797937015","error":""},"_links":{"self":[{"href":"https:\/\/www.europesays.com\/pl\/wp-json\/wp\/v2\/posts\/155789","targetHints":{"allow":["GET"]}}],"collection":[{"href":"https:\/\/www.europesays.com\/pl\/wp-json\/wp\/v2\/posts"}],"about":[{"href":"https:\/\/www.europesays.com\/pl\/wp-json\/wp\/v2\/types\/post"}],"author":[{"embeddable":true,"href":"https:\/\/www.europesays.com\/pl\/wp-json\/wp\/v2\/users\/2"}],"replies":[{"embeddable":true,"href":"https:\/\/www.europesays.com\/pl\/wp-json\/wp\/v2\/comments?post=155789"}],"version-history":[{"count":0,"href":"https:\/\/www.europesays.com\/pl\/wp-json\/wp\/v2\/posts\/155789\/revisions"}],"wp:featuredmedia":[{"embeddable":true,"href":"https:\/\/www.europesays.com\/pl\/wp-json\/wp\/v2\/media\/155790"}],"wp:attachment":[{"href":"https:\/\/www.europesays.com\/pl\/wp-json\/wp\/v2\/media?parent=155789"}],"wp:term":[{"taxonomy":"category","embeddable":true,"href":"https:\/\/www.europesays.com\/pl\/wp-json\/wp\/v2\/categories?post=155789"},{"taxonomy":"post_tag","embeddable":true,"href":"https:\/\/www.europesays.com\/pl\/wp-json\/wp\/v2\/tags?post=155789"}],"curies":[{"name":"wp","href":"https:\/\/api.w.org\/{rel}","templated":true}]}}