{"id":155795,"date":"2025-12-17T11:36:08","date_gmt":"2025-12-17T11:36:08","guid":{"rendered":"https:\/\/www.europesays.com\/pl\/155795\/"},"modified":"2025-12-17T11:36:08","modified_gmt":"2025-12-17T11:36:08","slug":"tusk-dzwoni-nawrocki-nie-odbiera-wspolpracownicy-prezydenta-przekraczaja-granice-chamstwa-i-klamstwa","status":"publish","type":"post","link":"https:\/\/www.europesays.com\/pl\/155795\/","title":{"rendered":"Tusk dzwoni, Nawrocki nie odbiera. &#8222;Wsp\u00f3\u0142pracownicy prezydenta przekraczaj\u0105 granice chamstwa i k\u0142amstwa&#8221;"},"content":{"rendered":"<ul>\n<li>Tusk dzwoni, Nawrocki nie odbiera jego telefon\u00f3w &#8211; wynika z relacji premiera;\u00a0<\/li>\n<li>W\u0142adys\u0142aw Kosiniak-Kamysz przyzna\u0142 w TOK FM, \u017ce &#8222;nie narzeka na kontakt z panem prezydentem&#8221;. &#8222;Kontakt jest &#8211; na bie\u017c\u0105co&#8221; &#8211; podkre\u015bli\u0142\u00a0wicepremier i minister obrony;\u00a0<\/li>\n<li>Zastrzeg\u0142 jednak, \u017ce to &#8222;wsp\u00f3\u0142pracownicy prezydenta przekraczaj\u0105 granice chamstwa i k\u0142amstwa&#8221;.\u00a0<\/li>\n<\/ul>\n<p>Premier Donald Tusk\u00a0powiedzia\u0142 we wtorek, \u017ce podj\u0105\u0142 &#8222;pr\u00f3by bliskiej wsp\u00f3\u0142pracy z prezydentem, je\u015bli chodzi o polityk\u0119 zagraniczn\u0105, ale od wielu tygodni nie ma w\u0142a\u015bciwie \u017cadnej reakcji, w\u0142\u0105cznie z nieodbieraniem telefonu&#8221;.<\/p>\n<p>Wicepremier i Minister Obrony Narodowej\u00a0W\u0142adys\u0142aw Kosiniak-Kamysz pytany by\u0142 w TOK FM o to, czy prezydent odbiera od niego telefony.\u00a0<\/p>\n<p>&#8211; Wczoraj kr\u00f3tko rozmawiali\u015bmy telefonicznie z panem prezydentem &#8211; odpowiedzia\u0142.\u00a0<\/p>\n<p>Dopytywany, na jaki temat, powiedzia\u0142: &#8222;O\u00a0przygotowaniach do spotkania z prezydentem Ukrainy i mamy (jeszcze) w tym temacie rozmawia\u0107&#8221;.\u00a0<\/p>\n<p>&#8211; Reprezentuj\u0119 stanowisko rz\u0105du w okre\u015blonych sprawach: w sprawach bezpiecze\u0144stwa, obrony narodowej. Mamy sporo wizyt pana prezydenta r\u00f3wnie\u017c. By\u0142 np. ostatnio w polskim kontyngencie wojskowym na \u0141otwie. Teraz przygotowujemy inne wydarzenia w jednostkach z udzia\u0142em pana prezydenta, wi\u0119c ten kontakt jest na bie\u017c\u0105co. Nie narzekam na kontakt z panem prezydentem &#8211; podkre\u015bli\u0142.\u00a0<\/p>\n<p>        <a name=\"eztoc31681076_0_2\" id=\"eztoc31681076_0_2\"\/>&#8222;Wsp\u00f3\u0142pracownicy prezydenta przekraczaj\u0105 granice chamstwa i k\u0142amstwa&#8221;<\/p>\n<p>Kosiniak-Kamysz doda\u0142, \u017ce sam jest &#8222;najlepszym przyk\u0142adem u\u0142o\u017cenia sobie relacji z prezydentem Dud\u0105&#8221;.\u00a0&#8211; Przez dwa lata nie mia\u0142em problem\u00f3w. Teraz z samym prezydentem te\u017c nie mam problemu. Jest problem czasem z jego wsp\u00f3\u0142pracownikami, jak k\u0142ami\u0105, jak m\u00f3wi\u0105 nieprawd\u0119 &#8211; stwierdzi\u0142 wicepremier i szef MON.\u00a0<\/p>\n<p>Na uwag\u0119 prowadz\u0105cego: &#8222;prezydent dobry, a wsp\u00f3\u0142pracownicy \u017ali&#8221;, odpowiedzia\u0142 kr\u00f3tko: &#8222;To s\u0105 wsp\u00f3\u0142pracownicy prezydenta&#8221;. Powiedzia\u0142, \u017ce nie chce ocenia\u0107, czy s\u0105 fajni, czy nie, ale &#8222;jak wprowadzaj\u0105 w b\u0142\u0105d opini\u0119 publiczn\u0105, a nie daj Bo\u017ce, jeszcze nie informuj\u0105 czasem pana prezydenta,\u00a0robi\u0105 g\u0142upie rzeczy, to nie b\u0119dzie o nich m\u00f3wi\u0142 z sympati\u0105&#8221;.\u00a0&#8211; Wsp\u00f3\u0142pracownicy prezydenta przekraczaj\u0105 granice chamstwa i k\u0142amstwa &#8211; oceni\u0142 dosadnie go\u015b\u0107 'Poranka TOK FM&#8221;.\u00a0<\/p>\n<p>Przytoczy\u0142 te\u017c kilka przyk\u0142ad\u00f3w, w tym<br \/>\n<a href=\"https:\/\/www.tokfm.pl\/polityka\/uszkodzony-dom-w-wyrykach-nawrocki-oczekuje-od-premiera-i-rzadu-pelnej-informacji\" target=\"_self\" rel=\"dofollow noopener\">\u00a0wprowadzenie opinii publicznej w b\u0142\u0105d, kiedy informowali, \u017ce nie byli powiadomieni o uderzeniu rakiety w dom w Wyrykach<\/a> czy np. \u017ce<br \/>\n<a href=\"https:\/\/www.tokfm.pl\/polityka\/chaos-wokol-mig-ow-dla-ukrainy-kolarski-w-tok-fm-do-bbn-nie-dotarla-zadna-informacja\" target=\"_self\" rel=\"dofollow noopener\">nic nie wiedzieli o\u00a0przekazaniu \u015bmig\u0142owc\u00f3w MiG-29 dla Ukrainy.\u00a0<\/a>Ale, jak doda\u0142, to tak\u017ce np. niewpuszczenie polskiego attache w Stanach Zjednoczonych Bogdana Klicha na spotkanie w Pentagonie.\u00a0<\/p>\n<p>&#8211; Mam nadziej\u0119, \u017ce takie sytuacje ju\u017c wi\u0119cej si\u0119 nie powt\u00f3rz\u0105\u00a0 &#8211; stwierdzi\u0142 Kosiniak-Kamysz.<\/p>\n<p>Na koniec zwr\u00f3ci\u0142 uwag\u0119, \u017ce wszystkie te kwestie &#8222;dotykaj\u0105 fundamentu ustroju pa\u0144stwa polskiego&#8221;, a on sam\u00a0jest &#8222;zwolennikiem dyskusji o zmianie konstytucji&#8221;. Jak t\u0142umaczy\u0142, kiedy obowi\u0105zuj\u0105ca ustawa zasadnicza by\u0142a tworzona, mieli\u015bmy inne narz\u0119dzia komunikacji i inne sposoby polaryzacji, a &#8222;rozd\u017awi\u0119k i dualizm w \u015brodku w\u0142adzy wykonawczej nie by\u0142 tak uci\u0105\u017cliwy, jak dzisiaj&#8221;.\u00a0<\/p>\n<p>&#8211; Sp\u00f3r\u00a0rz\u0105du z prezydentem by\u0142 zawsze, ale z ka\u017cdym prezydentem jest on coraz wi\u0119kszy &#8211; podsumowa\u0142 w TOK FM.\u00a0<\/p>\n<p>\u0179r\u00f3d\u0142o: TOK FM<\/p>\n","protected":false},"excerpt":{"rendered":"Tusk dzwoni, Nawrocki nie odbiera jego telefon\u00f3w &#8211; wynika z relacji premiera;\u00a0 W\u0142adys\u0142aw Kosiniak-Kamysz przyzna\u0142 w TOK FM,&hellip;\n","protected":false},"author":2,"featured_media":155796,"comment_status":"","ping_status":"","sticky":false,"template":"","format":"standard","meta":{"footnotes":""},"categories":[12],"tags":[32,33,1345,36,37,27,690,34,35,28,31,25,529,42,38,40,907,39,41,1005,29,30,26,6525],"class_list":{"0":"post-155795","1":"post","2":"type-post","3":"status-publish","4":"format-standard","5":"has-post-thumbnail","7":"category-polska","8":"tag-breaking-news","9":"tag-breakingnews","10":"tag-donald-tusk","11":"tag-featured-news","12":"tag-featurednews","13":"tag-headlines","14":"tag-karol-nawrocki","15":"tag-latest-news","16":"tag-latestnews","17":"tag-naglowki","18":"tag-najwazniejsze-artykuly","19":"tag-news","20":"tag-pis","21":"tag-pl","22":"tag-poland","23":"tag-polish","24":"tag-polityka","25":"tag-polska","26":"tag-polski","27":"tag-prezydent","28":"tag-top-stories","29":"tag-topstories","30":"tag-wiadomosci","31":"tag-wladyslaw-kosiniak-kamysz"},"share_on_mastodon":{"url":"https:\/\/pubeurope.com\/@pl\/115734707280162051","error":""},"_links":{"self":[{"href":"https:\/\/www.europesays.com\/pl\/wp-json\/wp\/v2\/posts\/155795","targetHints":{"allow":["GET"]}}],"collection":[{"href":"https:\/\/www.europesays.com\/pl\/wp-json\/wp\/v2\/posts"}],"about":[{"href":"https:\/\/www.europesays.com\/pl\/wp-json\/wp\/v2\/types\/post"}],"author":[{"embeddable":true,"href":"https:\/\/www.europesays.com\/pl\/wp-json\/wp\/v2\/users\/2"}],"replies":[{"embeddable":true,"href":"https:\/\/www.europesays.com\/pl\/wp-json\/wp\/v2\/comments?post=155795"}],"version-history":[{"count":0,"href":"https:\/\/www.europesays.com\/pl\/wp-json\/wp\/v2\/posts\/155795\/revisions"}],"wp:featuredmedia":[{"embeddable":true,"href":"https:\/\/www.europesays.com\/pl\/wp-json\/wp\/v2\/media\/155796"}],"wp:attachment":[{"href":"https:\/\/www.europesays.com\/pl\/wp-json\/wp\/v2\/media?parent=155795"}],"wp:term":[{"taxonomy":"category","embeddable":true,"href":"https:\/\/www.europesays.com\/pl\/wp-json\/wp\/v2\/categories?post=155795"},{"taxonomy":"post_tag","embeddable":true,"href":"https:\/\/www.europesays.com\/pl\/wp-json\/wp\/v2\/tags?post=155795"}],"curies":[{"name":"wp","href":"https:\/\/api.w.org\/{rel}","templated":true}]}}