{"id":155811,"date":"2025-12-17T11:44:10","date_gmt":"2025-12-17T11:44:10","guid":{"rendered":"https:\/\/www.europesays.com\/pl\/155811\/"},"modified":"2025-12-17T11:44:10","modified_gmt":"2025-12-17T11:44:10","slug":"sydney-naveed-akram-odpowie-za-atak-na-plazy-bondi-postawiono-59-zarzutow","status":"publish","type":"post","link":"https:\/\/www.europesays.com\/pl\/155811\/","title":{"rendered":"Sydney: Naveed Akram odpowie za atak na pla\u017cy Bondi. Postawiono 59 zarzut\u00f3w"},"content":{"rendered":"<p class=\"Paragraph_desktopParagraph__U31Gm\">Strzelanina mia\u0142a miejsce w niedziel\u0119 14 grudnia podczas wydarzenia zwi\u0105zanego z obchodami pierwszego dnia \u017cydowskiego \u015bwi\u0119ta Chanuki. Zgin\u0119\u0142o 15 os\u00f3b, a kilkadziesi\u0105t zosta\u0142o rannych. By\u0142 to najtragiczniejszy atak z u\u017cyciem broni palnej w Australii od 1996 r.<\/p>\n<p class=\"VideoPlayerText_videoPlayerText__iDwyz\">Dalszy ci\u0105g materia\u0142u pod wideo<\/p>\n<ul class=\"OchatFollowUps_wrapper__1ry7X\">\n<li class=\"OchatFollowUps_item__Dhyly OchatFollowUps_itemDesktop__R6aBv\">Ile zarzut\u00f3w postawiono Naveedowi Akramowi?<\/li>\n<li class=\"OchatFollowUps_item__Dhyly OchatFollowUps_itemDesktop__R6aBv\">Co dok\u0142adnie obejmuj\u0105 zarzuty dotycz\u0105ce zab\u00f3jstw?<\/li>\n<li class=\"OchatFollowUps_item__Dhyly OchatFollowUps_itemDesktop__R6aBv\">Jakie by\u0142y skutki strzelaniny w Bondi?<\/li>\n<li class=\"OchatFollowUps_item__Dhyly OchatFollowUps_itemDesktop__R6aBv\">Kiedy odb\u0119dzie si\u0119 formalne przes\u0142uchanie Akram\u0430?<\/li>\n<\/ul>\n<p>Domniemany strzelec z Sydney z 59 zarzutami <\/p>\n<p class=\"Paragraph_desktopParagraph__U31Gm\">Wed\u0142ug \u015bledczych Akram odpowie m.in. za 40 przypadk\u00f3w spowodowania ci\u0119\u017ckiego uszczerbku na zdrowiu z zamiarem zab\u00f3jstwa, u\u017cycie broni palnej w miejscu publicznym, umieszczenie materia\u0142\u00f3w wybuchowych oraz publiczne eksponowanie symboli zakazanej organizacji terrorystycznej. Policja twierdzi, \u017ce jego dzia\u0142ania mia\u0142y na celu szerzenie strachu i by\u0142y motywowane ideologicznie.<\/p>\n<p class=\"Paragraph_desktopParagraph__U31Gm\">24-latek zosta\u0142 ci\u0119\u017cko ranny podczas interwencji. Przebywa obecnie w szpitalu pod policyjnym nadzorem. Pierwsze posiedzenie s\u0105du odby\u0142o si\u0119 z jego \u0142\u00f3\u017cka szpitalnego za po\u015brednictwem wideokonferencji. Sprawa zosta\u0142a odroczona do kwietnia 2026 r. Policja poinformowa\u0142a, \u017ce formalne przes\u0142uchanie Akram\u0430 rozpocznie si\u0119 po ust\u0105pieniu dzia\u0142ania silnych lek\u00f3w, aby mia\u0142 on pe\u0142n\u0105 \u015bwiadomo\u015b\u0107 przebiegu czynno\u015bci procesowych.<\/p>\n<p class=\"Paragraph_desktopParagraph__U31Gm\">W wyniku ataku rannych zosta\u0142o 41 os\u00f3b, w tym czworo dzieci. Obecnie 20 poszkodowanych nadal przebywa w szpitalach w Sydney, jedna osoba jest w stanie krytycznym. Dw\u00f3ch funkcjonariuszy policji r\u00f3wnie\u017c odnios\u0142o obra\u017cenia postrza\u0142owe \u2014 jeden z nich jest w stanie ci\u0119\u017ckim, lecz stabilnym.<\/p>\n<p class=\"Paragraph_desktopParagraph__U31Gm\">Policja zakwalifikowa\u0142a zdarzenie jako atak terrorystyczny. Premier Australii Anthony Albanese poinformowa\u0142, \u017ce istniej\u0105 powa\u017cne przes\u0142anki wskazuj\u0105ce na inspiracj\u0119 ideologi\u0105 tzw. Pa\u0144stwa Islamskiego. \u200b\u200bS\u0142u\u017cby poinformowa\u0142y, \u017ce \u200b\u200bw poje\u017adzie u\u017cywanym przez napastnik\u00f3w znaleziono &#8222;domowej roboty&#8221; flagi Pa\u0144stwa Islamskiego i improwizowane urz\u0105dzenia wybuchowe.<\/p>\n<p class=\"Paragraph_desktopParagraph__U31Gm\">\u015aledztwo prowadzi specjalna wsp\u00f3lna jednostka ds. zwalczania terroryzmu, w sk\u0142ad kt\u00f3rej wchodz\u0105 funkcjonariusze policji stanowej, federalnej, s\u0142u\u017cb wywiadowczych oraz komisji ds. przest\u0119pczo\u015bci. Policja zapowiada dalsze czynno\u015bci i podkre\u015bla, \u017ce sprawa ma najwy\u017cszy priorytet.<\/p>\n","protected":false},"excerpt":{"rendered":"Strzelanina mia\u0142a miejsce w niedziel\u0119 14 grudnia podczas wydarzenia zwi\u0105zanego z obchodami pierwszego dnia \u017cydowskiego \u015bwi\u0119ta Chanuki. Zgin\u0119\u0142o&hellip;\n","protected":false},"author":2,"featured_media":155812,"comment_status":"","ping_status":"","sticky":false,"template":"","format":"standard","meta":{"footnotes":""},"categories":[5],"tags":[21823,379,32,33,36,37,27,67,34,35,28,31,53,25,52,68,51,55,42,38,40,39,41,47,30241,29,30,65,50,26,3459],"class_list":{"0":"post-155811","1":"post","2":"type-post","3":"status-publish","4":"format-standard","5":"has-post-thumbnail","7":"category-naglowki","8":"tag-atak_terrorystyczny","9":"tag-australia_kraj","10":"tag-breaking-news","11":"tag-breakingnews","12":"tag-featured-news","13":"tag-featurednews","14":"tag-headlines","15":"tag-intextvideo_splayer","16":"tag-latest-news","17":"tag-latestnews","18":"tag-naglowki","19":"tag-najwazniejsze-artykuly","20":"tag-new_header","21":"tag-news","22":"tag-onet3","23":"tag-onet3d","24":"tag-onet3d_2i","25":"tag-phx","26":"tag-pl","27":"tag-poland","28":"tag-polish","29":"tag-polska","30":"tag-polski","31":"tag-screening_general","32":"tag-sydney","33":"tag-top-stories","34":"tag-topstories","35":"tag-update_me","36":"tag-v2021","37":"tag-wiadomosci","38":"tag-zabojstwo_morderstwo_morderstwa_zabojstwa"},"share_on_mastodon":{"url":"https:\/\/pubeurope.com\/@pl\/115734738687915039","error":""},"_links":{"self":[{"href":"https:\/\/www.europesays.com\/pl\/wp-json\/wp\/v2\/posts\/155811","targetHints":{"allow":["GET"]}}],"collection":[{"href":"https:\/\/www.europesays.com\/pl\/wp-json\/wp\/v2\/posts"}],"about":[{"href":"https:\/\/www.europesays.com\/pl\/wp-json\/wp\/v2\/types\/post"}],"author":[{"embeddable":true,"href":"https:\/\/www.europesays.com\/pl\/wp-json\/wp\/v2\/users\/2"}],"replies":[{"embeddable":true,"href":"https:\/\/www.europesays.com\/pl\/wp-json\/wp\/v2\/comments?post=155811"}],"version-history":[{"count":0,"href":"https:\/\/www.europesays.com\/pl\/wp-json\/wp\/v2\/posts\/155811\/revisions"}],"wp:featuredmedia":[{"embeddable":true,"href":"https:\/\/www.europesays.com\/pl\/wp-json\/wp\/v2\/media\/155812"}],"wp:attachment":[{"href":"https:\/\/www.europesays.com\/pl\/wp-json\/wp\/v2\/media?parent=155811"}],"wp:term":[{"taxonomy":"category","embeddable":true,"href":"https:\/\/www.europesays.com\/pl\/wp-json\/wp\/v2\/categories?post=155811"},{"taxonomy":"post_tag","embeddable":true,"href":"https:\/\/www.europesays.com\/pl\/wp-json\/wp\/v2\/tags?post=155811"}],"curies":[{"name":"wp","href":"https:\/\/api.w.org\/{rel}","templated":true}]}}