{"id":155840,"date":"2025-12-17T11:59:08","date_gmt":"2025-12-17T11:59:08","guid":{"rendered":"https:\/\/www.europesays.com\/pl\/155840\/"},"modified":"2025-12-17T11:59:08","modified_gmt":"2025-12-17T11:59:08","slug":"rosjanie-z-zakazem-w-zakopanem-przelomowa-decyzja-polski-pomimo-wyroku","status":"publish","type":"post","link":"https:\/\/www.europesays.com\/pl\/155840\/","title":{"rendered":"Rosjanie z zakazem w Zakopanem! Prze\u0142omowa decyzja Polski pomimo wyroku"},"content":{"rendered":"<p class=\"Paragraph_desktopParagraph__Fd2e9\">Kr\u00f3tko po wybuchu wojny w Ukrainie rosyjscy i bia\u0142oruscy sportowcy zostali wykluczeni z zawod\u00f3w organizowanych pod egid\u0105 FIS. Prze\u0142om w ich sprawie przyni\u00f3s\u0142 niedawny wyrok CAS, kt\u00f3ry niejako zmusi\u0142 federacje do dopuszczenia do startu zawodnik\u00f3w pochodz\u0105cych z kraju agresora, kt\u00f3rzy spe\u0142niaj\u0105 wymogi neutralno\u015bci.<\/p>\n<p class=\"VideoPlayerText_videoPlayerText__zrtJk\">Dalszy ci\u0105g materia\u0142u pod wideo<\/p>\n<p class=\"Paragraph_desktopParagraph__Fd2e9\">Pocz\u0105tkowo m\u00f3wi\u0142o si\u0119, \u017ce w przypadku skok\u00f3w narciarskich jako jedyny na taki status mo\u017ce liczy\u0107 Dani\u0142 Sadrejew. Okazuje si\u0119 jednak, \u017ce plany Rosjan si\u0119gaj\u0105 du\u017co dalej. Na Turniej Czterech Skoczni, kt\u00f3ry mia\u0142by by\u0107 ich pierwszym mi\u0119dzynarodowym startem po przerwie, zamierzaj\u0105 wys\u0142a\u0107 a\u017c pi\u0119ciu skoczk\u00f3w.<\/p>\n<p class=\"Paragraph_desktopParagraph__Fd2e9\">\u2014 Zawodnicy napisali listy i otrzymali zg\u0142oszenia. Wys\u0142ali\u015bmy je wszystkie i czekamy na zatwierdzenie statusu neutralnego \u2014 przekaza\u0142 Dmitrij Dubrowski, prezes Rosyjskiej Federacji Skok\u00f3w Narciarskich i Kombinacji Norweskiej.<\/p>\n<p>Minister sportu jasno o starcie Rosjan w Polsce<\/p>\n<p class=\"Paragraph_desktopParagraph__Fd2e9\">Tu\u017c po Turnieju Czterech skoczni zaplanowano zawody Pucharu \u015awiata w Zakopanem. Ju\u017c teraz wiadomo, \u017ce Rosjanie nie zostan\u0105 dopuszczeni do tych konkurs\u00f3w.<\/p>\n<p class=\"Paragraph_desktopParagraph__Fd2e9\">\u2014 Nie b\u0119dziemy wita\u0107 Rosjan w Polsce. Nie chc\u0119 tu robi\u0107 jakichkolwiek dywagacji. Nie ma takiej mo\u017cliwo\u015bci, wi\u0119c sprawa jest zamkni\u0119ta \u2014 powiedzia\u0142 kr\u00f3tko Jakub Rutnicki, a dopytywany o narz\u0119dzia, kt\u00f3re umo\u017cliwi\u0142yby taki ruch, minister sportu doda\u0142:<\/p>\n<p class=\"Paragraph_desktopParagraph__Fd2e9\">\u2014 Pa\u0144stwo polskie ma oczywi\u015bcie narz\u0119dzia i to ono decyduje w kwestii obywateli innych kraj\u00f3w, kt\u00f3rzy b\u0119d\u0105 w Polsce wyst\u0119powa\u0107, nie tylko je\u015bli chodzi o kwestie sportowe. Takiej mo\u017cliwo\u015bci zatem nie ma.<\/p>\n<p>Ma\u0142ysz: nie wyobra\u017camy sobie tego<\/p>\n<p class=\"Paragraph_desktopParagraph__Fd2e9\">Wcze\u015bniej w rozmowie z &#8222;Faktem&#8221; negatywnie na temat ewentualnego dopuszczenia Rosjan do startu wypowiada\u0142 si\u0119 Adam Ma\u0142ysz. \u2014 My te\u017c sobie tego nie wyobra\u017camy, dlatego ca\u0142y czas protestujemy przeciwko temu rozwi\u0105zaniu. Chcemy, \u017ceby minister sportu jasno okre\u015bli\u0142 czy Rosjanie w og\u00f3le b\u0119d\u0105 mogli wjecha\u0107 do Polski. W ko\u0144cu musz\u0105 mie\u0107 wizy, a wizy nie s\u0105 obywatelom rosyjskim wydawane. To pierwsza sprawa \u2014 m\u00f3wi\u0142 prezes PZN.<\/p>\n<blockquote>\n<p class=\"Paragraph_desktopParagraph__Fd2e9\">Druga, my jeste\u015bmy troch\u0119\u2026 mo\u017ce nie powiem, \u017ce &#8222;z ty\u0142u&#8221;, ale nie do ko\u0144ca s\u0142uchani. Kiedy przysz\u0142o zapytanie z FIS-u, czy chcemy dopu\u015bci\u0107 Rosjan, odpowiedzieli\u015bmy kategorycznie &#8222;nie&#8221;. Wi\u0119kszo\u015b\u0107 du\u017cych kraj\u00f3w odpowiedzia\u0142a tak samo.<\/p>\n<\/blockquote>\n<p class=\"Paragraph_desktopParagraph__Fd2e9\">Prosili\u015bmy te\u017c o jawno\u015b\u0107 g\u0142osowania, o jawno\u015b\u0107 zapyta\u0144. A dostali\u015bmy tylko informacj\u0119: 60 procent by\u0142o za, 40 przeciw. I to wszystko \u2014 dodawa\u0142.<\/p>\n<p class=\"Paragraph_desktopParagraph__Fd2e9\">Ma\u0142ysz zwraca\u0142 r\u00f3wnie\u017c uwag\u0119, \u017ce niekt\u00f3rzy zawodnicy wr\u0119cz uto\u017csamiali si\u0119 z W\u0142adimirem Putinem i wojn\u0105. Tak by\u0142o cho\u0107by z Jewgienijem Klimowem. Miesi\u0105c po zbrojnym ataku na Ukrain\u0119 skoczek dumnie manifestowa\u0142 swoje pogl\u0105dy podczas prowojennego wiecu na moskiewskich \u0141u\u017cnikach. W kurtce z liter\u0105 &#8222;Z&#8221; symbolizuj\u0105cej inwazj\u0119 Rosji na Ukrain\u0119, u boku rosyjskiej skoczkini Iriny Awwakumowej prezentowa\u0142 medal zdobyty na igrzyskach olimpijskich w Pekinie.<\/p>\n","protected":false},"excerpt":{"rendered":"Kr\u00f3tko po wybuchu wojny w Ukrainie rosyjscy i bia\u0142oruscy sportowcy zostali wykluczeni z zawod\u00f3w organizowanych pod egid\u0105 FIS.&hellip;\n","protected":false},"author":2,"featured_media":155841,"comment_status":"","ping_status":"","sticky":false,"template":"","format":"standard","meta":{"footnotes":""},"categories":[24],"tags":[304,67,15349,42,38,40,39,41,136,128,47,1874,127,135,126,9911],"class_list":{"0":"post-155840","1":"post","2":"type-post","3":"status-publish","4":"format-standard","5":"has-post-thumbnail","7":"category-sport","8":"tag-eres","9":"tag-intextvideo_splayer","10":"tag-jakub_rutnicki","11":"tag-pl","12":"tag-poland","13":"tag-polish","14":"tag-polska","15":"tag-polski","16":"tag-ps_detal_new","17":"tag-psv2","18":"tag-screening_general","19":"tag-skoki_narciarskie","20":"tag-sport","21":"tag-sport_sport","22":"tag-sports","23":"tag-wojna_w_ukrainie"},"share_on_mastodon":{"url":"","error":""},"_links":{"self":[{"href":"https:\/\/www.europesays.com\/pl\/wp-json\/wp\/v2\/posts\/155840","targetHints":{"allow":["GET"]}}],"collection":[{"href":"https:\/\/www.europesays.com\/pl\/wp-json\/wp\/v2\/posts"}],"about":[{"href":"https:\/\/www.europesays.com\/pl\/wp-json\/wp\/v2\/types\/post"}],"author":[{"embeddable":true,"href":"https:\/\/www.europesays.com\/pl\/wp-json\/wp\/v2\/users\/2"}],"replies":[{"embeddable":true,"href":"https:\/\/www.europesays.com\/pl\/wp-json\/wp\/v2\/comments?post=155840"}],"version-history":[{"count":0,"href":"https:\/\/www.europesays.com\/pl\/wp-json\/wp\/v2\/posts\/155840\/revisions"}],"wp:featuredmedia":[{"embeddable":true,"href":"https:\/\/www.europesays.com\/pl\/wp-json\/wp\/v2\/media\/155841"}],"wp:attachment":[{"href":"https:\/\/www.europesays.com\/pl\/wp-json\/wp\/v2\/media?parent=155840"}],"wp:term":[{"taxonomy":"category","embeddable":true,"href":"https:\/\/www.europesays.com\/pl\/wp-json\/wp\/v2\/categories?post=155840"},{"taxonomy":"post_tag","embeddable":true,"href":"https:\/\/www.europesays.com\/pl\/wp-json\/wp\/v2\/tags?post=155840"}],"curies":[{"name":"wp","href":"https:\/\/api.w.org\/{rel}","templated":true}]}}