{"id":155850,"date":"2025-12-17T12:04:09","date_gmt":"2025-12-17T12:04:09","guid":{"rendered":"https:\/\/www.europesays.com\/pl\/155850\/"},"modified":"2025-12-17T12:04:09","modified_gmt":"2025-12-17T12:04:09","slug":"od-2026-roku-obowiazkowa-e-rejestracja-ministerstwo-zdrowia-oglasza-nowe-zasady","status":"publish","type":"post","link":"https:\/\/www.europesays.com\/pl\/155850\/","title":{"rendered":"Od 2026 roku obowi\u0105zkowa e-rejestracja. Ministerstwo Zdrowia og\u0142asza nowe zasady"},"content":{"rendered":"<p>SPIS TRE\u015aCI<\/p>\n<ol class=\"ods-a-table-of-content__items\">\n<li class=\"ods-a-table-of-content__item\"><a href=\"#toc-czym-jest-centralna-e-rejestracja\" class=\"ods-a-table-of-content__link\">Czym jest centralna e-rejestracja?<\/a><\/li>\n<li class=\"ods-a-table-of-content__item\"><a href=\"#toc-pilotaz-centralnej-e-rejestracji-szansa-na-wsparcie-dla-placowek\" class=\"ods-a-table-of-content__link\">Pilota\u017c centralnej e-rejestracji \u2014 szansa na wsparcie dla plac\u00f3wek<\/a><\/li>\n<li class=\"ods-a-table-of-content__item\"><a href=\"#toc-nowe-rozporzadzenie-pilotaz-wydluzony-do-konca-2025-r\" class=\"ods-a-table-of-content__link\">Nowe rozporz\u0105dzenie \u2014 pilota\u017c wyd\u0142u\u017cony do ko\u0144ca 2025 r.<\/a><\/li>\n<\/ol>\n<p>Czym jest centralna e-rejestracja?<\/p>\n<p class=\"ods-c-paragraph \">Centralna e-rejestracja to jedna z najbardziej oczekiwanych przez pacjent\u00f3w us\u0142ug. Pozwala na szybkie i wygodne umawianie wizyt przez <a href=\"https:\/\/www.medonet.pl\/zdrowie,internetowe-konto-pacjenta---jak-zalozyc-i-korzystac-z-ikp-,artykul,1735050.html\" id=\"5c7bc67f-8187-49c9-b8ac-b6944e76f9b4\" rel=\"nofollow noopener\" target=\"_blank\">Internetowe Konto Pacjenta (IKP)<\/a> lub aplikacj\u0119 mojeIKP. Dzi\u0119ki temu mo\u017cna:<\/p>\n<ul class=\"ods-m-bullet-list\">\n<li class=\"ods-a-bullet ods-a-bullet--normal\"> um\u00f3wi\u0107 si\u0119 na pierwszorazow\u0105 wizyt\u0119 do <a href=\"https:\/\/www.medonet.pl\/zdrowie\/zdrowie-dla-kazdego,jak-rozmawiac-z-kardiologiem--czyli-instrukcja-obslugi-pierwszej-i-kolejnych-wizyt,artykul,1605744.html\" rel=\"nofollow noopener\" target=\"_blank\">kardiologa<\/a> (wymagane skierowanie), <\/li>\n<li class=\"ods-a-bullet ods-a-bullet--normal\"> zarezerwowa\u0107 termin bada\u0144 w ramach program\u00f3w profilaktycznych (<a href=\"https:\/\/www.medonet.pl\/badania,mammografia--mrtg----wskazania--grupa-ryzyka--przebieg--w-jakim-wieku-wykonac-mammografie-,artykul,1584977.html\" rel=\"nofollow noopener\" target=\"_blank\">mammografia<\/a>, <a href=\"https:\/\/www.medonet.pl\/zdrowie\/zdrowie-dla-kazdego,cytologia,artykul,1695763.html\" rel=\"nofollow noopener\" target=\"_blank\">cytologia<\/a>), <\/li>\n<li class=\"ods-a-bullet ods-a-bullet--normal\"> odwo\u0142a\u0107 lub zmieni\u0107 termin wizyty bez konieczno\u015bci dzwonienia do plac\u00f3wki, <\/li>\n<li class=\"ods-a-bullet ods-a-bullet--normal\"> otrzyma\u0107 SMS z przypomnieniem o wizycie i mo\u017cliwo\u015bci\u0105 jej odwo\u0142ania. <\/li>\n<\/ul>\n<p class=\"ods-c-paragraph \">Rozwi\u0105zanie to pozwala na lepsze wykorzystanie zasob\u00f3w systemu ochrony zdrowia i skraca czas oczekiwania na wizyt\u0119 u lekarza. To odpowied\u017a na jedn\u0105 z najcz\u0119\u015bciej zg\u0142aszanych przez pacjent\u00f3w potrzeb.<\/p>\n<p class=\"ods-c-paragraph \">\u2014 B\u0119dzie to rozwi\u0105zanie oparte na voicebocie i sztucznej inteligencji, kt\u00f3re na kilka dni przed wizyt\u0105 zadzwoni do pacjenta \u2014 raz, drugi, trzeci \u2014 w zale\u017cno\u015bci od tego, czy uda si\u0119 nawi\u0105za\u0107 po\u0142\u0105czenie, i poinformuje go: &#8222;W najbli\u017cszym czasie (oczywi\u015bcie z podaniem terminu i godziny) masz zaplanowan\u0105 tak\u0105 i tak\u0105 wizyt\u0119 w takiej i takiej poradni. Prosz\u0119 potwierd\u017a, czy b\u0119dziesz obecny&#8221;.\u2014 t\u0142umaczy\u0142 w rozmowie z Medonetem Jaros\u0142aw Bory\u0144, kierownik projektu centralna e-rejestracja.<\/p>\n<p>Dalszy ci\u0105g artyku\u0142u pod materia\u0142em wideo<\/p>\n<p> Do kiedy trwa pilota\u017c centralnej e-rejestracji? <\/p>\n<p> Jakie wsparcie otrzymuj\u0105 plac\u00f3wki bior\u0105ce udzia\u0142 w pilota\u017cu? <\/p>\n<p> Kiedy zacznie obowi\u0105zywa\u0107 obowi\u0105zkowa e-rejestracja? <\/p>\n<p> Jakie us\u0142ugi umo\u017cliwia centralna e-rejestracja? <\/p>\n<p>  Pilota\u017c centralnej e-rejestracji \u2014 szansa na wsparcie dla plac\u00f3wek<\/p>\n<p class=\"ods-c-paragraph \">Celem pilota\u017cu jest przygotowanie plac\u00f3wek medycznych do obowi\u0105zkowego wdro\u017cenia centralnej e-rejestracji od pocz\u0105tku 2026 roku. Udzia\u0142 w programie umo\u017cliwia plac\u00f3wkom dostosowanie si\u0119 do nowych wymog\u00f3w organizacyjnych i technologicznych.<\/p>\n<p class=\"ods-c-paragraph \">Plac\u00f3wki bior\u0105ce udzia\u0142 w pilota\u017cu otrzyma\u0142y jednorazowe dofinansowanie na pokrycie koszt\u00f3w integracji system\u00f3w informatycznych, a dodatkowo mog\u0105 liczy\u0107 na comiesi\u0119czny rycza\u0142t uzale\u017cniony od liczby zrealizowanych i potwierdzonych \u015bwiadcze\u0144 w systemie e-rejestracji.<\/p>\n<p class=\"ods-c-paragraph \">Program skierowany jest do plac\u00f3wek realizuj\u0105cych \u015bwiadczenia z zakresu ambulatoryjnej opieki specjalistycznej (AOS) w kardiologii oraz bada\u0144 profilaktycznych (mammografia, cytologia), kt\u00f3re maj\u0105 umow\u0119 z NFZ i odpowiednie oprogramowanie spe\u0142niaj\u0105ce wymogi techniczne centralnej e-rejestracji.<\/p>\n<p>Nowe rozporz\u0105dzenie \u2014 pilota\u017c wyd\u0142u\u017cony do ko\u0144ca 2025 r.<\/p>\n<p class=\"ods-c-paragraph \">27 czerwca 2025 r. opublikowano rozporz\u0105dzenie wyd\u0142u\u017caj\u0105ce pilota\u017c centralnej e-rejestracji do 31 grudnia 2025 r. To czas, by plac\u00f3wki mog\u0142y spokojnie przygotowa\u0107 si\u0119 do nowych obowi\u0105zk\u00f3w i skorzysta\u0107 z dost\u0119pnego wsparcia.<\/p>\n<p class=\"ods-c-paragraph \">Szczeg\u00f3\u0142owe informacje o programie, wymaganiach technicznych oraz zasadach udzia\u0142u w pilota\u017cu dost\u0119pne s\u0105 na stronach Narodowego Funduszu Zdrowia oraz w materia\u0142ach informacyjnych dla \u015bwiadczeniodawc\u00f3w.<\/p>\n<p> Tre\u015bci z serwisu Medonet maj\u0105 na celu polepszenie, a nie zast\u0105pienie, kontaktu pomi\u0119dzy U\u017cytkownikiem a jego lekarzem. Serwis ma charakter wy\u0142\u0105cznie informacyjno-edukacyjny. Przed zastosowaniem si\u0119 do porad z zakresu wiedzy specjalistycznej, w szczeg\u00f3lno\u015bci medycznych, zawartych w Serwisie nale\u017cy bezwzgl\u0119dnie skonsultowa\u0107 si\u0119 z lekarzem. <\/p>\n","protected":false},"excerpt":{"rendered":"SPIS TRE\u015aCI Czym jest centralna e-rejestracja? Pilota\u017c centralnej e-rejestracji \u2014 szansa na wsparcie dla plac\u00f3wek Nowe rozporz\u0105dzenie \u2014&hellip;\n","protected":false},"author":2,"featured_media":155851,"comment_status":"","ping_status":"","sticky":false,"template":"","format":"standard","meta":{"footnotes":""},"categories":[12],"tags":[32,33,36,37,31069,27,31068,5463,34,35,534,28,31,48,25,46,42,38,40,39,41,6977,6978,47,29,30,26],"class_list":{"0":"post-155850","1":"post","2":"type-post","3":"status-publish","4":"format-standard","5":"has-post-thumbnail","7":"category-polska","8":"tag-breaking-news","9":"tag-breakingnews","10":"tag-featured-news","11":"tag-featurednews","12":"tag-gov_pl","13":"tag-headlines","14":"tag-ikp","15":"tag-kardiologia","16":"tag-latest-news","17":"tag-latestnews","18":"tag-ministerstwo_zdrowia","19":"tag-naglowki","20":"tag-najwazniejsze-artykuly","21":"tag-nat_styl","22":"tag-news","23":"tag-omp","24":"tag-pl","25":"tag-poland","26":"tag-polish","27":"tag-polska","28":"tag-polski","29":"tag-przychodnie","30":"tag-przychodnie_lekarskie","31":"tag-screening_general","32":"tag-top-stories","33":"tag-topstories","34":"tag-wiadomosci"},"share_on_mastodon":{"url":"https:\/\/pubeurope.com\/@pl\/115734817335103778","error":""},"_links":{"self":[{"href":"https:\/\/www.europesays.com\/pl\/wp-json\/wp\/v2\/posts\/155850","targetHints":{"allow":["GET"]}}],"collection":[{"href":"https:\/\/www.europesays.com\/pl\/wp-json\/wp\/v2\/posts"}],"about":[{"href":"https:\/\/www.europesays.com\/pl\/wp-json\/wp\/v2\/types\/post"}],"author":[{"embeddable":true,"href":"https:\/\/www.europesays.com\/pl\/wp-json\/wp\/v2\/users\/2"}],"replies":[{"embeddable":true,"href":"https:\/\/www.europesays.com\/pl\/wp-json\/wp\/v2\/comments?post=155850"}],"version-history":[{"count":0,"href":"https:\/\/www.europesays.com\/pl\/wp-json\/wp\/v2\/posts\/155850\/revisions"}],"wp:featuredmedia":[{"embeddable":true,"href":"https:\/\/www.europesays.com\/pl\/wp-json\/wp\/v2\/media\/155851"}],"wp:attachment":[{"href":"https:\/\/www.europesays.com\/pl\/wp-json\/wp\/v2\/media?parent=155850"}],"wp:term":[{"taxonomy":"category","embeddable":true,"href":"https:\/\/www.europesays.com\/pl\/wp-json\/wp\/v2\/categories?post=155850"},{"taxonomy":"post_tag","embeddable":true,"href":"https:\/\/www.europesays.com\/pl\/wp-json\/wp\/v2\/tags?post=155850"}],"curies":[{"name":"wp","href":"https:\/\/api.w.org\/{rel}","templated":true}]}}