{"id":155852,"date":"2025-12-17T12:05:09","date_gmt":"2025-12-17T12:05:09","guid":{"rendered":"https:\/\/www.europesays.com\/pl\/155852\/"},"modified":"2025-12-17T12:05:09","modified_gmt":"2025-12-17T12:05:09","slug":"nowe-informacje-ws-smierci-11-letniej-dziewczynki-onet","status":"publish","type":"post","link":"https:\/\/www.europesays.com\/pl\/155852\/","title":{"rendered":"Nowe informacje ws. \u015bmierci 11-letniej dziewczynki &#8211; Onet"},"content":{"rendered":"<ol>\n<li><a href=\"https:\/\/news.google.com\/rss\/articles\/CBMiwAFBVV95cUxOb1Y0UFozb3g0aFdXNnF2SHVLTllLR25CQlhHa3dMeW5DbGNxc2tlQjBVemNQNzQwc1V6LTBMVm9mZERHVXhFbGFVOEZjaXBlOS04OVpRaUJwTVdVSVQ1a3lyWEhpWmFJMXVqSUEwRGJrYkZ6dllxNzBkZmRjS1dSLTQwS1Vpc1RUQnFwbUFkdUFQRGdHOTBXbWtkNTBKeDBfN0lmeGtvUnY2VzM4ZWVTSFNmNlRzdkNrZHBmb0JyNWc?oc=5\" target=\"_blank\" rel=\"nofollow noopener\">Nowe informacje ws. \u015bmierci 11-letniej dziewczynki<\/a>&nbsp;&nbsp;Onet<\/li>\n<li><a href=\"https:\/\/news.google.com\/rss\/articles\/CBMivgFBVV95cUxNYzJUTFdjc3FpZ2E1cVI3SWZrQUtRai1JWlFaMXViZW80VEtjS3c4U0JFVV9EQkNoUWx5SXVaLVFEVDBtVWZOYVllNURRM09seTFDUXRMSlJnU0p6TTFxUGIzOUdTMW1aN1pPNWQ4dGF6UlRsRVNFdl94dkNKVkFWZ0pfcFhwenhKejBGZk1lYXp5cm4xU2t0dEtzS1pBN3hDV1VUSkV6ZDBmM24yTmN5ODc4NGdrZjBDSmNQS3VB?oc=5\" target=\"_blank\" rel=\"nofollow noopener\">Szokuj\u0105ce zab\u00f3jstwo 11-latki w Jeleniej G\u00f3rze. Nowe informacje<\/a>&nbsp;&nbsp;Onet<\/li>\n<li><a href=\"https:\/\/news.google.com\/rss\/articles\/CBMivgFBVV95cUxQdlhOODlQQnZ1MEt3NzVfOFpTcF9ydmdHSTliZkxrZnF0Y0JsRDJKazlkQVdoUk9kNjc4cnVZU2tGNGlWWXJ2c0w4dEJpUjd1bV9YVXRxOV9QdU5QbU9kRXV5OWRpWXFpSWZuQ005S3pqbjNOelllellKZXAyc0JZWWI3Ql9xay1rOS00dlRvVmZKWTRSVjE3aUN6SjBnV3FUOW5vczRkbmxKRXRRTnMxYXBpZ2RxUDZCVURqVGp3?oc=5\" target=\"_blank\" rel=\"nofollow noopener\">To zg\u0142oszenie poprzedzi\u0142o odkrycie tragedii w Jeleniej G\u00f3rze. Policja zdradza, co widzia\u0142 \u015bwiadek<\/a>&nbsp;&nbsp;Wydarzenia w INTERIA.PL<\/li>\n<li><a href=\"https:\/\/news.google.com\/rss\/articles\/CBMiugFBVV95cUxPYUd1VWcxaVdRUThNcEMtR0lhLU9ic3V3SF8ya09mSUxvQ1JoYXhaRkxPRVFsZGNGV0xVUDNPRnJOQmcyMFlhN2NmU2FBUkloZ0pTQnJCRWNlQ0JfY2FoWVZGNnRManZpcUs1ajhDYmRwT01scTRFS0FnVlc4NjlUa0JnNm9CazR4ekZtWFZSTU9sN1B1RHFLeDB2REtmNTV1VHdKc0VHM2hRWjhCdzdVcXpKSXBUODlyeXc?oc=5\" target=\"_blank\" rel=\"nofollow noopener\">Zab\u00f3jstwo w Jeleniej G\u00f3rze. Psycholog: dzieci potrzebuj\u0105 informacji, trzeba o tym m\u00f3wi\u0107<\/a>&nbsp;&nbsp;Newsweek<\/li>\n<li><a href=\"https:\/\/news.google.com\/rss\/articles\/CBMiswFBVV95cUxNVHNqdndVWFJaT0xZZVFKbVlZSnMxcXFoM1A0WU1QZGpFYU5MYnVJdjdza0xLSFI0TUF5bmNOMTI5cWNmcUlxRzhRQmFVQ0xKVWhOSl9XNF95eWw2Z3o1WjZ6bGpZM0JZeFBzZk9pTGh4amZlWksxRFhsNTQxb1FBN3FabnNXcnhGZFdIUGJ0a2Rnc1ZiWWZnNG9xZVFGNVJsTlRheTd6MGNmQ05TLUhTcF9LQQ?oc=5\" target=\"_blank\" rel=\"nofollow noopener\">Nowe ustalenia w sprawie zab\u00f3jstwa 11-latki. Co \u0142\u0105czy\u0142o dziewczynki? Koledzy zdradzaj\u0105<\/a>&nbsp;&nbsp;Fakt<\/li>\n<\/ol>\n","protected":false},"excerpt":{"rendered":"Nowe informacje ws. \u015bmierci 11-letniej dziewczynki&nbsp;&nbsp;Onet Szokuj\u0105ce zab\u00f3jstwo 11-latki w Jeleniej G\u00f3rze. Nowe informacje&nbsp;&nbsp;Onet To zg\u0142oszenie poprzedzi\u0142o odkrycie&hellip;\n","protected":false},"author":2,"featured_media":155853,"comment_status":"","ping_status":"","sticky":false,"template":"","format":"standard","meta":{"footnotes":""},"categories":[5],"tags":[32,33,36,37,27,34,35,28,31,53,25,52,68,51,55,42,38,251,40,39,41,984,47,3830,29,30,65,50,26,3459],"class_list":{"0":"post-155852","1":"post","2":"type-post","3":"status-publish","4":"format-standard","5":"has-post-thumbnail","7":"category-naglowki","8":"tag-breaking-news","9":"tag-breakingnews","10":"tag-featured-news","11":"tag-featurednews","12":"tag-headlines","13":"tag-latest-news","14":"tag-latestnews","15":"tag-naglowki","16":"tag-najwazniejsze-artykuly","17":"tag-new_header","18":"tag-news","19":"tag-onet3","20":"tag-onet3d","21":"tag-onet3d_2i","22":"tag-phx","23":"tag-pl","24":"tag-poland","25":"tag-policja_policjanci_policjant_policjantka_policjantki","26":"tag-polish","27":"tag-polska","28":"tag-polski","29":"tag-prawo_sady_sedziowie_sedzia_sad_sadownictwo_prawnik_prawnicy_prawniczka","30":"tag-screening_general","31":"tag-szkola_szkoly_szkolnictwo_nauczyciel_nauczyciele_nauczycielka_uczen_uczennica_uczniowie","32":"tag-top-stories","33":"tag-topstories","34":"tag-update_me","35":"tag-v2021","36":"tag-wiadomosci","37":"tag-zabojstwo_morderstwo_morderstwa_zabojstwa"},"share_on_mastodon":{"url":"","error":"Validation failed: Text character limit of 500 exceeded"},"_links":{"self":[{"href":"https:\/\/www.europesays.com\/pl\/wp-json\/wp\/v2\/posts\/155852","targetHints":{"allow":["GET"]}}],"collection":[{"href":"https:\/\/www.europesays.com\/pl\/wp-json\/wp\/v2\/posts"}],"about":[{"href":"https:\/\/www.europesays.com\/pl\/wp-json\/wp\/v2\/types\/post"}],"author":[{"embeddable":true,"href":"https:\/\/www.europesays.com\/pl\/wp-json\/wp\/v2\/users\/2"}],"replies":[{"embeddable":true,"href":"https:\/\/www.europesays.com\/pl\/wp-json\/wp\/v2\/comments?post=155852"}],"version-history":[{"count":0,"href":"https:\/\/www.europesays.com\/pl\/wp-json\/wp\/v2\/posts\/155852\/revisions"}],"wp:featuredmedia":[{"embeddable":true,"href":"https:\/\/www.europesays.com\/pl\/wp-json\/wp\/v2\/media\/155853"}],"wp:attachment":[{"href":"https:\/\/www.europesays.com\/pl\/wp-json\/wp\/v2\/media?parent=155852"}],"wp:term":[{"taxonomy":"category","embeddable":true,"href":"https:\/\/www.europesays.com\/pl\/wp-json\/wp\/v2\/categories?post=155852"},{"taxonomy":"post_tag","embeddable":true,"href":"https:\/\/www.europesays.com\/pl\/wp-json\/wp\/v2\/tags?post=155852"}],"curies":[{"name":"wp","href":"https:\/\/api.w.org\/{rel}","templated":true}]}}