{"id":155856,"date":"2025-12-17T12:07:08","date_gmt":"2025-12-17T12:07:08","guid":{"rendered":"https:\/\/www.europesays.com\/pl\/155856\/"},"modified":"2025-12-17T12:07:08","modified_gmt":"2025-12-17T12:07:08","slug":"agata-kulesza-chwycila-za-nozyczki-przeszla-metamorfoze","status":"publish","type":"post","link":"https:\/\/www.europesays.com\/pl\/155856\/","title":{"rendered":"Agata Kulesza chwyci\u0142a za no\u017cyczki. Przesz\u0142a metamorfoz\u0119"},"content":{"rendered":"<p class=\"ods-c-paragraph \"><a href=\"https:\/\/plejada.pl\/temat\/agata-kulesza-aktorka\" id=\"69079de4-1b35-419d-86da-cd1ba397131e\" rel=\"nofollow noopener\" target=\"_blank\">Agata Kulesza<\/a> od lat utrzymuje siln\u0105 wi\u0119\u017a z publiczno\u015bci\u0105, r\u00f3wnie\u017c poprzez media spo\u0142eczno\u015bciowe. Ostatnio jej profil na Instagramie obieg\u0142y zdj\u0119cia dokumentuj\u0105ce wizyt\u0119 u fryzjerki, podczas kt\u00f3rej Kulesza sama si\u0119gn\u0119\u0142a po no\u017cyczki i obci\u0119\u0142a spor\u0105 cz\u0119\u015b\u0107 swoich d\u0142ugich w\u0142os\u00f3w. Zanim jednak profesjonalistka nada\u0142a fryzurze ostateczny kszta\u0142t, aktorka postanowi\u0142a samodzielnie wykona\u0107 pierwszy krok swojej metamorfozy.<\/p>\n<p>Dalszy ci\u0105g artyku\u0142u pod materia\u0142em wideo<\/p>\n<p> Jakie zmiany wizerunkowe przesz\u0142a Agata Kulesza? <\/p>\n<p> Co fani s\u0105dz\u0105 o nowej fryzurze Kuleszy? <\/p>\n<p> Jakie zdj\u0119cia opublikowa\u0142a Agata Kulesza na Instagramie? <\/p>\n<p> Na jaki rodzaj fryzury zdecydowa\u0142a si\u0119 Kulesza? <\/p>\n<p>  Agata Kulesza zaskoczy\u0142a wszystkich. Z\u0142apa\u0142a za no\u017cyczki i \u015bci\u0119\u0142a w\u0142osy<\/p>\n<p class=\"ods-c-paragraph \">Zmiana by\u0142a radykalna \u2014 po d\u0142ugich w\u0142osach nie pozosta\u0142 nawet \u015blad. Agata Kulesza zdecydowa\u0142a si\u0119 na kr\u00f3tkiego boba z grzywk\u0105 na bok. Jak wida\u0107 na opublikowanych fotografiach, aktorka by\u0142a wyra\u017anie zadowolona z efektu. U\u017cytkownicy medi\u00f3w spo\u0142eczno\u015bciowych szybko zareagowali na nowy wizerunek gwiazdy, wyra\u017caj\u0105c entuzjazm i podziw dla jej odwagi.<\/p>\n<p class=\"ods-c-paragraph \">&#8222;O kurcz\u0119, ale super&#8221;; &#8222;Przepi\u0119knie&#8221;; &#8222;Pi\u0119knie, jak zawsze&#8221;; &#8222;Poszala\u0142y&#8221; \u2014 napisali internauci.<\/p>\n<p class=\"ods-c-paragraph \">Dzi\u0119kujemy, \u017ce przeczyta\u0142a\u015b\/e\u015b nasz artyku\u0142 do ko\u0144ca. W serwisie Plejada.pl ka\u017cdego dnia piszemy o najwa\u017cniejszych wydarzeniach show-biznesowych. B\u0105d\u017a na bie\u017c\u0105co! <a rel=\"nofollow noopener\" href=\"https:\/\/profile.google.com\/cp\/Cg0vZy8xMWJ6X19wdHBx\" id=\"ed8e8b50-6096-4f83-82ad-0dd764258807\" target=\"_blank\">Obserwuj<\/a> Plejad\u0119 w Wiadomo\u015bciach Google. Odwied\u017a nas tak\u017ce na <a rel=\"nofollow noopener\" href=\"https:\/\/www.facebook.com\/plejadapl\" id=\"648882de-c130-42ed-b184-465a6385f6ad\" target=\"_blank\">Facebooku<\/a>, <a rel=\"nofollow noopener\" href=\"https:\/\/www.instagram.com\/plejadapl\/\" id=\"37a6b093-6e3c-4eb7-afcd-853e64785b15\" target=\"_blank\">Instagramie<\/a>, <a rel=\"nofollow noopener\" href=\"https:\/\/www.youtube.com\/c\/plejada\" id=\"dbf26bcc-b8d3-494b-a1c0-c633982cdefb\" target=\"_blank\">YouTube<\/a> oraz <a rel=\"nofollow noopener\" href=\"https:\/\/www.tiktok.com\/@plejada_pl\" id=\"a5f2baef-5a46-4583-ad6f-80f2c433d1f1\" target=\"_blank\">TikToku<\/a>.<\/p>\n<p class=\"ods-c-paragraph \">Chcesz podzieli\u0107 si\u0119 ciekawym newsem lub zaproponowa\u0107 temat? Skontaktuj si\u0119 z nami, pisz\u0105c e-maila na adres: <a rel=\"nofollow noopener\" href=\"https:\/\/plejada.pl\/newsy\/agata-kulesza-chwycila-za-nozyczki-przeszla-metamorfoze\/mailto:plejada@redakcjaonet.pl\" id=\"67140767-6102-4d82-ab81-0fe3ca96f28c\" target=\"_blank\">plejada@redakcjaonet.pl<\/a>.<\/p>\n<p><script async src=\"\/\/www.instagram.com\/embed.js\"><\/script><script async src=\"\/\/www.tiktok.com\/embed.js\"><\/script><\/p>\n","protected":false},"excerpt":{"rendered":"Agata Kulesza od lat utrzymuje siln\u0105 wi\u0119\u017a z publiczno\u015bci\u0105, r\u00f3wnie\u017c poprzez media spo\u0142eczno\u015bciowe. Ostatnio jej profil na Instagramie&hellip;\n","protected":false},"author":2,"featured_media":155857,"comment_status":"","ping_status":"","sticky":false,"template":"","format":"standard","meta":{"footnotes":""},"categories":[22],"tags":[6341,122,3846,48,125,46,42,38,40,39,41,25865,123,47],"class_list":{"0":"post-155856","1":"post","2":"type-post","3":"status-publish","4":"format-standard","5":"has-post-thumbnail","7":"category-rozrywka","8":"tag-agata_kulesza","9":"tag-entertainment","10":"tag-metamorfoza","11":"tag-nat_styl","12":"tag-newsy","13":"tag-omp","14":"tag-pl","15":"tag-poland","16":"tag-polish","17":"tag-polska","18":"tag-polski","19":"tag-rebrand_ai_tst0","20":"tag-rozrywka","21":"tag-screening_general"},"share_on_mastodon":{"url":"https:\/\/pubeurope.com\/@pl\/115734829267787375","error":""},"_links":{"self":[{"href":"https:\/\/www.europesays.com\/pl\/wp-json\/wp\/v2\/posts\/155856","targetHints":{"allow":["GET"]}}],"collection":[{"href":"https:\/\/www.europesays.com\/pl\/wp-json\/wp\/v2\/posts"}],"about":[{"href":"https:\/\/www.europesays.com\/pl\/wp-json\/wp\/v2\/types\/post"}],"author":[{"embeddable":true,"href":"https:\/\/www.europesays.com\/pl\/wp-json\/wp\/v2\/users\/2"}],"replies":[{"embeddable":true,"href":"https:\/\/www.europesays.com\/pl\/wp-json\/wp\/v2\/comments?post=155856"}],"version-history":[{"count":0,"href":"https:\/\/www.europesays.com\/pl\/wp-json\/wp\/v2\/posts\/155856\/revisions"}],"wp:featuredmedia":[{"embeddable":true,"href":"https:\/\/www.europesays.com\/pl\/wp-json\/wp\/v2\/media\/155857"}],"wp:attachment":[{"href":"https:\/\/www.europesays.com\/pl\/wp-json\/wp\/v2\/media?parent=155856"}],"wp:term":[{"taxonomy":"category","embeddable":true,"href":"https:\/\/www.europesays.com\/pl\/wp-json\/wp\/v2\/categories?post=155856"},{"taxonomy":"post_tag","embeddable":true,"href":"https:\/\/www.europesays.com\/pl\/wp-json\/wp\/v2\/tags?post=155856"}],"curies":[{"name":"wp","href":"https:\/\/api.w.org\/{rel}","templated":true}]}}