{"id":155858,"date":"2025-12-17T12:08:12","date_gmt":"2025-12-17T12:08:12","guid":{"rendered":"https:\/\/www.europesays.com\/pl\/155858\/"},"modified":"2025-12-17T12:08:12","modified_gmt":"2025-12-17T12:08:12","slug":"samsung-zmniejszy-telewizory-micro-rgb-led-trafi-do-mniejszych-salonow","status":"publish","type":"post","link":"https:\/\/www.europesays.com\/pl\/155858\/","title":{"rendered":"Samsung zmniejszy telewizory. Micro RGB LED trafi do mniejszych salon\u00f3w"},"content":{"rendered":"<p><img decoding=\"async\" src=\"https:\/\/std.wpcdn.pl\/images\/adv\/placeholder_wp.svg\" alt=\"\"\/><\/p>\n<p>\n                Samsung rozszerza swoj\u0105 ofert\u0119 telewizor\u00f3w Micro RGB LED o\u00a0mniejsze modele. &#8222;Skurczenie&#8221; nowej technologii telewizor\u00f3w sprawi, \u017ce b\u0119d\u0105 bardziej dost\u0119pne dla szerszego grona u\u017cytkownik\u00f3w, cho\u0107 ceny b\u0119d\u0105 odstrasza\u0107 najpewniej jeszcze przez d\u0142ugi czas.\n            <\/p>\n<p>Technologia Micro RGB LED to jeszcze nie wyczekiwany przez fan\u00f3w\u00a0telewizor\u00f3w\u00a0<a href=\"https:\/\/www.benchmark.pl\/aktualnosci\/co-to-jest-micro-led.html\" target=\"_blank\" rel=\"nofollow noopener\">Micro LED<\/a>, ale najnowsze telewizory w\u00a0tej technologii zdecydowanie zbli\u017caj\u0105 si\u0119 do parametr\u00f3w\u00a0osi\u0105ganych przez eksperymentalne panele. R\u00f3\u017cnica polega na tym, \u017ce podobnie jak w\u00a0telewizorach LCD, konstrukcje Micro RGB LED wykorzystuj\u0105 tylne pod\u015bwietlenie. Jest ono jednak o\u00a0tyle inne, \u017ce potrafi generowa\u0107 pod\u015bwietlenie nie tylko w\u00a0bieli i\u00a0niebieskim kolorze jak w\u00a0telewizorach LCD, ale w\u00a0zieleni, czerwieni oraz na niebiesko.\u00a0<\/p>\n<p>Oznacza to, \u017ce piksele nie s\u0105 samoemisyjne i\u00a0nie mog\u0105 si\u0119 samoczynnie wy\u0142\u0105cza\u0107, ale nie zmienia to faktu, \u017ce pod wzgl\u0119dem generowania kontrastu maj\u0105 przewag\u0119 nad panelami \u015bwiec\u0105cymi z\u00a0ty\u0142u tylko na bia\u0142o lub niebiesko. Dlatego te\u017c t\u0105 technologi\u0119 intensywnie rozwija wielu graczy. Problemem jest jednak rozmiar technologii, kt\u00f3ra dotychczas go\u015bci\u0142a w\u00a0100-calowych panelach.\u00a0<\/p>\n<p>Samsung rozszerza ofert\u0119 telewizor\u00f3w\u00a0Micro RGB LED na mniejsze rozmiary\u00a0<\/p>\n<p>Na targach CES 2026 w\u00a0Las Vegas producent zaprezentuje nowe modele, kt\u00f3re b\u0119d\u0105 towarzyszy\u0142y obecnemu ju\u017c na rynku telewizorowi MR95F. Linia telewizor\u00f3w\u00a0Micro RGB LED od Samsunga rozszerzy si\u0119 na telewizory o\u00a0przek\u0105tnych 55, 65, 75, 85, 98 oraz 100 cali.\u00a0<\/p>\n<p><img loading=\"lazy\" decoding=\"async\" class=\"lazy\" src=\"https:\/\/www.europesays.com\/pl\/wp-content\/uploads\/2025\/12\/sddefault.jpg\" alt=\"\" width=\"1050\" height=\"787\"\/><img decoding=\"async\" class=\"youtube-frame__play-img\" src=\"https:\/\/www.europesays.com\/pl\/wp-content\/uploads\/2025\/10\/1760695931_769_youtube-play.png\" alt=\"Uruchom wideo\" width=\"68\"\/><\/p>\n<p>Telewizory Micro RGB LED stosuj\u0105 pod\u015bwietlenie sk\u0142adaj\u0105ce si\u0119 z\u00a0trzech diod, kt\u00f3rych \u0142\u0105czny rozmiar jest mniejszy ni\u017c 100 mikrometr\u00f3w. To mniej ni\u017c \u015brednica ludzkiego w\u0142osa czy grubo\u015b\u0107 warstwy cienko rozprowadzonej farby. Dzi\u0119ki temu producenci osi\u0105gaj\u0105 du\u017c\u0105 precyzj\u0119 odwzorowania barw i\u00a0zyskuj\u0105 narz\u0119dzia do precyzyjnej regulacji.<\/p>\n<p style=\"text-align: center;\" class=\" wideImage\"><img loading=\"lazy\" decoding=\"async\" src=\"https:\/\/www.europesays.com\/pl\/wp-content\/uploads\/2025\/12\/1765973292_847_330x0x1.jpg\" alt=\"Telewizor Micro RGB LED Samsung\" class=\"lazy\" width=\"1920\" height=\"1190\" data-\/>Jak na razie Micro RGB LED od Samsunga ma 115 cali (fot. Samsung)<\/p>\n<p>Samsung zapowiedzia\u0142, \u017ce wi\u0119cej szczeg\u00f3\u0142\u00f3w\u00a0na temat cen i\u00a0dat premier mo\u017cna si\u0119 spodziewa\u0107 na targach CES. Nowe modele wejd\u0105 do rywalizacji z\u00a0innymi markami, takimi jak LG i\u00a0Hisense, kt\u00f3re r\u00f3wnie\u017c zapowiadaj\u0105 prezentacj\u0119 mniejszych modeli Micro RGB. W\u00a0przypadku LG wiemy, \u017ce w\u00a0Las Vegas zaprezentuj\u0105 oni swoje pierwsze modele w\u00a0przek\u0105tnych 100-, 86- i\u00a075 calach. Hisense, kt\u00f3ry dotychczas pokazywa\u0142 116-calowy model 116UX tak\u017ce poka\u017ce mniejsze rozmiary.<\/p>\n<p>\u0179r\u00f3d\u0142o: <a href=\"https:\/\/www.theverge.com\/news\/845760\/samsung-micro-rgb-led-ces-2026\" rel=\"nofollow noopener\" target=\"_blank\">The Verge<\/a><\/p>\n<p><img decoding=\"async\" src=\"https:\/\/std.wpcdn.pl\/images\/adv\/placeholder_wp.svg\" alt=\"\"\/><\/p>\n","protected":false},"excerpt":{"rendered":"Samsung rozszerza swoj\u0105 ofert\u0119 telewizor\u00f3w Micro RGB LED o\u00a0mniejsze modele. &#8222;Skurczenie&#8221; nowej technologii telewizor\u00f3w sprawi, \u017ce b\u0119d\u0105 bardziej&hellip;\n","protected":false},"author":2,"featured_media":155859,"comment_status":"","ping_status":"","sticky":false,"template":"","format":"standard","meta":{"footnotes":""},"categories":[20],"tags":[120,118,119,42,38,40,39,41,116,114,115,121,117],"class_list":{"0":"post-155858","1":"post","2":"type-post","3":"status-publish","4":"format-standard","5":"has-post-thumbnail","7":"category-nauka-i-technika","8":"tag-nauka","9":"tag-nauka-i-technika","10":"tag-naukatechnika","11":"tag-pl","12":"tag-poland","13":"tag-polish","14":"tag-polska","15":"tag-polski","16":"tag-science","17":"tag-science-and-technology","18":"tag-sciencetechnology","19":"tag-technika","20":"tag-technology"},"share_on_mastodon":{"url":"https:\/\/pubeurope.com\/@pl\/115734833494503123","error":""},"_links":{"self":[{"href":"https:\/\/www.europesays.com\/pl\/wp-json\/wp\/v2\/posts\/155858","targetHints":{"allow":["GET"]}}],"collection":[{"href":"https:\/\/www.europesays.com\/pl\/wp-json\/wp\/v2\/posts"}],"about":[{"href":"https:\/\/www.europesays.com\/pl\/wp-json\/wp\/v2\/types\/post"}],"author":[{"embeddable":true,"href":"https:\/\/www.europesays.com\/pl\/wp-json\/wp\/v2\/users\/2"}],"replies":[{"embeddable":true,"href":"https:\/\/www.europesays.com\/pl\/wp-json\/wp\/v2\/comments?post=155858"}],"version-history":[{"count":0,"href":"https:\/\/www.europesays.com\/pl\/wp-json\/wp\/v2\/posts\/155858\/revisions"}],"wp:featuredmedia":[{"embeddable":true,"href":"https:\/\/www.europesays.com\/pl\/wp-json\/wp\/v2\/media\/155859"}],"wp:attachment":[{"href":"https:\/\/www.europesays.com\/pl\/wp-json\/wp\/v2\/media?parent=155858"}],"wp:term":[{"taxonomy":"category","embeddable":true,"href":"https:\/\/www.europesays.com\/pl\/wp-json\/wp\/v2\/categories?post=155858"},{"taxonomy":"post_tag","embeddable":true,"href":"https:\/\/www.europesays.com\/pl\/wp-json\/wp\/v2\/tags?post=155858"}],"curies":[{"name":"wp","href":"https:\/\/api.w.org\/{rel}","templated":true}]}}