{"id":155864,"date":"2025-12-17T12:11:10","date_gmt":"2025-12-17T12:11:10","guid":{"rendered":"https:\/\/www.europesays.com\/pl\/155864\/"},"modified":"2025-12-17T12:11:10","modified_gmt":"2025-12-17T12:11:10","slug":"pgz-przyspiesza-z-produkcja-krabow-i-rozwija-kraba-2","status":"publish","type":"post","link":"https:\/\/www.europesays.com\/pl\/155864\/","title":{"rendered":"PGZ przy\u015bpiesza z produkcj\u0105 Krab\u00f3w i rozwija Kraba 2"},"content":{"rendered":"<p>   <a href=\"https:\/\/defence24.pl\/strona-autora\/jedrzej-graf\" target=\"_self\" class=\"article-author__wrap\" rel=\"nofollow noopener\"><img decoding=\"async\" src=\"https:\/\/www.europesays.com\/pl\/wp-content\/uploads\/2025\/12\/mRX2VVyu4OZ7XufF6N0KuV40H5z3Dvvh8QYbFDyi.jpg\" alt=\"\" author=\"Defence24.pl\" caption=\"\" fullscreen=\"https:\/\/www.europesays.com\/pl\/wp-content\/uploads\/2025\/12\/mRX2VVyu4OZ7XufF6N0KuV40H5z3Dvvh8QYbFDyi.jpg\" class=\"img article-author__avatar img-avatar\"\/><br \/>\n          J\u0119drzej Graf<br \/>\n        <\/a>  <\/p>\n<p>Polska Grupa Zbrojeniowa planuje znacznie zwi\u0119kszy\u0107 produkcj\u0119 system\u00f3w artleryjskich Krab.<\/p>\n<p>  <img decoding=\"async\" src=\"https:\/\/www.europesays.com\/pl\/wp-content\/uploads\/2025\/12\/CIm6sTV0WzpR1KLsdQFEBIi3Hw5Ezyj92SaZOguV.6hbp.jpg\" alt=\"Armatohaubica Krab nale\u017c\u0105ca do 5. Lubuskiego Pu\u0142ku Artylerii podczas za\u0142adunku na platform\u0119 kolejow\u0105.\"  width=\"800\" height=\"450\" author=\"Ira\/12SDZ\" fetchpriority=\"high\" class=\"img image-with-caption__image\"\/><br \/>\n        Armatohaubica Krab nale\u017c\u0105ca do 5. Lubuskiego Pu\u0142ku Artylerii podczas za\u0142adunku na platform\u0119 kolejow\u0105.<br \/>\n       <br \/>Autor. Ira\/12SDZ<\/p>\n<p class=\"paragraph-module\">Ju\u017c dzisiaj w halach produkcyjnych Huty Stalowej Woli, kt\u00f3ra wchodzi w sk\u0142ad Polskiej Grupy Zbrojeniowej, produkuje si\u0119 rocznie pomi\u0119dzy 50\u201360 armatohaubic Krab.<\/p>\n<p class=\"paragraph-module\">\u2013 Zbudowali\u015bmy zdolno\u015bci produkcyjne, kt\u00f3re pozwalaj\u0105 dzi\u015b wytwarza\u0107 ponad 50 Krab\u00f3w rocznie, a w razie potrzeby mog\u0105 zosta\u0107 dalej zwi\u0119kszone \u2013 podkre\u015bla Arkadiusz B\u0105k, wiceprezes Polskiej Grupy Zbrojeniowej.<\/p>\n<p class=\"paragraph-module\">Wzrost tempa produkcji jest efektem inwestycji w park maszynowy, infrastruktur\u0119 oraz reorganizacj\u0119 proces\u00f3w w Hucie Stalowa Wola. Krab pozostaje jednym z kluczowych system\u00f3w artyleryjskich Si\u0142 Zbrojnych RP oraz jednym z najbardziej rozpoznawalnych produkt\u00f3w polskiego przemys\u0142u obronnego.<\/p>\n<p>    Krab 2 na horyzoncie  <\/p>\n<p class=\"paragraph-module\">R\u00f3wnolegle prowadzone s\u0105 prace rozwojowe nad now\u0105 wersj\u0105 haubicy \u2013 Krab 2.<\/p>\n<p class=\"paragraph-module\">\u2013 Krab 2 to projekt, w kt\u00f3rym zak\u0142adamy daleko id\u0105c\u0105 automatyzacj\u0119, w tym zastosowanie automatu \u0142adowania, co prze\u0142o\u017cy si\u0119 na zwi\u0119kszenie szybkostrzelno\u015bci i odci\u0105\u017cenie za\u0142ogi \u2013 zaznacza Arkadiusz B\u0105k.<\/p>\n<p class=\"paragraph-module\">Nowa wersja systemu ma r\u00f3wnie\u017c otrzyma\u0107 now\u0105 luf\u0119 o wy\u017cszych parametrach ci\u015bnieniowych, co pozwoli na popraw\u0119 osi\u0105g\u00f3w balistycznych oraz zwi\u0119kszenie zasi\u0119gu i efektywno\u015bci ognia.<\/p>\n<p class=\"paragraph-module\">\u2013 Pracujemy nad rozwi\u0105zaniami, kt\u00f3re podnios\u0105 tempo ognia, skuteczno\u015b\u0107 i ergonomi\u0119 obs\u0142ugi, odpowiadaj\u0105c na do\u015bwiadczenia wsp\u00f3\u0142czesnego pola walki \u2013 dodaje wiceprezes PGZ.<\/p>\n<p class=\"paragraph-module\">Jak podkre\u015bla PGZ, Krab 2 bazuje na do\u015bwiadczeniach z eksploatacji obecnych haubic oraz wnioskach p\u0142yn\u0105cych z konflikt\u00f3w o wysokiej intensywno\u015bci.<\/p>\n<p class=\"paragraph-module\">AHS Krab to produkt HSW, kt\u00f3ry zosta\u0142 wyeksportowany na Ukrain\u0119, gdzie od 2022 roku bierze udzia\u0142 w intensywnych dzia\u0142aniach wojennych. Na Ukrain\u0119 trafi\u0142o ponad 70 egzemplarzy \u2013 cz\u0119\u015b\u0107 pochodzi\u0142a z zasob\u00f3w Si\u0142 Zbrojnych RP, cz\u0119\u015b\u0107 zosta\u0142a zam\u00f3wiona bezpo\u015brednio w HSW przez Ukrai\u0144c\u00f3w. W czerwcu 2022 roku PGZ otrzyma\u0142a kontrakt na dostawy 54 AHS na kwot\u0119 3 mld z\u0142otych.<\/p>\n<p class=\"paragraph-module\">\u0141\u0105cznie Wojsko Polskie ma otrzyma\u0107 do 2029 roku 212 AHS Krab w dw\u00f3ch wersjach.<\/p>\n<p class=\"paragraph-module\">AHS Krab\u00a0to polska g\u0105sienicowa armatohaubica opracowana w 2001 roku jako nast\u0119pca postsowieckich 2S1 Go\u017adzik. Uzbrojenie g\u0142\u00f3wne wozu stanowi armatohaubica kal. 155\u00a0mm L\/52 z zapasem amunicji wynosz\u0105cym 40 naboj\u00f3w wraz z \u0142adunkami miotaj\u0105cymi. Mo\u017ce ona razi\u0107 cele na dystansie ponad 40 km przy zachowaniu wysokiej celno\u015bci prowadzonego ognia dzi\u0119ki implementacji Zautomatyzowanego Zestawu Kierowania Ogniem Topaz. Do samoobrony s\u0142u\u017cy wielkokalibrowy karabin maszynowy WKM-B umieszczony na obrotnicy w stropie wie\u017cy. Wie\u017ca jest zmodernizowanym rozwi\u0105zaniem zaczerpni\u0119tym od brytyjskiego AS-90, kt\u00f3ry wygra\u0142 w post\u0119powaniu przetargowym dotycz\u0105cym wyboru systemu wie\u017cowego dla nowej polskiej armatohaubicy.<\/p>\n<p class=\"paragraph-module\">Wsp\u00f3\u0142praca Mariusz Marsza\u0142kowski<\/p>\n","protected":false},"excerpt":{"rendered":"J\u0119drzej Graf Polska Grupa Zbrojeniowa planuje znacznie zwi\u0119kszy\u0107 produkcj\u0119 system\u00f3w artleryjskich Krab. Armatohaubica Krab nale\u017c\u0105ca do 5. Lubuskiego&hellip;\n","protected":false},"author":2,"featured_media":155865,"comment_status":"","ping_status":"","sticky":false,"template":"","format":"standard","meta":{"footnotes":""},"categories":[12],"tags":[31077,10088,32,33,36,37,31076,27,28014,31078,34,35,28,31,25,5521,42,38,40,39,41,29,30,26],"class_list":{"0":"post-155864","1":"post","2":"type-post","3":"status-publish","4":"format-standard","5":"has-post-thumbnail","7":"category-polska","8":"tag-ahs-krab","9":"tag-artyleria","10":"tag-breaking-news","11":"tag-breakingnews","12":"tag-featured-news","13":"tag-featurednews","14":"tag-haubica","15":"tag-headlines","16":"tag-hsw","17":"tag-krab-2","18":"tag-latest-news","19":"tag-latestnews","20":"tag-naglowki","21":"tag-najwazniejsze-artykuly","22":"tag-news","23":"tag-pgz","24":"tag-pl","25":"tag-poland","26":"tag-polish","27":"tag-polska","28":"tag-polski","29":"tag-top-stories","30":"tag-topstories","31":"tag-wiadomosci"},"share_on_mastodon":{"url":"https:\/\/pubeurope.com\/@pl\/115734845286154987","error":""},"_links":{"self":[{"href":"https:\/\/www.europesays.com\/pl\/wp-json\/wp\/v2\/posts\/155864","targetHints":{"allow":["GET"]}}],"collection":[{"href":"https:\/\/www.europesays.com\/pl\/wp-json\/wp\/v2\/posts"}],"about":[{"href":"https:\/\/www.europesays.com\/pl\/wp-json\/wp\/v2\/types\/post"}],"author":[{"embeddable":true,"href":"https:\/\/www.europesays.com\/pl\/wp-json\/wp\/v2\/users\/2"}],"replies":[{"embeddable":true,"href":"https:\/\/www.europesays.com\/pl\/wp-json\/wp\/v2\/comments?post=155864"}],"version-history":[{"count":0,"href":"https:\/\/www.europesays.com\/pl\/wp-json\/wp\/v2\/posts\/155864\/revisions"}],"wp:featuredmedia":[{"embeddable":true,"href":"https:\/\/www.europesays.com\/pl\/wp-json\/wp\/v2\/media\/155865"}],"wp:attachment":[{"href":"https:\/\/www.europesays.com\/pl\/wp-json\/wp\/v2\/media?parent=155864"}],"wp:term":[{"taxonomy":"category","embeddable":true,"href":"https:\/\/www.europesays.com\/pl\/wp-json\/wp\/v2\/categories?post=155864"},{"taxonomy":"post_tag","embeddable":true,"href":"https:\/\/www.europesays.com\/pl\/wp-json\/wp\/v2\/tags?post=155864"}],"curies":[{"name":"wp","href":"https:\/\/api.w.org\/{rel}","templated":true}]}}