{"id":155904,"date":"2025-12-17T12:32:15","date_gmt":"2025-12-17T12:32:15","guid":{"rendered":"https:\/\/www.europesays.com\/pl\/155904\/"},"modified":"2025-12-17T12:32:15","modified_gmt":"2025-12-17T12:32:15","slug":"temperatura-doslownie-oszaleje-grudniowa-wiosna-wtargnie-dzis-do-polski","status":"publish","type":"post","link":"https:\/\/www.europesays.com\/pl\/155904\/","title":{"rendered":"Temperatura dos\u0142ownie oszaleje. Grudniowa wiosna wtargnie dzi\u015b do Polski"},"content":{"rendered":"<p class=\"Paragraph_desktopParagraph__U31Gm\">Poranek, opr\u00f3cz obszar\u00f3w podg\u00f3rskich, wsz\u0119dzie przynosi przymrozki. Jednocze\u015bnie nie brakuje rozpogodze\u0144. Chmury z mg\u0142ami b\u0105d\u017a zamgleniami utrzymuj\u0105 si\u0119 przede wszystkim nad wojew\u00f3dztwami zachodnimi oraz p\u00f3\u0142nocnymi.<\/p>\n<p>Nadzwyczajne ciep\u0142o nagle wr\u00f3ci do Polski. B\u0119dzie ponad 10 st. C, ale s\u0142oneczna pogoda nie dla ka\u017cdego <\/p>\n<p class=\"Paragraph_desktopParagraph__U31Gm\">W kolejnych godzinach o <a href=\"https:\/\/wiadomosci.onet.pl\/slonce\" id=\"4e55bd62-29cd-4697-8ece-974b96843007\" rel=\"nofollow noopener\" target=\"_blank\">s\u0142o\u0144ce<\/a> najtrudniej b\u0119dzie na p\u00f3\u0142nocy Polski. Miejscami przez ca\u0142y dzie\u0144 utrzymaj\u0105 si\u0119 tam niskie chmury z zamgleniami. Pada\u0107 mimo to nie powinno. W innych regionach dzie\u0144 zapowiada si\u0119 du\u017co przyjemniej i pr\u0119dzej czy p\u00f3\u017aniej na pewno si\u0119 wypogodzi. Szczeg\u00f3lnie du\u017co pogodnego nieba pojawi si\u0119 na po\u0142udniu oraz po\u0142udniowym zachodzie.<\/p>\n<p><img decoding=\"async\" class=\"Image_image__0tuHp Image_autoHeight__f2n87 \" height=\"1142\" width=\"940\" src=\"https:\/\/www.europesays.com\/pl\/wp-content\/uploads\/2025\/12\/O7rk9kpTURBXy8wMmUyMTM2MDM5ZmRmM2JiMGY1NjU3MDI4Zjk5YmY0Ny5wbmeRlQLNA6wAwsPeAAOhMAGhMQGhM8M.jpeg\" alt=\"Czeka nas wyj\u0105tkowo ciep\u0142y dzie\u0144, ale zw\u0142aszcza na p\u00f3\u0142nocy niebo zdominuj\u0105 chmury\" loading=\"lazy\" \/>Arkadiusz P\u0142achta \/ Onet<\/p>\n<p>Czeka nas wyj\u0105tkowo ciep\u0142y dzie\u0144, ale zw\u0142aszcza na p\u00f3\u0142nocy niebo zdominuj\u0105 chmury<\/p>\n<p class=\"Paragraph_desktopParagraph__U31Gm\">Dzi\u015b temperatura bardzo mocno p\u00f3jdzie w g\u00f3r\u0119, przede wszystkim na Podkarpaciu i Podhalu, gdzie odnotujemy a\u017c 10-11 st. C. W g\u0142\u0119bi kraju przewidujemy 5-8 st. C, a miejscami na p\u00f3\u0142nocy, w strefie ca\u0142kowitego zachmurzenia, 2-4 st. C.<\/p>\n<p class=\"VideoPlayerText_videoPlayerText__iDwyz\">Dalszy ci\u0105g materia\u0142u pod wideo<\/p>\n<p class=\"Paragraph_desktopParagraph__U31Gm\">Wiatr po\u0142udniowy i po\u0142udniowo-zachodni, s\u0142aby b\u0105d\u017a umiarkowany, w rejonach podg\u00f3rskich silniejszy, w porywach do 65 km na godz. Po zimnym poranku, w dzie\u0144 odczucie ch\u0142odu i niekorzystny biomet pozostan\u0105 nad p\u00f3\u0142nocn\u0105 Polsk\u0105. Poza tym zrobi si\u0119 nam komfortowo, a nawet ciep\u0142o, z kolei <a href=\"https:\/\/wiadomosci.onet.pl\/pogoda\" id=\"28ed295b-af18-4c6d-a512-8ad25ab79503\" rel=\"nofollow noopener\" target=\"_blank\">pogoda<\/a> du\u017co lepiej wp\u0142ynie na nasze samopoczucie.<\/p>\n<p>Noc w du\u017cej cz\u0119\u015bci Polski z pochmurn\u0105 pogod\u0105. Pojawi\u0105 si\u0119 te\u017c przymrozki <\/p>\n<p class=\"Paragraph_desktopParagraph__U31Gm\">W nocy najpogodniej b\u0119dzie ca\u0142y czas na po\u0142udniu. Im dalej na p\u00f3\u0142noc, tym zalega\u0107 ma wi\u0119cej niskich chmur. Gdzieniegdzie mog\u0105 im te\u017c towarzyszy\u0107 opady s\u0142abej m\u017cawki oraz <a href=\"https:\/\/wiadomosci.onet.pl\/mgla\" id=\"b43d3ede-125b-47f9-8d96-126f660893c3\" rel=\"nofollow noopener\" target=\"_blank\">mg\u0142y<\/a>, okresami marzn\u0105ce. Drogi i chodniki stan\u0105 si\u0119 \u015bliskie.<\/p>\n<p><img decoding=\"async\" class=\"Image_image__0tuHp Image_autoHeight__f2n87 \" height=\"1142\" width=\"940\" src=\"https:\/\/www.europesays.com\/pl\/wp-content\/uploads\/2025\/12\/byxk9kpTURBXy81MTM4MDliYzE2ZmZmMzBjYmEwMGJmNTMwYTgzNGVhMy5wbmeRlQLNA6wAwsPeAAOhMAGhMQGhM8M.jpeg\" alt=\"W nocy lokalnie pojawi\u0105 si\u0119 przymrozki, nie tylko przygruntowe\" loading=\"lazy\" \/>Arkadiusz P\u0142achta \/ Onet<\/p>\n<p>W nocy lokalnie pojawi\u0105 si\u0119 przymrozki, nie tylko przygruntowe<\/p>\n<p class=\"Paragraph_desktopParagraph__U31Gm\">Temperatura minimalna na przewa\u017caj\u0105cym obszarze kraju wyniesie od -2 do 2 st. C. Cieplej b\u0119dzie na p\u00f3\u0142nocnym zachodzie oraz nad samym morzem, 3-4 st. C. Wiatr powieje s\u0142abo b\u0105d\u017a umiarkowanie, z kierunk\u00f3w zachodnich i po\u0142udniowych.<\/p>\n","protected":false},"excerpt":{"rendered":"Poranek, opr\u00f3cz obszar\u00f3w podg\u00f3rskich, wsz\u0119dzie przynosi przymrozki. Jednocze\u015bnie nie brakuje rozpogodze\u0144. Chmury z mg\u0142ami b\u0105d\u017a zamgleniami utrzymuj\u0105 si\u0119&hellip;\n","protected":false},"author":2,"featured_media":155905,"comment_status":"","ping_status":"","sticky":false,"template":"","format":"standard","meta":{"footnotes":""},"categories":[12],"tags":[32,33,36,37,27,67,34,35,10372,28,31,53,25,5538,52,68,51,55,42,78,38,40,39,41,47,12356,29,30,65,50,26],"class_list":{"0":"post-155904","1":"post","2":"type-post","3":"status-publish","4":"format-standard","5":"has-post-thumbnail","7":"category-polska","8":"tag-breaking-news","9":"tag-breakingnews","10":"tag-featured-news","11":"tag-featurednews","12":"tag-headlines","13":"tag-intextvideo_splayer","14":"tag-latest-news","15":"tag-latestnews","16":"tag-mgla","17":"tag-naglowki","18":"tag-najwazniejsze-artykuly","19":"tag-new_header","20":"tag-news","21":"tag-ocieplenie","22":"tag-onet3","23":"tag-onet3d","24":"tag-onet3d_2i","25":"tag-phx","26":"tag-pl","27":"tag-pogoda","28":"tag-poland","29":"tag-polish","30":"tag-polska","31":"tag-polski","32":"tag-screening_general","33":"tag-slonce_gwiazda","34":"tag-top-stories","35":"tag-topstories","36":"tag-update_me","37":"tag-v2021","38":"tag-wiadomosci"},"share_on_mastodon":{"url":"https:\/\/pubeurope.com\/@pl\/115734927464455096","error":""},"_links":{"self":[{"href":"https:\/\/www.europesays.com\/pl\/wp-json\/wp\/v2\/posts\/155904","targetHints":{"allow":["GET"]}}],"collection":[{"href":"https:\/\/www.europesays.com\/pl\/wp-json\/wp\/v2\/posts"}],"about":[{"href":"https:\/\/www.europesays.com\/pl\/wp-json\/wp\/v2\/types\/post"}],"author":[{"embeddable":true,"href":"https:\/\/www.europesays.com\/pl\/wp-json\/wp\/v2\/users\/2"}],"replies":[{"embeddable":true,"href":"https:\/\/www.europesays.com\/pl\/wp-json\/wp\/v2\/comments?post=155904"}],"version-history":[{"count":0,"href":"https:\/\/www.europesays.com\/pl\/wp-json\/wp\/v2\/posts\/155904\/revisions"}],"wp:featuredmedia":[{"embeddable":true,"href":"https:\/\/www.europesays.com\/pl\/wp-json\/wp\/v2\/media\/155905"}],"wp:attachment":[{"href":"https:\/\/www.europesays.com\/pl\/wp-json\/wp\/v2\/media?parent=155904"}],"wp:term":[{"taxonomy":"category","embeddable":true,"href":"https:\/\/www.europesays.com\/pl\/wp-json\/wp\/v2\/categories?post=155904"},{"taxonomy":"post_tag","embeddable":true,"href":"https:\/\/www.europesays.com\/pl\/wp-json\/wp\/v2\/tags?post=155904"}],"curies":[{"name":"wp","href":"https:\/\/api.w.org\/{rel}","templated":true}]}}