{"id":155906,"date":"2025-12-17T12:33:09","date_gmt":"2025-12-17T12:33:09","guid":{"rendered":"https:\/\/www.europesays.com\/pl\/155906\/"},"modified":"2025-12-17T12:33:09","modified_gmt":"2025-12-17T12:33:09","slug":"jan-urban-pominal-wojciecha-szczesnego-lewandowski-nie-zawiodl-przeglad-sportowy-onet","status":"publish","type":"post","link":"https:\/\/www.europesays.com\/pl\/155906\/","title":{"rendered":"Jan Urban pomin\u0105\u0142 Wojciecha Szcz\u0119snego. Lewandowski nie zawi\u00f3d\u0142 &#8211; Przegl\u0105d Sportowy Onet"},"content":{"rendered":"<ol>\n<li><a href=\"https:\/\/news.google.com\/rss\/articles\/CBMirwFBVV95cUxQUTU3YkFRRkQzVEVJUHlpMlFDOVp5T1ZQcXFzcEhkSUdYZW1KTUVBbG5ERDBXdFNfa0Q4SVZUMnhiTkVNREUwZDlwSHB6d1pkeGlSaUp3TTJmNlV5YXZibF9jWGdTS3FXdWM1bk9aSmJ3WXhQRmM0Y2x2RkQwU1RNM294R01WVmZwcnIzWEpJbUVyQ3NpOE5kSDJybXBzWTU0bGhqQUNqeG50dDlaVDZF?oc=5\" target=\"_blank\" rel=\"nofollow noopener\">Jan Urban pomin\u0105\u0142 Wojciecha Szcz\u0119snego. Lewandowski nie zawi\u00f3d\u0142<\/a>&nbsp;&nbsp;Przegl\u0105d Sportowy Onet<\/li>\n<li><a href=\"https:\/\/news.google.com\/rss\/articles\/CBMiowFBVV95cUxPWG52OVhwaTRfSENmaGxfbnRHNi1yY3NzMGVWWm8yREUyc3lIbm1ZMm8xVnhIczRQalhoNEEzUmFrR1lwNVRCU05UU1Q4QXJ0Vm94Q1hqUzFhR25MX3Vjc09STDNCaERGdzJBTGdGeGpmYkV0dEFHYkhKUEd2bVZ1NmF3WWEyd3dKbU8tcW5FNmxxa0gtMXBPSnlWbWVGck1vMXdn?oc=5\" target=\"_blank\" rel=\"nofollow noopener\">\u015awiat jest w szoku. Chodzi o Raphinh\u0119. &#8222;Ha\u0144bi\u0105ca sprawa&#8221;<\/a>&nbsp;&nbsp;Sport.pl<\/li>\n<li><a href=\"https:\/\/news.google.com\/rss\/articles\/CBMipgFBVV95cUxNSk4xQ3h5XzFGQU1OOWpQZzl3WUpkTmVsczNxTFRyVl9zajZzeC1YNTJSVUthYU41TTBfU0EteVJoZm9rcWRPaWJMMl9pbkZ0S1VZOVc1SDNMMU4zZGM3Y19pZ3ItRDRGdGpIeEtIZnFmR0pxdUpJSmxHMnUxdEh0Ul9Yb0RLXzMzYURpR2h1T0JQWEk0MFo2T3h6eDBuZk52MTVPR0tR?oc=5\" target=\"_blank\" rel=\"nofollow noopener\">Kolejne rozczarowanie. To musia\u0142o zabole\u0107 Lewandowskiego<\/a>&nbsp;&nbsp;SportoweFakty<\/li>\n<li><a href=\"https:\/\/news.google.com\/rss\/articles\/CBMivwFBVV95cUxOY0VRY09LVW53MzZMNWdod3hDOEZqQU9DUklSZ2N1ZmZzemlNQktUM0VNWm9ydkR3WndPV0FCOFhLNEdWQjNYbDF0VHpxSTQ2Sm44TW40WGJ0RHdZaE5qUURjV2NxTjJ1Rlp1NUpQUXg3MVp1NF9KbnZKM3FSVFpIazI2ekhfMGlNZVNpMk1jMHpDX090eURtUXNZd0xQV25sbmFSbjNCZFJqZDk2dEJialFlQ1B3a1BXXzhEZEVVUQ?oc=5\" target=\"_blank\" rel=\"nofollow noopener\">Skandal. Najpierw pogardzili Lewandowskim, a p\u00f3\u017aniej taki cios. W Madrycie si\u0119 ciesz\u0105<\/a>&nbsp;&nbsp;Sport w INTERIA.PL<\/li>\n<li><a href=\"https:\/\/news.google.com\/rss\/articles\/CBMi1AFBVV95cUxOV1I2M2JXcEtqalVmQlplTF80ZHVOQTM4aUJoNmZzX0J5Y1pfaDI3SjN2Tk1LeHRXMllEX3hiVVROZkJpdWkwNmhvWXF0NGUwMFJVb2tNNEhtbVBOa2NlMGJCOGpaTFEyVlVaakUxRkR4QkVnQ1Z0ekFhQzRWRnpBNXNySEg1YVBCYUN4MDlMOG5iQ3BQa2ZnY0RMZm9WZEpUd3ZzQnBERS1vRVNMcnB3RENmbUlTSVlpT3R3QXZRbTNRYU9Od3RmNGE2SG9yM181RnZGcw?oc=5\" target=\"_blank\" rel=\"nofollow noopener\">Bez zaskocze\u0144 w plebiscycie FIFA. Dembele i Bonmati poza konkurencj\u0105<\/a>&nbsp;&nbsp;Eurosport Polska<\/li>\n<\/ol>\n","protected":false},"excerpt":{"rendered":"Jan Urban pomin\u0105\u0142 Wojciecha Szcz\u0119snego. Lewandowski nie zawi\u00f3d\u0142&nbsp;&nbsp;Przegl\u0105d Sportowy Onet \u015awiat jest w szoku. Chodzi o Raphinh\u0119. &#8222;Ha\u0144bi\u0105ca&hellip;\n","protected":false},"author":2,"featured_media":155907,"comment_status":"","ping_status":"","sticky":false,"template":"","format":"standard","meta":{"footnotes":""},"categories":[5],"tags":[32,33,36,37,31086,27,67,5169,34,35,28,31,25,129,948,42,38,40,39,41,136,28861,128,300,47,135,29,30,26,130],"class_list":{"0":"post-155906","1":"post","2":"type-post","3":"status-publish","4":"format-standard","5":"has-post-thumbnail","7":"category-naglowki","8":"tag-breaking-news","9":"tag-breakingnews","10":"tag-featured-news","11":"tag-featurednews","12":"tag-fifa_the_best","13":"tag-headlines","14":"tag-intextvideo_splayer","15":"tag-jan_urban","16":"tag-latest-news","17":"tag-latestnews","18":"tag-naglowki","19":"tag-najwazniejsze-artykuly","20":"tag-news","21":"tag-ofsajd","22":"tag-pilka_nozna","23":"tag-pl","24":"tag-poland","25":"tag-polish","26":"tag-polska","27":"tag-polski","28":"tag-ps_detal_new","29":"tag-ps_omp_tst0","30":"tag-psv2","31":"tag-robert_lewandowski","32":"tag-screening_general","33":"tag-sport_sport","34":"tag-top-stories","35":"tag-topstories","36":"tag-wiadomosci","37":"tag-wiadomosci_sportowe"},"share_on_mastodon":{"url":"https:\/\/pubeurope.com\/@pl\/115734931476929704","error":""},"_links":{"self":[{"href":"https:\/\/www.europesays.com\/pl\/wp-json\/wp\/v2\/posts\/155906","targetHints":{"allow":["GET"]}}],"collection":[{"href":"https:\/\/www.europesays.com\/pl\/wp-json\/wp\/v2\/posts"}],"about":[{"href":"https:\/\/www.europesays.com\/pl\/wp-json\/wp\/v2\/types\/post"}],"author":[{"embeddable":true,"href":"https:\/\/www.europesays.com\/pl\/wp-json\/wp\/v2\/users\/2"}],"replies":[{"embeddable":true,"href":"https:\/\/www.europesays.com\/pl\/wp-json\/wp\/v2\/comments?post=155906"}],"version-history":[{"count":0,"href":"https:\/\/www.europesays.com\/pl\/wp-json\/wp\/v2\/posts\/155906\/revisions"}],"wp:featuredmedia":[{"embeddable":true,"href":"https:\/\/www.europesays.com\/pl\/wp-json\/wp\/v2\/media\/155907"}],"wp:attachment":[{"href":"https:\/\/www.europesays.com\/pl\/wp-json\/wp\/v2\/media?parent=155906"}],"wp:term":[{"taxonomy":"category","embeddable":true,"href":"https:\/\/www.europesays.com\/pl\/wp-json\/wp\/v2\/categories?post=155906"},{"taxonomy":"post_tag","embeddable":true,"href":"https:\/\/www.europesays.com\/pl\/wp-json\/wp\/v2\/tags?post=155906"}],"curies":[{"name":"wp","href":"https:\/\/api.w.org\/{rel}","templated":true}]}}