{"id":155917,"date":"2025-12-17T12:40:19","date_gmt":"2025-12-17T12:40:19","guid":{"rendered":"https:\/\/www.europesays.com\/pl\/155917\/"},"modified":"2025-12-17T12:40:19","modified_gmt":"2025-12-17T12:40:19","slug":"mocne-rozpoczecie-kropki-nad-i-monika-olejnik-nie-gryzla-sie-w-jezyk","status":"publish","type":"post","link":"https:\/\/www.europesays.com\/pl\/155917\/","title":{"rendered":"Mocne rozpocz\u0119cie &#8222;Kropki nad i&#8221;. Monika Olejnik nie gryz\u0142a si\u0119 w j\u0119zyk"},"content":{"rendered":"<p class=\"ods-c-paragraph \">Wtorkowe wydanie &#8222;Kropki nad i&#8221; wystartowa\u0142o z niewielkim op\u00f3\u017anieniem. Powodem by\u0142a przed\u0142u\u017caj\u0105ca si\u0119 rozmowa Piotra Kra\u015bki z szefem Kancelarii Prezydenta, Zbigniewem Boguckim w &#8222;Faktach po Faktach&#8221;. Jednym z g\u0142\u00f3wnych temat\u00f3w rozmowy by\u0142y napi\u0119te relacje mi\u0119dzy Karolem Nawrockim a Donaldem Tuskiem. Zdaniem premiera prezydent nie odbiera od niego telefon\u00f3w.<\/p>\n<p class=\"ods-c-paragraph \">Bogucki, pytany o t\u0119 kwesti\u0119 na antenie TVN24, przyzna\u0142, \u017ce &#8222;nie mam takiej wiedzy&#8221;. Podkre\u015bli\u0142 jednocze\u015bnie, \u017ce spotkania premiera z prezydentem odbywa\u0142y si\u0119 bez zb\u0119dnej zw\u0142oki. \u2014 Mamy sytuacj\u0119, w kt\u00f3rej je\u015bli pan premier chcia\u0142 si\u0119 spotka\u0107 z panem prezydentem, to spotyka\u0142 si\u0119 z nim nast\u0119pnego dnia \u2014 doda\u0142.<\/p>\n<p>Dalszy ci\u0105g artyku\u0142u pod materia\u0142em wideo<\/p>\n<p> Kto by\u0142 go\u015bciem Moniki Olejnik w programie 'Kropka nad i&#8217;? <\/p>\n<p> Dlaczego 'Kropka nad i&#8217; zacz\u0119\u0142a si\u0119 z op\u00f3\u017anieniem? <\/p>\n<p> Co powiedzia\u0142 Zbigniew Bogucki o relacjach Nawrockiego z Tuskiem? <\/p>\n<p> Jak Monika Olejnik skomentowa\u0142a zachowanie Karola Nawrockiego? <\/p>\n<p>  Monika Olejnik nie wytrzyma\u0142a. Tak skomentowa\u0142a zachowanie Karola Nawrockiego<\/p>\n<p class=\"ods-c-paragraph \">Do w\u0105tku poruszanego w &#8222;Faktach po Faktach&#8221; nawi\u0105za\u0142a <a href=\"https:\/\/plejada.pl\/temat\/monika-olejnik\/kf05r1g\" id=\"cc920dcb-32fe-43be-8bc2-401ad36aaeda\" rel=\"nofollow noopener\" target=\"_blank\">Monika Olejnik<\/a>, otwieraj\u0105c &#8222;Kropk\u0119 nad i&#8221;. Dziennikarka kr\u00f3tko skomentowa\u0142a spraw\u0119 jeszcze przed rozpocz\u0119ciem rozmowy ze swoim go\u015bciem, kt\u00f3rym we wtorek by\u0142 liderem Partii Razem, Adrianem Zandbergiem.<\/p>\n<blockquote class=\"ods-o-quota\">\n<p class=\"ods-o-quota__paragraph\">Niestety, nie dowiedzieli\u015bmy si\u0119 od ministra Boguckiego, dlaczego prezydent nie odbiera telefon\u00f3w od premiera Tuska<\/p>\n<\/blockquote>\n<p class=\"ods-c-paragraph \">\u2014 powiedzia\u0142a.<\/p>\n<blockquote class=\"ods-o-quota\">\n<p class=\"ods-o-quota__paragraph\">Mo\u017ce sygna\u0142 jest za cicho<\/p>\n<\/blockquote>\n<p class=\"ods-c-paragraph \">\u2014 rzuci\u0142a na antenie, daj\u0105c wyra\u017anie do zrozumienia, co my\u015bli o rzekomych problemach z kontaktem mi\u0119dzy premierem a prezydentem.<\/p>\n<p><img decoding=\"async\" src=\"https:\/\/www.europesays.com\/pl\/wp-content\/uploads\/2025\/12\/VFCk9lBaHR0cHM6Ly9vY2RuLmV1L3B1bHNjbXMvTURBXy80Y2U5YzE4NTY5YmM5ZjMyZGUyOWY1MDdjN2RjYjEzYS5wbmeRlQLNB.jpeg\" height=\"530\" width=\"940\" alt=\"Adrian Zandberg, Monika Olejnik\" loading=\"lazy\" class=\"ods-c-image__img ods-c-image__img--viewport-width\"\/><\/p>\n<p>Adrian Zandberg, Monika Olejnikscreen &#8222;Kropka nad i&#8221; \/ TVN24<\/p>\n<p class=\"ods-c-paragraph \">Dzi\u0119kujemy, \u017ce przeczyta\u0142a\u015b\/e\u015b nasz artyku\u0142 do ko\u0144ca. W serwisie Plejada.pl ka\u017cdego dnia piszemy o najwa\u017cniejszych wydarzeniach show-biznesowych. B\u0105d\u017a na bie\u017c\u0105co! <a rel=\"nofollow noopener\" href=\"https:\/\/profile.google.com\/cp\/Cg0vZy8xMWJ6X19wdHBx\" id=\"f4b805e3-9f16-45ea-b107-d9a37c213bee\" target=\"_blank\">Obserwuj<\/a> Plejad\u0119 w Wiadomo\u015bciach Google. Odwied\u017a nas tak\u017ce na <a rel=\"nofollow noopener\" href=\"https:\/\/www.facebook.com\/plejadapl\" id=\"aa835822-0e91-479a-a0ab-f67f0d8830c9\" target=\"_blank\">Facebooku<\/a>, <a rel=\"nofollow noopener\" href=\"https:\/\/www.instagram.com\/plejadapl\/\" id=\"6c2576f5-158d-4efa-83ad-00606bc3d4ab\" target=\"_blank\">Instagramie<\/a>, <a rel=\"nofollow noopener\" href=\"https:\/\/www.youtube.com\/c\/plejada\" id=\"efa65da9-3310-40dc-b244-0aae6580e743\" target=\"_blank\">YouTube<\/a> oraz <a rel=\"nofollow noopener\" href=\"https:\/\/www.tiktok.com\/@plejada_pl\" id=\"b5f76a3c-2229-4a28-9d46-09669386dac8\" target=\"_blank\">TikToku<\/a>.<\/p>\n<p class=\"ods-c-paragraph \">Chcesz podzieli\u0107 si\u0119 ciekawym newsem lub zaproponowa\u0107 temat? Skontaktuj si\u0119 z nami, pisz\u0105c e-maila na adres: <a rel=\"nofollow noopener\" href=\"https:\/\/plejada.pl\/newsy\/mocne-rozpoczecie-kropki-nad-i-monika-olejnik-nie-gryzla-sie-w-jezyk\/mailto:plejada@redakcjaonet.pl\" id=\"e33a202a-3cd4-4071-9ddc-6bfde7afc5bd\" target=\"_blank\">plejada@redakcjaonet.pl<\/a>.<\/p>\n<p><script async src=\"\/\/www.instagram.com\/embed.js\"><\/script><script async src=\"\/\/www.tiktok.com\/embed.js\"><\/script><\/p>\n","protected":false},"excerpt":{"rendered":"Wtorkowe wydanie &#8222;Kropki nad i&#8221; wystartowa\u0142o z niewielkim op\u00f3\u017anieniem. Powodem by\u0142a przed\u0142u\u017caj\u0105ca si\u0119 rozmowa Piotra Kra\u015bki z szefem&hellip;\n","protected":false},"author":2,"featured_media":155918,"comment_status":"","ping_status":"","sticky":false,"template":"","format":"standard","meta":{"footnotes":""},"categories":[5],"tags":[32,33,212,36,37,27,43,34,35,13707,28,31,48,25,125,46,42,38,40,39,41,25865,47,29,30,26],"class_list":{"0":"post-155917","1":"post","2":"type-post","3":"status-publish","4":"format-standard","5":"has-post-thumbnail","7":"category-naglowki","8":"tag-breaking-news","9":"tag-breakingnews","10":"tag-donald_tusk","11":"tag-featured-news","12":"tag-featurednews","13":"tag-headlines","14":"tag-karol_nawrocki","15":"tag-latest-news","16":"tag-latestnews","17":"tag-monika_olejnik","18":"tag-naglowki","19":"tag-najwazniejsze-artykuly","20":"tag-nat_styl","21":"tag-news","22":"tag-newsy","23":"tag-omp","24":"tag-pl","25":"tag-poland","26":"tag-polish","27":"tag-polska","28":"tag-polski","29":"tag-rebrand_ai_tst0","30":"tag-screening_general","31":"tag-top-stories","32":"tag-topstories","33":"tag-wiadomosci"},"share_on_mastodon":{"url":"https:\/\/pubeurope.com\/@pl\/115734959133427185","error":""},"_links":{"self":[{"href":"https:\/\/www.europesays.com\/pl\/wp-json\/wp\/v2\/posts\/155917","targetHints":{"allow":["GET"]}}],"collection":[{"href":"https:\/\/www.europesays.com\/pl\/wp-json\/wp\/v2\/posts"}],"about":[{"href":"https:\/\/www.europesays.com\/pl\/wp-json\/wp\/v2\/types\/post"}],"author":[{"embeddable":true,"href":"https:\/\/www.europesays.com\/pl\/wp-json\/wp\/v2\/users\/2"}],"replies":[{"embeddable":true,"href":"https:\/\/www.europesays.com\/pl\/wp-json\/wp\/v2\/comments?post=155917"}],"version-history":[{"count":0,"href":"https:\/\/www.europesays.com\/pl\/wp-json\/wp\/v2\/posts\/155917\/revisions"}],"wp:featuredmedia":[{"embeddable":true,"href":"https:\/\/www.europesays.com\/pl\/wp-json\/wp\/v2\/media\/155918"}],"wp:attachment":[{"href":"https:\/\/www.europesays.com\/pl\/wp-json\/wp\/v2\/media?parent=155917"}],"wp:term":[{"taxonomy":"category","embeddable":true,"href":"https:\/\/www.europesays.com\/pl\/wp-json\/wp\/v2\/categories?post=155917"},{"taxonomy":"post_tag","embeddable":true,"href":"https:\/\/www.europesays.com\/pl\/wp-json\/wp\/v2\/tags?post=155917"}],"curies":[{"name":"wp","href":"https:\/\/api.w.org\/{rel}","templated":true}]}}