{"id":155927,"date":"2025-12-17T12:46:09","date_gmt":"2025-12-17T12:46:09","guid":{"rendered":"https:\/\/www.europesays.com\/pl\/155927\/"},"modified":"2025-12-17T12:46:09","modified_gmt":"2025-12-17T12:46:09","slug":"partia-brauna-wyprzedzila-konfederacje-zwiezly-komentarz-radoslawa-sikorskiego","status":"publish","type":"post","link":"https:\/\/www.europesays.com\/pl\/155927\/","title":{"rendered":"Partia Brauna wyprzedzi\u0142a Konfederacj\u0119. Zwi\u0119z\u0142y komentarz Rados\u0142awa Sikorskiego"},"content":{"rendered":"<p class=\"ods-c-paragraph \"><a href=\"https:\/\/wiadomosci.onet.pl\/kraj\/nowy-sondaz-sensacyjny-wynik-partii-grzegorza-brauna\/l74ewg8\" id=\"df8ffd43-826f-4018-abe1-3d9fdff46a38\" rel=\"nofollow noopener\" target=\"_blank\">Z najnowszego badania Og\u00f3lnopolskiej Grupy Badawczej wynika, \u017ce gdyby teraz odbywa\u0142y si\u0119 wybory parlamentarne, na najwi\u0119ksz\u0105 liczb\u0119 g\u0142os\u00f3w mog\u0142aby liczy\u0107 Koalicja Obywatelska<\/a> \u2014 na ugrupowanie Donalda Tuska chce g\u0142osowa\u0107 35,29 proc. ankietowanych. Na drugim miejscu w sonda\u017cu znalaz\u0142o si\u0119 Prawo i Sprawiedliwo\u015b\u0107 z 31,21 proc.<\/p>\n<p>Dalszy ci\u0105g artyku\u0142u pod materia\u0142em wideo<\/p>\n<p> Co wynik\u0142o z najnowszego badania Og\u00f3lnopolskiej Grupy Badawczej? <\/p>\n<p> Jakie komentarze na temat sonda\u017cu zamie\u015bci\u0142 Rados\u0142aw Sikorski? <\/p>\n<p> Ile mandat\u00f3w mog\u0142aby zdoby\u0107 Koalicja Obywatelska? <\/p>\n<p> Jakie ugrupowania nie wesz\u0142yby do Sejmu wed\u0142ug badania? <\/p>\n<p class=\"ods-c-paragraph \">Sensacyjna zmiana zasz\u0142a na trzecim miejscu \u2014 tam znalaz\u0142a si\u0119 Konfederacja Korony Polskiej Grzegorza Brauna z 11,18 proc. Wyprzedzi\u0142a Konfederacj\u0119, kt\u00f3r\u0105 wskaza\u0142o 10,67 proc. ankietowanych. Do Sejmu nie wesz\u0142yby natomiast: Nowa Lewica (4,95 proc.), Razem (3,33 proc.), Polskie Stronnictwo Ludowe (1,71 proc.), a tak\u017ce Polska 2050 (1,66 proc.).<\/p>\n<p>   Partia Grzegorza Brauna na trzecim miejscu. Rados\u0142aw Sikorski komentuje sensacyjny sonda\u017c<\/p>\n<p class=\"ods-c-paragraph \">Do sonda\u017cu odni\u00f3s\u0142 si\u0119 minister spraw zagranicznych Rados\u0142aw Sikorski. Na portalu X udost\u0119pni\u0142 wyniki badania i napisa\u0142 jedno zdanie. &#8222;Hodowali, hodowali, a\u017c wyhodowali&#8221; \u2014 czytamy. Jego s\u0142owa mo\u017cna interpretowa\u0107 jako aluzj\u0119, \u017ce opozycja przyczyni\u0142a si\u0119 do wzrostu popularno\u015bci partii Grzegorza Brauna.<\/p>\n<p class=\"ods-c-paragraph \">Przy takim rozk\u0142adzie g\u0142os\u00f3w jak w badaniu Og\u00f3lnopolskiej Grupy Badawczej, Koalicja Obywatelska mog\u0142aby liczy\u0107 na 191 mandat\u00f3w w Sejmie. Prawo i Sprawiedliwo\u015b\u0107 mia\u0142oby 178 miejsc. Z kolei Konfederacja Korony Polskiej zdoby\u0142aby ich 48, a Konfederacja 43. W ten spos\u00f3b prawica mia\u0142aby przewag\u0119 w parlamencie.<\/p>\n","protected":false},"excerpt":{"rendered":"Z najnowszego badania Og\u00f3lnopolskiej Grupy Badawczej wynika, \u017ce gdyby teraz odbywa\u0142y si\u0119 wybory parlamentarne, na najwi\u0119ksz\u0105 liczb\u0119 g\u0142os\u00f3w&hellip;\n","protected":false},"author":2,"featured_media":155928,"comment_status":"","ping_status":"","sticky":false,"template":"","format":"standard","meta":{"footnotes":""},"categories":[12],"tags":[32,33,36,37,1008,27,1006,49,34,35,28,31,48,25,46,42,38,40,39,41,1118,47,29,30,26],"class_list":{"0":"post-155927","1":"post","2":"type-post","3":"status-publish","4":"format-standard","5":"has-post-thumbnail","7":"category-polska","8":"tag-breaking-news","9":"tag-breakingnews","10":"tag-featured-news","11":"tag-featurednews","12":"tag-grzegorz_braun","13":"tag-headlines","14":"tag-konfederacja","15":"tag-kraj","16":"tag-latest-news","17":"tag-latestnews","18":"tag-naglowki","19":"tag-najwazniejsze-artykuly","20":"tag-nat_styl","21":"tag-news","22":"tag-omp","23":"tag-pl","24":"tag-poland","25":"tag-polish","26":"tag-polska","27":"tag-polski","28":"tag-radoslaw_sikorski","29":"tag-screening_general","30":"tag-top-stories","31":"tag-topstories","32":"tag-wiadomosci"},"share_on_mastodon":{"url":"https:\/\/pubeurope.com\/@pl\/115734982450952408","error":""},"_links":{"self":[{"href":"https:\/\/www.europesays.com\/pl\/wp-json\/wp\/v2\/posts\/155927","targetHints":{"allow":["GET"]}}],"collection":[{"href":"https:\/\/www.europesays.com\/pl\/wp-json\/wp\/v2\/posts"}],"about":[{"href":"https:\/\/www.europesays.com\/pl\/wp-json\/wp\/v2\/types\/post"}],"author":[{"embeddable":true,"href":"https:\/\/www.europesays.com\/pl\/wp-json\/wp\/v2\/users\/2"}],"replies":[{"embeddable":true,"href":"https:\/\/www.europesays.com\/pl\/wp-json\/wp\/v2\/comments?post=155927"}],"version-history":[{"count":0,"href":"https:\/\/www.europesays.com\/pl\/wp-json\/wp\/v2\/posts\/155927\/revisions"}],"wp:featuredmedia":[{"embeddable":true,"href":"https:\/\/www.europesays.com\/pl\/wp-json\/wp\/v2\/media\/155928"}],"wp:attachment":[{"href":"https:\/\/www.europesays.com\/pl\/wp-json\/wp\/v2\/media?parent=155927"}],"wp:term":[{"taxonomy":"category","embeddable":true,"href":"https:\/\/www.europesays.com\/pl\/wp-json\/wp\/v2\/categories?post=155927"},{"taxonomy":"post_tag","embeddable":true,"href":"https:\/\/www.europesays.com\/pl\/wp-json\/wp\/v2\/tags?post=155927"}],"curies":[{"name":"wp","href":"https:\/\/api.w.org\/{rel}","templated":true}]}}