{"id":155929,"date":"2025-12-17T12:47:20","date_gmt":"2025-12-17T12:47:20","guid":{"rendered":"https:\/\/www.europesays.com\/pl\/155929\/"},"modified":"2025-12-17T12:47:20","modified_gmt":"2025-12-17T12:47:20","slug":"zmarl-dr-piotr-porzych-portal-informacyjny","status":"publish","type":"post","link":"https:\/\/www.europesays.com\/pl\/155929\/","title":{"rendered":"Zmar\u0142 dr Piotr Porzych &#8211; Portal informacyjny"},"content":{"rendered":"<p>    Na stronach internetowych Uniwersytetu Miko\u0142aja Kopernika s\u0105 stosowane pliki \u201ecookies\u201d zgodnie z<br \/>\n    <a href=\"https:\/\/portal.umk.pl\/pl\/page\/privacy\" rel=\"nofollow noopener\" target=\"_blank\">Polityk\u0105 prywatno\u015bci<\/a>.<br \/>\n        Stosowane przez nas ciasteczka s\u0142u\u017c\u0105 wy\u0142\u0105cznie do poprawienia funkcjonalno\u015bci strony. Zbierane dane s\u0105 przetwarzane w spos\u00f3b zanonimizowany i s\u0142u\u017c\u0105 do budowania analiz i statystyk, na podstawie kt\u00f3rych b\u0119dziemy mogli dostosowa\u0107 spos\u00f3b prezentowanych tre\u015bci do og\u00f3lnych potrzeb u\u017cytkownik\u00f3w oraz podnosi\u0107 ich jako\u015b\u0107. W tym celu korzystamy z narz\u0119dzi Google Analytics, CUX i Facebook Pixel. Poni\u017cej mo\u017cliwo\u015b\u0107 w\u0142\u0105czenia\/wy\u0142\u0105czenia poszczeg\u00f3lnych z nich.<\/p>\n","protected":false},"excerpt":{"rendered":"Na stronach internetowych Uniwersytetu Miko\u0142aja Kopernika s\u0105 stosowane pliki \u201ecookies\u201d zgodnie z Polityk\u0105 prywatno\u015bci. Stosowane przez nas ciasteczka&hellip;\n","protected":false},"author":2,"featured_media":155930,"comment_status":"","ping_status":"","sticky":false,"template":"","format":"standard","meta":{"footnotes":""},"categories":[5],"tags":[32,33,36,37,27,34,35,28,31,25,42,38,40,39,41,29,30,26],"class_list":{"0":"post-155929","1":"post","2":"type-post","3":"status-publish","4":"format-standard","5":"has-post-thumbnail","7":"category-naglowki","8":"tag-breaking-news","9":"tag-breakingnews","10":"tag-featured-news","11":"tag-featurednews","12":"tag-headlines","13":"tag-latest-news","14":"tag-latestnews","15":"tag-naglowki","16":"tag-najwazniejsze-artykuly","17":"tag-news","18":"tag-pl","19":"tag-poland","20":"tag-polish","21":"tag-polska","22":"tag-polski","23":"tag-top-stories","24":"tag-topstories","25":"tag-wiadomosci"},"share_on_mastodon":{"url":"https:\/\/pubeurope.com\/@pl\/115734986415162526","error":""},"_links":{"self":[{"href":"https:\/\/www.europesays.com\/pl\/wp-json\/wp\/v2\/posts\/155929","targetHints":{"allow":["GET"]}}],"collection":[{"href":"https:\/\/www.europesays.com\/pl\/wp-json\/wp\/v2\/posts"}],"about":[{"href":"https:\/\/www.europesays.com\/pl\/wp-json\/wp\/v2\/types\/post"}],"author":[{"embeddable":true,"href":"https:\/\/www.europesays.com\/pl\/wp-json\/wp\/v2\/users\/2"}],"replies":[{"embeddable":true,"href":"https:\/\/www.europesays.com\/pl\/wp-json\/wp\/v2\/comments?post=155929"}],"version-history":[{"count":0,"href":"https:\/\/www.europesays.com\/pl\/wp-json\/wp\/v2\/posts\/155929\/revisions"}],"wp:featuredmedia":[{"embeddable":true,"href":"https:\/\/www.europesays.com\/pl\/wp-json\/wp\/v2\/media\/155930"}],"wp:attachment":[{"href":"https:\/\/www.europesays.com\/pl\/wp-json\/wp\/v2\/media?parent=155929"}],"wp:term":[{"taxonomy":"category","embeddable":true,"href":"https:\/\/www.europesays.com\/pl\/wp-json\/wp\/v2\/categories?post=155929"},{"taxonomy":"post_tag","embeddable":true,"href":"https:\/\/www.europesays.com\/pl\/wp-json\/wp\/v2\/tags?post=155929"}],"curies":[{"name":"wp","href":"https:\/\/api.w.org\/{rel}","templated":true}]}}