{"id":155941,"date":"2025-12-17T12:54:10","date_gmt":"2025-12-17T12:54:10","guid":{"rendered":"https:\/\/www.europesays.com\/pl\/155941\/"},"modified":"2025-12-17T12:54:10","modified_gmt":"2025-12-17T12:54:10","slug":"donald-trump-oglosil-blokade-wenezuelskich-tankowcow","status":"publish","type":"post","link":"https:\/\/www.europesays.com\/pl\/155941\/","title":{"rendered":"Donald Trump og\u0142osi\u0142 blokad\u0119 wenezuelskich tankowc\u00f3w"},"content":{"rendered":"\n<p>&#13;<br \/>\n&#8222;Wenezuela jest ca\u0142kowicie okr\u0105\u017cona przez najwi\u0119ksz\u0105 w\u00a0historii Armad\u0119 sformowan\u0105 w\u00a0Ameryce Po\u0142udniowej. B\u0119dzie ona coraz wi\u0119ksza, a\u00a0szok dla\u00a0nich b\u0119dzie niepor\u00f3wnywalny z\u00a0niczym, co\u00a0widzieli wcze\u015bniej, dop\u00f3ki nie\u00a0zwr\u00f3c\u0105 USA ca\u0142ej ropy, ziemi i\u00a0innych aktyw\u00f3w, kt\u00f3re nam skradli&#8221; \u2013\u00a0napisa\u0142 Trump w\u00a0serwisie Truth Social. &#13;\n<\/p>\n<p>&#13;<br \/>\nPodkre\u015bli\u0142, \u017ce\u00a0&#8222;nielegalny re\u017cim&#8221; Nicolasa Maduro wykorzystuje rop\u0119 &#8222;z\u00a0tych skradzionych p\u00f3l naftowych do\u00a0finansowania samego siebie, terroryzmu narkotykowego, handlu lud\u017ami, morderstw i\u00a0porwa\u0144&#8221;. &#13;\n<\/p>\n<p>&#13;<br \/>\ntwitter&#13;\n<\/p>\n<p>Trump kontra Maduro. B\u0119dzie blokada tankowc\u00f3w <\/p>\n<p>&#13;<br \/>\n&#8222;Ze wzgl\u0119du na\u00a0kradzie\u017c naszych aktyw\u00f3w i\u00a0z\u00a0wielu innych wzgl\u0119d\u00f3w, w\u00a0tym terroryzmu, przemytu narkotyk\u00f3w i\u00a0handlu lud\u017ami, wenezuelski re\u017cim zosta\u0142 uznany za\u00a0ZAGRANICZN\u0104 ORGANIZACJ\u0118 TERRORYSTYCZN\u0104&#8221; \u2013\u00a0zaznaczy\u0142 prezydent USA. &#13;\n<\/p>\n<p>&#13;<br \/>\n&#8222;Dlatego dzi\u015b nakazuj\u0119 PE\u0141N\u0104 I\u00a0CA\u0141KOWIT\u0104 BLOKAD\u0118 WSZYSTKICH OBJ\u0118TYCH SANKCJAMI TANKOWC\u00d3W wp\u0142ywaj\u0105cych do\u00a0i\u00a0wyp\u0142ywaj\u0105cych z\u00a0Wenezueli&#8221; \u2013\u00a0og\u0142osi\u0142. &#13;\n<\/p>\n<p>&#13;<br \/>\nJego zdaniem, &#8222;nielegalni cudzoziemcy i\u00a0kryminali\u015bci, kt\u00f3rych re\u017cim Maduro wys\u0142a\u0142 do\u00a0USA podczas s\u0142abej i\u00a0nieudolnej administracji Bidena, s\u0105 zawracani do\u00a0Wenezueli w\u00a0szybkim tempie&#8221;. &#13;\n<\/p>\n<p>&#13;<br \/>\nPodkre\u015bli\u0142, \u017ce\u00a0Ameryka &#8222;nie pozwoli przest\u0119pcom, terrorystom ani innym pa\u0144stwom okrada\u0107, grozi\u0107 ani krzywdzi\u0107 naszego Narodu, ani te\u017c nie\u00a0pozwoli wrogiemu re\u017cimowi przej\u0105\u0107 naszej ropy, ziemi ani \u017cadnych innych aktyw\u00f3w, kt\u00f3re musz\u0105 zosta\u0107 zwr\u00f3cone Stanom Zjednoczonym NATYCHMIAST&#8221;. &#13;\n<\/p>\n<p>W\u0142adze Wenezueli: USA chc\u0105 przej\u0105\u0107 nasze zasoby ropy <\/p>\n<p>&#13;<br \/>\nRz\u0105d Wenezueli okre\u015bli\u0142 blokad\u0119 tankowc\u00f3w jako &#8222;irracjonaln\u0105&#8221;, a\u00a0gro\u017ab\u0119 Trumpa nazwa\u0142 &#8222;groteskow\u0105&#8221;. Zdaniem re\u017cimu w\u00a0Caracas, USA chc\u0105 przej\u0105\u0107 kontrol\u0119 nad wenezuelskimi z\u0142o\u017cami ropy naftowej, najwi\u0119kszymi na\u00a0\u015bwiecie. &#13;\n<\/p>\n<p>&#13;<br \/>\nKampania Trumpa maj\u0105ca na\u00a0celu wywieranie presji na\u00a0Maduro obj\u0119\u0142a zwi\u0119kszenie obecno\u015bci wojskowej w\u00a0regionie i\u00a0przeprowadzenie ponad dwudziestu atak\u00f3w wojskowych na\u00a0statki transportuj\u0105ce narkotyki na\u00a0Oceanie Spokojnym i\u00a0Morzu Karaibskim w\u00a0pobli\u017cu Wenezueli, w\u00a0wyniku kt\u00f3rych zgin\u0119\u0142o co\u00a0najmniej 90 os\u00f3b \u2013\u00a0przypomina agencja Reutera. &#13;\n<\/p>\n<p>&#13;<br \/>\nPo og\u0142oszeniu przez prezydenta USA blokady wenezuelskich tankowc\u00f3w, ceny ropy na\u00a0globalnych rynkach zacz\u0119\u0142y rosn\u0105\u0107. &#13;\n<\/p>\n<p>&#13;<br \/>\nNajwi\u0119kszym odbiorc\u0105 ropy z\u00a0Wenezueli s\u0105 Chiny, kt\u00f3re w\u00a0grudniu br. importowa\u0142y ok. 600 tys. bary\u0142ek dziennie. &#13;\n<\/p>\n<p>&#13;<br \/>\nCzytaj te\u017c:<br \/><a href=\"https:\/\/dorzeczy.pl\/swiat\/799875\/wenezuela-trump-przygotowuje-ataki-na-lotniska-i-porty.html\" rel=\"follow nofollow noopener\" data-schema=\"DORZECZY\" data-image=\"https:\/\/img.dorzeczy.pl\/_thumb\/d2\/43\/39635cc04d332851c4c8864cc8ec.jpeg\" target=\"_blank\">Trump przygotowuje ataki na\u00a0lotniska i\u00a0porty w\u00a0Wenezueli<\/a>&#13;<\/p>\n","protected":false},"excerpt":{"rendered":"&#13; &#8222;Wenezuela jest ca\u0142kowicie okr\u0105\u017cona przez najwi\u0119ksz\u0105 w\u00a0historii Armad\u0119 sformowan\u0105 w\u00a0Ameryce Po\u0142udniowej. B\u0119dzie ona coraz wi\u0119ksza, a\u00a0szok dla\u00a0nich&hellip;\n","protected":false},"author":2,"featured_media":155942,"comment_status":"","ping_status":"","sticky":false,"template":"","format":"standard","meta":{"footnotes":""},"categories":[5],"tags":[32,33,1347,1835,98,36,37,27,34,35,28,31,25,103,42,38,40,39,41,5343,80,31091,29,30,3008,26],"class_list":{"0":"post-155941","1":"post","2":"type-post","3":"status-publish","4":"format-standard","5":"has-post-thumbnail","7":"category-naglowki","8":"tag-breaking-news","9":"tag-breakingnews","10":"tag-damian-cygan","11":"tag-donald-trump","12":"tag-dorzeczy","13":"tag-featured-news","14":"tag-featurednews","15":"tag-headlines","16":"tag-latest-news","17":"tag-latestnews","18":"tag-naglowki","19":"tag-najwazniejsze-artykuly","20":"tag-news","21":"tag-obserwator-mediow","22":"tag-pl","23":"tag-poland","24":"tag-polish","25":"tag-polska","26":"tag-polski","27":"tag-ropa-naftowa","28":"tag-swiat","29":"tag-tankowce","30":"tag-top-stories","31":"tag-topstories","32":"tag-wenezuela","33":"tag-wiadomosci"},"share_on_mastodon":{"url":"https:\/\/pubeurope.com\/@pl\/115735013950685175","error":""},"_links":{"self":[{"href":"https:\/\/www.europesays.com\/pl\/wp-json\/wp\/v2\/posts\/155941","targetHints":{"allow":["GET"]}}],"collection":[{"href":"https:\/\/www.europesays.com\/pl\/wp-json\/wp\/v2\/posts"}],"about":[{"href":"https:\/\/www.europesays.com\/pl\/wp-json\/wp\/v2\/types\/post"}],"author":[{"embeddable":true,"href":"https:\/\/www.europesays.com\/pl\/wp-json\/wp\/v2\/users\/2"}],"replies":[{"embeddable":true,"href":"https:\/\/www.europesays.com\/pl\/wp-json\/wp\/v2\/comments?post=155941"}],"version-history":[{"count":0,"href":"https:\/\/www.europesays.com\/pl\/wp-json\/wp\/v2\/posts\/155941\/revisions"}],"wp:featuredmedia":[{"embeddable":true,"href":"https:\/\/www.europesays.com\/pl\/wp-json\/wp\/v2\/media\/155942"}],"wp:attachment":[{"href":"https:\/\/www.europesays.com\/pl\/wp-json\/wp\/v2\/media?parent=155941"}],"wp:term":[{"taxonomy":"category","embeddable":true,"href":"https:\/\/www.europesays.com\/pl\/wp-json\/wp\/v2\/categories?post=155941"},{"taxonomy":"post_tag","embeddable":true,"href":"https:\/\/www.europesays.com\/pl\/wp-json\/wp\/v2\/tags?post=155941"}],"curies":[{"name":"wp","href":"https:\/\/api.w.org\/{rel}","templated":true}]}}