{"id":155943,"date":"2025-12-17T12:55:08","date_gmt":"2025-12-17T12:55:08","guid":{"rendered":"https:\/\/www.europesays.com\/pl\/155943\/"},"modified":"2025-12-17T12:55:08","modified_gmt":"2025-12-17T12:55:08","slug":"tyle-zarabia-miesiecznie-w-ekstraklasie","status":"publish","type":"post","link":"https:\/\/www.europesays.com\/pl\/155943\/","title":{"rendered":"tyle zarabia miesi\u0119cznie w Ekstraklasie"},"content":{"rendered":"\n<p class=\"contentpart contentpart--default contentpart--text\" data-position=\"0\">37-letni <a href=\"https:\/\/sportowefakty.wp.pl\/pilka-nozna\/kamil-grosicki\" rel=\"nofollow noopener\" target=\"_blank\">Kamil Grosicki<\/a>, kapitan <a href=\"https:\/\/sportowefakty.wp.pl\/pilka-nozna\/pogon-szczecin\" rel=\"nofollow noopener\" target=\"_blank\">Pogoni Szczecin<\/a>, ma kontrakt z klubem <a href=\"https:\/\/sportowefakty.wp.pl\/pilka-nozna\/pko-ekstraklasa\" rel=\"nofollow noopener\" target=\"_blank\">PKO Ekstraklasy<\/a> wa\u017cny do czerwca 2026 roku.<\/p>\n<p class=\"contentpart contentpart--default contentpart--text\" data-position=\"1\">Obecnie trwaj\u0105 negocjacje w sprawie jego przed\u0142u\u017cenia (<a href=\"https:\/\/sportowefakty.wp.pl\/pilka-nozna\/1225265\/media-pogon-rozczarowala-grosickiego-wypalony-przez-brak-docenienia\" rel=\"nofollow noopener\" target=\"blank\">WI\u0118CEJ TUTAJ<\/a>), jednak propozycja szczeci\u0144skiego klubu nie jest dla reprezentanta Polski satysfakcjonuj\u0105ca, co sprawia, \u017ce &#8211; jak dowiedzia\u0142 si\u0119 portal Meczyki.pl &#8211; czuje si\u0119 on niedoceniony.<\/p>\n<p> <img role=\"presentation\" src=\"https:\/\/std.wpcdn.pl\/images\/adv\/placeholder_wp.svg\" loading=\"lazy\" alt=\"\" decoding=\"async\"\/>  <\/p>\n<p class=\"contentpart contentpart--default contentpart--text\" data-position=\"2\">ZOBACZ WIDEO: Jan Urban jest lepszym selekcjonerem od Jerzego Brz\u0119czka? &#8222;Nie ma odpowiedzi&#8221;<\/p>\n<p class=\"contentpart contentpart--default contentpart--text\" data-position=\"4\">&#8222;Grosik&#8221;\u00a0w Pogoni zarabia bardzo dobre pieni\u0105dze jak na polskie warunki. Niekt\u00f3re media podaj\u0105, \u017ce z bonusami mo\u017ce to by\u0107 nawet 200 tys. z\u0142 miesi\u0119cznie, natomiast Meczyki.pl wspominaj\u0105 o kwocie 150-180 tys. z\u0142.<\/p>\n<p class=\"contentpart contentpart--default contentpart--text\" data-position=\"5\">&#8211; On naprawd\u0119 zarabia, jak na te warunki Ekstraklasy, bardzo godne pieni\u0105dze. M\u00f3wi si\u0119 nawet o 200 tys. z\u0142 miesi\u0119cznie. Mniej, te 150-180 tys. z\u0142, to s\u0105 ca\u0142y czas g\u00f3rne wide\u0142ki, je\u015bli chodzi o Ekstraklas\u0119. My\u015bl\u0119 wi\u0119c, \u017ce si\u0119 dogadaj\u0105 &#8211; skomentowa\u0142 w programie Przegl\u0105du Sportowego Onet &#8222;Misja Futbolu&#8221; dziennikarz sportowy Sebastian Staszewski.<\/p>\n<p class=\"contentpart contentpart--default contentpart--text\" data-position=\"6\">Ekspert doda\u0142, \u017ce obawia si\u0119 tego, \u017ce Grosicki potraktuje spraw\u0119 personalnie.<br \/>&#8211;\u00a0On ma do Pogoni stosunek osobisty i troch\u0119 uwa\u017ca, \u017ce to on ten klub ci\u0105gn\u0105\u0142 na plecach przez ostatnie lata i ma racj\u0119. Natomiast w\u0142a\u015bciciel klubu Alex Haditaghi i inni dzia\u0142acze traktuj\u0105 to jednak jak biznes &#8211; podsumowa\u0142 Staszewski, podkre\u015blaj\u0105c\u00a0\u017ce dla klubu &#8222;wysoka, dwuletnia umowa jest ryzykiem&#8221;.<\/p>\n<p> <img role=\"presentation\" src=\"https:\/\/std.wpcdn.pl\/images\/adv\/placeholder_wp.svg\" loading=\"lazy\" alt=\"\" decoding=\"async\"\/>  <\/p>\n<p class=\"contentpart contentpart--default contentpart--text\" data-position=\"7\">Grosicki, wychowanek Pogoni, kt\u00f3rej obecnie zajmowana pozycja w tabeli PKO Ekstraklasy to dziesi\u0105te miejsce, ma za sob\u0105 udan\u0105 rund\u0119 jesienn\u0105. Wyst\u0105pi\u0142 w osiemnastu ligowych spotkaniach, notuj\u0105c na swoim koncie sze\u015b\u0107 bramek oraz cztery asysty.<\/p>\n","protected":false},"excerpt":{"rendered":"37-letni Kamil Grosicki, kapitan Pogoni Szczecin, ma kontrakt z klubem PKO Ekstraklasy wa\u017cny do czerwca 2026 roku. Obecnie&hellip;\n","protected":false},"author":2,"featured_media":147622,"comment_status":"","ping_status":"","sticky":false,"template":"","format":"standard","meta":{"footnotes":""},"categories":[24],"tags":[9009,11249,269,1724,42,1111,38,40,39,41,127,18683,268,126],"class_list":{"0":"post-155943","1":"post","2":"type-post","3":"status-publish","4":"format-standard","5":"has-post-thumbnail","7":"category-sport","8":"tag-alex-haditaghi","9":"tag-kamil-grosicki","10":"tag-pilka-nozna","11":"tag-pko-ekstraklasa","12":"tag-pl","13":"tag-pogon-szczecin","14":"tag-poland","15":"tag-polish","16":"tag-polska","17":"tag-polski","18":"tag-sport","19":"tag-sportowa-kasa","20":"tag-sportowybar","21":"tag-sports"},"share_on_mastodon":{"url":"https:\/\/pubeurope.com\/@pl\/115735018078908606","error":""},"_links":{"self":[{"href":"https:\/\/www.europesays.com\/pl\/wp-json\/wp\/v2\/posts\/155943","targetHints":{"allow":["GET"]}}],"collection":[{"href":"https:\/\/www.europesays.com\/pl\/wp-json\/wp\/v2\/posts"}],"about":[{"href":"https:\/\/www.europesays.com\/pl\/wp-json\/wp\/v2\/types\/post"}],"author":[{"embeddable":true,"href":"https:\/\/www.europesays.com\/pl\/wp-json\/wp\/v2\/users\/2"}],"replies":[{"embeddable":true,"href":"https:\/\/www.europesays.com\/pl\/wp-json\/wp\/v2\/comments?post=155943"}],"version-history":[{"count":0,"href":"https:\/\/www.europesays.com\/pl\/wp-json\/wp\/v2\/posts\/155943\/revisions"}],"wp:featuredmedia":[{"embeddable":true,"href":"https:\/\/www.europesays.com\/pl\/wp-json\/wp\/v2\/media\/147622"}],"wp:attachment":[{"href":"https:\/\/www.europesays.com\/pl\/wp-json\/wp\/v2\/media?parent=155943"}],"wp:term":[{"taxonomy":"category","embeddable":true,"href":"https:\/\/www.europesays.com\/pl\/wp-json\/wp\/v2\/categories?post=155943"},{"taxonomy":"post_tag","embeddable":true,"href":"https:\/\/www.europesays.com\/pl\/wp-json\/wp\/v2\/tags?post=155943"}],"curies":[{"name":"wp","href":"https:\/\/api.w.org\/{rel}","templated":true}]}}