{"id":155952,"date":"2025-12-17T13:00:09","date_gmt":"2025-12-17T13:00:09","guid":{"rendered":"https:\/\/www.europesays.com\/pl\/155952\/"},"modified":"2025-12-17T13:00:09","modified_gmt":"2025-12-17T13:00:09","slug":"od-1-stycznia-reforma-ortografii-w-szkolach-nauczyciel-bedzie-jak-policjant","status":"publish","type":"post","link":"https:\/\/www.europesays.com\/pl\/155952\/","title":{"rendered":"Od 1 stycznia reforma ortografii w szko\u0142ach. Nauczyciel &#8222;b\u0119dzie jak policjant&#8221;"},"content":{"rendered":"<p class=\"hyphenate \" data-text-len=\"278\" data-scroll=\"paragraph_2\">S\u0142ownik j\u0119zyka polskiego, uwzgl\u0119dniaj\u0105cy now\u0105 pisowni\u0119 gotowy b\u0119dzie dopiero za rok. Do tego czasu poloni\u015bci i uczniowie b\u0119d\u0105 musieli radzi\u0107 sobie bez tego narz\u0119dzia i korzysta\u0107 z regu\u0142, kt\u00f3re opublikowane zosta\u0142y na stronie internetowej Rady J\u0119zyka Polskiego. <\/p>\n<p>    Nauczyciel: &#8222;B\u0119d\u0119 jak policjant&#8221;<\/p>\n<p class=\"hyphenate \" data-text-len=\"510\" data-scroll=\"paragraph_4\">Co b\u0119d\u0105 robi\u0107 poloni\u015bci? Zamierzaj\u0105 obni\u017ca\u0107 ocen\u0119 za star\u0105 pisowni\u0119? B\u0119d\u0119 post\u0119powa\u0142 jak policjant. Gdy zmieniaj\u0105 si\u0119 przepisy ruchu, to policjanci najpierw udzielaj\u0105 upomnienia, bez wi\u0119kszych konsekwencji. Sprawdzaj\u0105c prace czy wypracowania uczni\u00f3w, na marginesie zielonym kolorem b\u0119d\u0119 wi\u0119c pisa\u0107, jaka regu\u0142a teraz obowi\u0105zuje, ale na pewno nie b\u0119d\u0119 obni\u017ca\u0142 ocen \u2013 m\u00f3wi w rozmowie z RadioZET.pl Adam Ejnik, polonista w SP nr 1 w \u017burominie.<\/p>\n<p class=\"hyphenate \" data-text-len=\"306\" data-scroll=\"paragraph_5\">Taryf\u0119 ulgow\u0105 b\u0119dzie stosowa\u0142 do ko\u0144ca roku szkolnego. Ta zmiana w przysz\u0142o\u015bci ma nam wiele u\u0142atwi\u0107 i mam nadziej\u0119, \u017ce tak si\u0119 stanie, ale na razie trzeba b\u0119dzie przej\u015b\u0107 przez pierwsze trudy. Wiadomo, \u017ce okres przej\u015bciowy nigdy nie jest \u0142atwy \u2013 doda\u0142 nauczyciel.<\/p>\n<p>    Chaos i samowolka w szko\u0142ach?<\/p>\n<p class=\"hyphenate \" data-text-len=\"609\" data-scroll=\"paragraph_7\">Na razie nie ma jasnych wytycznych dla <a href=\"https:\/\/www.dziennik.pl\/tagi\/nauczyciele\" id=\"2eef7255-defb-4c18-b1c1-1841ec07dbcd\" title=\"nauczyciele\" rel=\"nofollow noopener\" target=\"_blank\">nauczycieli<\/a>, jak maj\u0105 si\u0119 zachowa\u0107 w takich przypadkach, co mo\u017ce wywo\u0142a\u0107 chaos: jeden nauczyciel b\u0119dzie podkre\u015bla\u0107 b\u0142\u0119dy, kt\u00f3re do tej pory by\u0142y poprawn\u0105 pisowni\u0105, a drugi ignorowa\u0107. U\u0142atwieniem nie jest fakt, \u017ce podr\u0119czniki s\u0105 napisane zgodnie ze star\u0105 pisowni\u0105. Problemem, mog\u0105 by\u0107 zw\u0142aszcza \u0107wiczenia do nauki ortografii.O tym, \u017ce b\u0119dziemy mie\u0107 zmieniane podr\u0119czniki, nie mamy informacji \u2013 powiedzia\u0142 Ejnik.<\/p>\n<p class=\"hyphenate \" data-text-len=\"604\" data-scroll=\"paragraph_8\">Centralna Komisja Egzaminacyjna wyda\u0142a komunikat w sprawie oceniania poprawno\u015bci ortograficznej w pracach egzaminacyjnych po wej\u015bciu w \u017cycie uchwa\u0142 Rady J\u0119zyka Polskiego. &#8222;W latach 2026\u20132030 w ocenie poprawno\u015bci ortograficznej w pracach egzaminacyjnych egzaminu \u00f3smoklasisty, egzaminu maturalnego oraz egzamin\u00f3w eksternistycznych akceptowane b\u0119d\u0105 zar\u00f3wno obecnie obowi\u0105zuj\u0105ce, jak i nowe zasady zapisu&#8221; \u2013 poinformowa\u0142 dyrektor CKE, dra hab. Robert Zakrzewski. Nowe zasady ortografii, b\u0119d\u0105 jedynymi obowi\u0105zuj\u0105cymi pocz\u0105wszy od roku 2031.<\/p>\n<p>    Prof. Jan Miodek ma rad\u0119 dla nauczycieli<\/p>\n<p class=\"hyphenate \" data-text-len=\"669\" data-scroll=\"paragraph_10\">Prof. Jan Miodek, j\u0119zykoznawca, kt\u00f3ry &#8211; jako cz\u0142onek Rady J\u0119zyka Polskiego przy Prezydium PAN &#8211; bra\u0142 udzia\u0142 w przygotowywaniu zmian, ma rad\u0119 dla nauczycieli. Zach\u0119cam nauczycieli, by dali uczniom czas na przyswojenie nowo\u015bci, nie podkre\u015blali od razu b\u0142\u0119du pi\u0119cioma czerwonymi kreskami. Warto te\u017c pami\u0119ta\u0107, \u017ce jest ogromna r\u00f3\u017cnica mi\u0119dzy &#8222;przyjacielem&#8221; napisanym b\u0142\u0119dnie przez &#8222;sz&#8221;, a &#8222;na pewno&#8221; napisanym z b\u0142\u0119dem, czyli \u0142\u0105cznie. No co tu du\u017co m\u00f3wi\u0107: dla mnie zasady dotycz\u0105ce tego drugiego przyk\u0142adu s\u0105 po\u015bledniejszej rangi. Chodzi o to, \u017ce s\u0105 umowne, a nie wynikaj\u0105 z historii j\u0119zyka &#8211; wyja\u015bni\u0142 prof. Miodek w rozmowie z Wroc\u0142aw.pl.<\/p>\n","protected":false},"excerpt":{"rendered":"S\u0142ownik j\u0119zyka polskiego, uwzgl\u0119dniaj\u0105cy now\u0105 pisowni\u0119 gotowy b\u0119dzie dopiero za rok. Do tego czasu poloni\u015bci i uczniowie b\u0119d\u0105&hellip;\n","protected":false},"author":2,"featured_media":155953,"comment_status":"","ping_status":"","sticky":false,"template":"","format":"standard","meta":{"footnotes":""},"categories":[12],"tags":[32,33,36,37,27,34,35,28,31,25,42,38,40,39,41,29,30,26],"class_list":{"0":"post-155952","1":"post","2":"type-post","3":"status-publish","4":"format-standard","5":"has-post-thumbnail","7":"category-polska","8":"tag-breaking-news","9":"tag-breakingnews","10":"tag-featured-news","11":"tag-featurednews","12":"tag-headlines","13":"tag-latest-news","14":"tag-latestnews","15":"tag-naglowki","16":"tag-najwazniejsze-artykuly","17":"tag-news","18":"tag-pl","19":"tag-poland","20":"tag-polish","21":"tag-polska","22":"tag-polski","23":"tag-top-stories","24":"tag-topstories","25":"tag-wiadomosci"},"share_on_mastodon":{"url":"https:\/\/pubeurope.com\/@pl\/115735037725732792","error":""},"_links":{"self":[{"href":"https:\/\/www.europesays.com\/pl\/wp-json\/wp\/v2\/posts\/155952","targetHints":{"allow":["GET"]}}],"collection":[{"href":"https:\/\/www.europesays.com\/pl\/wp-json\/wp\/v2\/posts"}],"about":[{"href":"https:\/\/www.europesays.com\/pl\/wp-json\/wp\/v2\/types\/post"}],"author":[{"embeddable":true,"href":"https:\/\/www.europesays.com\/pl\/wp-json\/wp\/v2\/users\/2"}],"replies":[{"embeddable":true,"href":"https:\/\/www.europesays.com\/pl\/wp-json\/wp\/v2\/comments?post=155952"}],"version-history":[{"count":0,"href":"https:\/\/www.europesays.com\/pl\/wp-json\/wp\/v2\/posts\/155952\/revisions"}],"wp:featuredmedia":[{"embeddable":true,"href":"https:\/\/www.europesays.com\/pl\/wp-json\/wp\/v2\/media\/155953"}],"wp:attachment":[{"href":"https:\/\/www.europesays.com\/pl\/wp-json\/wp\/v2\/media?parent=155952"}],"wp:term":[{"taxonomy":"category","embeddable":true,"href":"https:\/\/www.europesays.com\/pl\/wp-json\/wp\/v2\/categories?post=155952"},{"taxonomy":"post_tag","embeddable":true,"href":"https:\/\/www.europesays.com\/pl\/wp-json\/wp\/v2\/tags?post=155952"}],"curies":[{"name":"wp","href":"https:\/\/api.w.org\/{rel}","templated":true}]}}